{"id":35483,"date":"2020-12-21T00:00:00","date_gmt":"2020-12-20T23:00:00","guid":{"rendered":"https:\/\/imagazine.it\/?p=35483"},"modified":"2020-12-21T00:00:00","modified_gmt":"2020-12-20T23:00:00","slug":"a-ronchi-collettiva-darte-per-beneficenza","status":"publish","type":"post","link":"https:\/\/imagazine.it\/home_desk\/a-ronchi-collettiva-darte-per-beneficenza\/","title":{"rendered":"A Ronchi collettiva d&#8217;arte per beneficenza"},"content":{"rendered":"<p>L&#39;Associazione Cattolica Lavoratori Italiani (A.C.L.I.) di <strong>Ronchi dei Legionari<\/strong> ha allestito nel giardino del circolo in via San Lorenzo 3, dietro al bar, un semplice ma significativo presepe, sotto l&#39;abete ormai centenario.<\/p>\n<p>Inaugurata anche la collettiva di pittura &#8220;Dipingi il Natale&#8221;, alla quale partecipano le opere di <strong>Antonella Delbianco, Vera Fragiacomo, Denise Mora, Roberta Nardini, Egle Tarasic, Gianna Ustulin <\/strong>e<strong> Jana Puisto Maarit<\/strong>, pittrice nonch\u00e9 ingegnere di origini finlandesi che ha sposato un italiano, il pittore ronchese Gianni Segatto. Lo stesso Segatto ha dipinto tutte le statue del singolare presepe, alla cui realizzazione hanno contributo nelle loro competenze anche <strong>Fiorenzo Boscarol, Claudio Furlan, Ervino Glereani, Livio Trevisan e Marco Zilli<\/strong>.<\/p>\n<p>La rassegna potr\u00e0 essere visitata fino a domenica 24 gennaio nelle giornate di luned\u00ec dalle 11 alle 18, mentre nelle giornate dal marted\u00ec al sabato dalle 8 alle 18, nei giorni festivi dalle 8.30 alle 18.<\/p>\n<p>Per l&#39;occasione \u00e8 stata promossa una raccolta fondi in favore della locale \u201cCaritas San Lorenzo\u201d.<\/p>\n","protected":false},"excerpt":{"rendered":"<p>Inaugurato anche il presepe<\/p>\n","protected":false},"author":22,"featured_media":35484,"comment_status":"closed","ping_status":"closed","sticky":false,"template":"","format":"standard","meta":{"dwc-title":[],"dwc-content":[],"footnotes":""},"categories":[5],"tags":[],"class_list":["post-35483","post","type-post","status-publish","format-standard","has-post-thumbnail","hentry","category-attualita"],"rttpg_featured_image_url":{"full":["https:\/\/imagazine.it\/wp-content\/uploads\/2024\/01\/37513-1.webp",1000,642,false],"landscape":["https:\/\/imagazine.it\/wp-content\/uploads\/2024\/01\/37513-1.webp",1000,642,false],"portraits":["https:\/\/imagazine.it\/wp-content\/uploads\/2024\/01\/37513-1.webp",1000,642,false],"thumbnail":["https:\/\/imagazine.it\/wp-content\/uploads\/2024\/01\/37513-1-150x150.webp",150,150,true],"medium":["https:\/\/imagazine.it\/wp-content\/uploads\/2024\/01\/37513-1-300x193.webp",300,193,true],"large":["https:\/\/imagazine.it\/wp-content\/uploads\/2024\/01\/37513-1.webp",640,411,false],"thumblist":["https:\/\/imagazine.it\/wp-content\/uploads\/2024\/01\/37513-1.webp",300,193,false],"thumbrelated":["https:\/\/imagazine.it\/wp-content\/uploads\/2024\/01\/37513-1.webp",500,321,false],"meccarouselthumb":["https:\/\/imagazine.it\/wp-content\/uploads\/2024\/01\/37513-1.webp",474,304,false],"gridsquare":["https:\/\/imagazine.it\/wp-content\/uploads\/2024\/01\/37513-1.webp",391,251,false],"tileview":["https:\/\/imagazine.it\/wp-content\/uploads\/2024\/01\/37513-1.webp",300,193,false],"1536x1536":["https:\/\/imagazine.it\/wp-content\/uploads\/2024\/01\/37513-1.webp",1000,642,false],"2048x2048":["https:\/\/imagazine.it\/wp-content\/uploads\/2024\/01\/37513-1.webp",1000,642,false],"newsup-slider-full":["https:\/\/imagazine.it\/wp-content\/uploads\/2024\/01\/37513-1.webp",1000,642,false],"newsup-featured":["https:\/\/imagazine.it\/wp-content\/uploads\/2024\/01\/37513-1.webp",1000,642,false],"newsup-medium":["https:\/\/imagazine.it\/wp-content\/uploads\/2024\/01\/37513-1-720x380.webp",720,380,true],"tptn_thumbnail":["https:\/\/imagazine.it\/wp-content\/uploads\/2024\/01\/37513-1.webp",250,161,false],"sow-carousel-default":["https:\/\/imagazine.it\/wp-content\/uploads\/2024\/01\/37513-1-272x182.webp",272,182,true]},"rttpg_author":{"display_name":"Livio Nonis","author_link":"https:\/\/imagazine.it\/home_desk\/author\/nonis\/"},"rttpg_comment":0,"rttpg_category":"<a href=\"https:\/\/imagazine.it\/home_desk\/category\/attualita\/\" rel=\"category tag\">ATTUALIT\u00c0<\/a>","rttpg_excerpt":"Inaugurato anche il presepe","_links":{"self":[{"href":"https:\/\/imagazine.it\/home_desk\/wp-json\/wp\/v2\/posts\/35483","targetHints":{"allow":["GET"]}}],"collection":[{"href":"https:\/\/imagazine.it\/home_desk\/wp-json\/wp\/v2\/posts"}],"about":[{"href":"https:\/\/imagazine.it\/home_desk\/wp-json\/wp\/v2\/types\/post"}],"author":[{"embeddable":true,"href":"https:\/\/imagazine.it\/home_desk\/wp-json\/wp\/v2\/users\/22"}],"replies":[{"embeddable":true,"href":"https:\/\/imagazine.it\/home_desk\/wp-json\/wp\/v2\/comments?post=35483"}],"version-history":[{"count":0,"href":"https:\/\/imagazine.it\/home_desk\/wp-json\/wp\/v2\/posts\/35483\/revisions"}],"wp:featuredmedia":[{"embeddable":true,"href":"https:\/\/imagazine.it\/home_desk\/wp-json\/wp\/v2\/media\/35484"}],"wp:attachment":[{"href":"https:\/\/imagazine.it\/home_desk\/wp-json\/wp\/v2\/media?parent=35483"}],"wp:term":[{"taxonomy":"category","embeddable":true,"href":"https:\/\/imagazine.it\/home_desk\/wp-json\/wp\/v2\/categories?post=35483"},{"taxonomy":"post_tag","embeddable":true,"href":"https:\/\/imagazine.it\/home_desk\/wp-json\/wp\/v2\/tags?post=35483"}],"curies":[{"name":"wp","href":"https:\/\/api.w.org\/{rel}","templated":true}]}}