{"id":35481,"date":"2020-12-22T00:00:00","date_gmt":"2020-12-21T23:00:00","guid":{"rendered":"https:\/\/imagazine.it\/?p=35481"},"modified":"2020-12-22T00:00:00","modified_gmt":"2020-12-21T23:00:00","slug":"trieste-later-avvia-la-rimozione-dei-mezzi-abbandonati","status":"publish","type":"post","link":"https:\/\/imagazine.it\/home_desk\/trieste-later-avvia-la-rimozione-dei-mezzi-abbandonati\/","title":{"rendered":"Trieste, l&#8217;Ater avvia la rimozione dei mezzi abbandonati"},"content":{"rendered":"<p>Avviate a <strong>Trieste<\/strong> le rimozioni dei mezzi abbandonati nei parcheggi di via Grego (Case dei Puffi), dove alcune auto, ridotte a rottami, <strong>stazionavano da oltre 20 anni<\/strong>.\u00a0<\/p>\n<p>Le prime 18 sono state portate via dal carroattrezzi e appartengono principalmente a persone decedute e senza eredi.<\/p>\n<p>Ma complessivamente sono 74 i veicoli abbandonati rilevati sia in via Grego che in altri <strong>parcheggi Ater<\/strong>, in particolare nel comprensorio di Valmaura. Ai proprietari \u00e8 stato inoltrato un avviso nelle scorse settimane. Rischiano una <strong>multa di 600 euro<\/strong> se non provvederanno a spostare i mezzi.\u00a0<\/p>\n<p>L\u2019avvio delle rimozioni \u00e8 stato possibile grazie a un preciso protocollo, siglato da Ater, su imput del presidente <strong>Riccardo Novacco<\/strong>, e dal Comune, con il \u201cbraccio operativo\u201d della Polizia Locale, ricordato oggi nel corso di una conferenza stampa sul posto.\u00a0<\/p>\n<p>\u201cSi tratta di una svolta importante &#8211; ha sottolineato Novacco &#8211; anche per lanciare un messaggio, affinch\u00e9 questo fenomeno non si ripresenti pi\u00f9. Per questo abbiamo posizionato anche una chiara segnaletica, che avverte tutti sulla necessit\u00e0 di rispettare le regole\u201d.<\/p>\n<p>Collocati nei parcheggi grandi cartelli con l\u2019avviso in evidenza che ricorda come il posteggio sia riservato ai residenti, e poi il divieto di abbandonare i veicoli, e che quelli considerati rottami verranno rimossi con l&#39;imputazione delle relative spese a carico dei proprietari.\u00a0<\/p>\n<p>\u201cTutto questo \u00e8 la dimostrazione che le cose si possono fare &#8211; ha sottolineato il vicesindaco di Trieste, <strong>Paolo Polidori<\/strong> &#8211; nel momento in cui le istituzioni hanno la volont\u00e0 di risolvere un problema. Questo \u00e8 un intervento epocale, a fronte di un disagio che va avanti da decenni. Grazie al presidente Novacco che si \u00e8 subito speso per trovare una soluzione, in una situazione dove il fronte burocratico non era semplice. E sicuramente rappresenter\u00e0 anche un deterrente per il futuro. Un grazie doveroso anche all\u2019attivit\u00e0 messa in campo dalla Polizia Locale\u201d.<\/p>\n<p>\u201cUn problema \u2013 ha aggiunto l\u2019assessore comunale <strong>Luisa Polli<\/strong> &#8211; che riguardava anche l\u2019ambiente. Il comandante della Polizia Locale, <strong>Walter Milocchi<\/strong>, ha invece ringraziato tutto il personale coinvolto sul campo.\u00a0<\/p>\n<p>I primi due mezzi portati via, a margine della conferenza stampa, sono stai una vettura e un mini van.\u00a0<\/p>\n<p><a href=\"http:\/\/imagazinevideotruck.it\/outlet\/relink_euro.html\" target=\"_top\" rel=\"noopener\"><img loading=\"lazy\" decoding=\"async\" align=\"LEFT\" height=\"250\" src=\"http:\/\/imagazinevideotruck.it\/outlet\/euromobili_banner_art.jpg\" width=\"300\" alt=\"\" title=\"\"><\/a><\/p>\n<p>\u00a0<\/p>\n<p>\u00a0<\/p>\n<p>\u00a0<\/p>\n<p>\u00a0<\/p>\n<p>\u00a0<\/p>\n<p>\u00a0<\/p>\n<p>\u00a0<\/p>\n<p>\u00a0<\/p>\n<p>\u00a0<\/p>\n<p>Presenti all\u2019avvio delle rimozioni, che proseguiranno nei prossimi giorni, anche il direttore di Ater, <strong>Franco Korenika<\/strong>, il responsabile della parte tecnica per Ater, <strong>Franco Romano<\/strong>, e il presidente della VII circoscrizione, <strong>Stefano Bernobich<\/strong>.<\/p>\n","protected":false},"excerpt":{"rendered":"<p>Alcuni stazionavano da oltre 20 anni<\/p>\n","protected":false},"author":28,"featured_media":35482,"comment_status":"closed","ping_status":"closed","sticky":false,"template":"","format":"standard","meta":{"dwc-title":[],"dwc-content":[],"footnotes":""},"categories":[5],"tags":[],"class_list":["post-35481","post","type-post","status-publish","format-standard","has-post-thumbnail","hentry","category-attualita"],"rttpg_featured_image_url":{"full":["https:\/\/imagazine.it\/wp-content\/uploads\/2024\/01\/37507-1.webp",1000,750,false],"landscape":["https:\/\/imagazine.it\/wp-content\/uploads\/2024\/01\/37507-1.webp",1000,750,false],"portraits":["https:\/\/imagazine.it\/wp-content\/uploads\/2024\/01\/37507-1.webp",1000,750,false],"thumbnail":["https:\/\/imagazine.it\/wp-content\/uploads\/2024\/01\/37507-1-150x150.webp",150,150,true],"medium":["https:\/\/imagazine.it\/wp-content\/uploads\/2024\/01\/37507-1-300x225.webp",300,225,true],"large":["https:\/\/imagazine.it\/wp-content\/uploads\/2024\/01\/37507-1.webp",640,480,false],"thumblist":["https:\/\/imagazine.it\/wp-content\/uploads\/2024\/01\/37507-1.webp",300,225,false],"thumbrelated":["https:\/\/imagazine.it\/wp-content\/uploads\/2024\/01\/37507-1.webp",500,375,false],"meccarouselthumb":["https:\/\/imagazine.it\/wp-content\/uploads\/2024\/01\/37507-1.webp",432,324,false],"gridsquare":["https:\/\/imagazine.it\/wp-content\/uploads\/2024\/01\/37507-1.webp",347,260,false],"tileview":["https:\/\/imagazine.it\/wp-content\/uploads\/2024\/01\/37507-1.webp",300,225,false],"1536x1536":["https:\/\/imagazine.it\/wp-content\/uploads\/2024\/01\/37507-1.webp",1000,750,false],"2048x2048":["https:\/\/imagazine.it\/wp-content\/uploads\/2024\/01\/37507-1.webp",1000,750,false],"newsup-slider-full":["https:\/\/imagazine.it\/wp-content\/uploads\/2024\/01\/37507-1-1000x720.webp",1000,720,true],"newsup-featured":["https:\/\/imagazine.it\/wp-content\/uploads\/2024\/01\/37507-1.webp",1000,750,false],"newsup-medium":["https:\/\/imagazine.it\/wp-content\/uploads\/2024\/01\/37507-1-720x380.webp",720,380,true],"tptn_thumbnail":["https:\/\/imagazine.it\/wp-content\/uploads\/2024\/01\/37507-1.webp",250,188,false],"sow-carousel-default":["https:\/\/imagazine.it\/wp-content\/uploads\/2024\/01\/37507-1-272x182.webp",272,182,true]},"rttpg_author":{"display_name":"redazione","author_link":"https:\/\/imagazine.it\/home_desk\/author\/redazione\/"},"rttpg_comment":0,"rttpg_category":"<a href=\"https:\/\/imagazine.it\/home_desk\/category\/attualita\/\" rel=\"category tag\">ATTUALIT\u00c0<\/a>","rttpg_excerpt":"Alcuni stazionavano da oltre 20 anni","_links":{"self":[{"href":"https:\/\/imagazine.it\/home_desk\/wp-json\/wp\/v2\/posts\/35481","targetHints":{"allow":["GET"]}}],"collection":[{"href":"https:\/\/imagazine.it\/home_desk\/wp-json\/wp\/v2\/posts"}],"about":[{"href":"https:\/\/imagazine.it\/home_desk\/wp-json\/wp\/v2\/types\/post"}],"author":[{"embeddable":true,"href":"https:\/\/imagazine.it\/home_desk\/wp-json\/wp\/v2\/users\/28"}],"replies":[{"embeddable":true,"href":"https:\/\/imagazine.it\/home_desk\/wp-json\/wp\/v2\/comments?post=35481"}],"version-history":[{"count":0,"href":"https:\/\/imagazine.it\/home_desk\/wp-json\/wp\/v2\/posts\/35481\/revisions"}],"wp:featuredmedia":[{"embeddable":true,"href":"https:\/\/imagazine.it\/home_desk\/wp-json\/wp\/v2\/media\/35482"}],"wp:attachment":[{"href":"https:\/\/imagazine.it\/home_desk\/wp-json\/wp\/v2\/media?parent=35481"}],"wp:term":[{"taxonomy":"category","embeddable":true,"href":"https:\/\/imagazine.it\/home_desk\/wp-json\/wp\/v2\/categories?post=35481"},{"taxonomy":"post_tag","embeddable":true,"href":"https:\/\/imagazine.it\/home_desk\/wp-json\/wp\/v2\/tags?post=35481"}],"curies":[{"name":"wp","href":"https:\/\/api.w.org\/{rel}","templated":true}]}}