{"id":35479,"date":"2020-12-22T00:00:00","date_gmt":"2020-12-21T23:00:00","guid":{"rendered":"https:\/\/imagazine.it\/?p=35479"},"modified":"2020-12-22T00:00:00","modified_gmt":"2020-12-21T23:00:00","slug":"gorizia-a-natale-pranzi-gratuiti-agli-anziani-soli","status":"publish","type":"post","link":"https:\/\/imagazine.it\/home_desk\/gorizia-a-natale-pranzi-gratuiti-agli-anziani-soli\/","title":{"rendered":"Gorizia, a Natale pranzi gratuiti agli anziani soli"},"content":{"rendered":"<p>L\u2019amministrazione comunale di Gorizia ha attivato, anche per il giorno di Natale, il servizio per la consegna di pasti a domicilio alle persone che gi\u00e0 lo utilizzano. Si tratta di anziani che spesso abitano da soli ma anche degli inquilini del Centro Anziani, del servizio di Emergenza abitativa e altri seguiti dal servizio TiSostengo.<\/p>\n<p>Complessivamente circa 200 persone\u00a0riceveranno il pranzo gratuitamente.<\/p>\n<p>\u201cQuest\u2019\u2019anno &#8211; evidenziano il sindaco <strong>Rodolfo Ziberna<\/strong> e l\u2019assessore al welfare <strong>Silvana Romano<\/strong> &#8211; non c\u2019\u00e8 alcuna possibilit\u00e0 di creare momenti di incontro, anche se solo per scambi di auguri ma, tanto pi\u00f9, si corre il rischio che alcuni anziani possano avere la sensazione di essere soli e abbandonati. Per questo, fin dalla comparsa di questa terribile pandemia, abbiamo attivato tutti gli strumenti possibili per riuscire a far sentire loro la vicinanza delle istituzioni, che diventa una vicinanza umana nel momento in cui gli fai capire che ti prendi cura di loro e che per qualsiasi problema c\u2019\u00e8 qualcuno che arriva ad aiutarli. Avevamo gi\u00e0 programmato da tempo questo servizio nel caso in cui la situazione fosse diventata pi\u00f9 difficile, com\u2019\u00e8 accaduto, e oggi siamo in grado di assicurare ai nostri \u201cnonni\u201d il pranzo natalizio gratuito\u201d.<\/p>\n<p><a href=\"http:\/\/imagazinevideotruck.it\/outlet\/relink.html\" target=\"_top\" rel=\"noopener\"><img loading=\"lazy\" decoding=\"async\" align=\"LEFT\" height=\"250\" src=\"http:\/\/imagazinevideotruck.it\/outlet\/outlet30.gif\" width=\"300\" alt=\"\" title=\"\"><\/a><\/p>\n<p>\u00a0<\/p>\n<p>\u00a0<\/p>\n<p>\u00a0<\/p>\n<p>\u00a0<\/p>\n<p>\u00a0<\/p>\n<p>\u00a0<\/p>\n<p>\u00a0<\/p>\n<p>\u00a0<\/p>\n<p>\u00a0<\/p>\n<p>Ziberna e Romano, inoltre, confermano che la cosiddetta \u201csala degli abbracci\u201d sar\u00e0 attivata entro la fine dell\u2019anno nella casa di riposo Culot, \u201cdove &#8211; ricordano- non c\u2019\u00e8 stato, a oggi, alcun caso positivo e si continua a ricevere nuovi ospiti seguendo tutte le procedure anti contagio\u201d.<\/p>\n","protected":false},"excerpt":{"rendered":"<p>Iniziativa del Comune<\/p>\n","protected":false},"author":28,"featured_media":35480,"comment_status":"closed","ping_status":"closed","sticky":false,"template":"","format":"standard","meta":{"dwc-title":[],"dwc-content":[],"footnotes":""},"categories":[5],"tags":[],"class_list":["post-35479","post","type-post","status-publish","format-standard","has-post-thumbnail","hentry","category-attualita"],"rttpg_featured_image_url":{"full":["https:\/\/imagazine.it\/wp-content\/uploads\/2024\/01\/37506-1.webp",1000,667,false],"landscape":["https:\/\/imagazine.it\/wp-content\/uploads\/2024\/01\/37506-1.webp",1000,667,false],"portraits":["https:\/\/imagazine.it\/wp-content\/uploads\/2024\/01\/37506-1.webp",1000,667,false],"thumbnail":["https:\/\/imagazine.it\/wp-content\/uploads\/2024\/01\/37506-1-150x150.webp",150,150,true],"medium":["https:\/\/imagazine.it\/wp-content\/uploads\/2024\/01\/37506-1-300x200.webp",300,200,true],"large":["https:\/\/imagazine.it\/wp-content\/uploads\/2024\/01\/37506-1.webp",640,427,false],"thumblist":["https:\/\/imagazine.it\/wp-content\/uploads\/2024\/01\/37506-1.webp",300,200,false],"thumbrelated":["https:\/\/imagazine.it\/wp-content\/uploads\/2024\/01\/37506-1.webp",500,334,false],"meccarouselthumb":["https:\/\/imagazine.it\/wp-content\/uploads\/2024\/01\/37506-1.webp",474,316,false],"gridsquare":["https:\/\/imagazine.it\/wp-content\/uploads\/2024\/01\/37506-1.webp",391,260,false],"tileview":["https:\/\/imagazine.it\/wp-content\/uploads\/2024\/01\/37506-1.webp",300,200,false],"1536x1536":["https:\/\/imagazine.it\/wp-content\/uploads\/2024\/01\/37506-1.webp",1000,667,false],"2048x2048":["https:\/\/imagazine.it\/wp-content\/uploads\/2024\/01\/37506-1.webp",1000,667,false],"newsup-slider-full":["https:\/\/imagazine.it\/wp-content\/uploads\/2024\/01\/37506-1.webp",1000,667,false],"newsup-featured":["https:\/\/imagazine.it\/wp-content\/uploads\/2024\/01\/37506-1.webp",1000,667,false],"newsup-medium":["https:\/\/imagazine.it\/wp-content\/uploads\/2024\/01\/37506-1-720x380.webp",720,380,true],"tptn_thumbnail":["https:\/\/imagazine.it\/wp-content\/uploads\/2024\/01\/37506-1.webp",250,167,false],"sow-carousel-default":["https:\/\/imagazine.it\/wp-content\/uploads\/2024\/01\/37506-1-272x182.webp",272,182,true]},"rttpg_author":{"display_name":"redazione","author_link":"https:\/\/imagazine.it\/home_desk\/author\/redazione\/"},"rttpg_comment":0,"rttpg_category":"<a href=\"https:\/\/imagazine.it\/home_desk\/category\/attualita\/\" rel=\"category tag\">ATTUALIT\u00c0<\/a>","rttpg_excerpt":"Iniziativa del Comune","_links":{"self":[{"href":"https:\/\/imagazine.it\/home_desk\/wp-json\/wp\/v2\/posts\/35479","targetHints":{"allow":["GET"]}}],"collection":[{"href":"https:\/\/imagazine.it\/home_desk\/wp-json\/wp\/v2\/posts"}],"about":[{"href":"https:\/\/imagazine.it\/home_desk\/wp-json\/wp\/v2\/types\/post"}],"author":[{"embeddable":true,"href":"https:\/\/imagazine.it\/home_desk\/wp-json\/wp\/v2\/users\/28"}],"replies":[{"embeddable":true,"href":"https:\/\/imagazine.it\/home_desk\/wp-json\/wp\/v2\/comments?post=35479"}],"version-history":[{"count":0,"href":"https:\/\/imagazine.it\/home_desk\/wp-json\/wp\/v2\/posts\/35479\/revisions"}],"wp:featuredmedia":[{"embeddable":true,"href":"https:\/\/imagazine.it\/home_desk\/wp-json\/wp\/v2\/media\/35480"}],"wp:attachment":[{"href":"https:\/\/imagazine.it\/home_desk\/wp-json\/wp\/v2\/media?parent=35479"}],"wp:term":[{"taxonomy":"category","embeddable":true,"href":"https:\/\/imagazine.it\/home_desk\/wp-json\/wp\/v2\/categories?post=35479"},{"taxonomy":"post_tag","embeddable":true,"href":"https:\/\/imagazine.it\/home_desk\/wp-json\/wp\/v2\/tags?post=35479"}],"curies":[{"name":"wp","href":"https:\/\/api.w.org\/{rel}","templated":true}]}}