{"id":35461,"date":"2020-12-21T00:00:00","date_gmt":"2020-12-20T23:00:00","guid":{"rendered":"https:\/\/imagazine.it\/?p=35461"},"modified":"2020-12-21T00:00:00","modified_gmt":"2020-12-20T23:00:00","slug":"pordenone-nuova-partnership-per-promuovere-il-territorio-attraverso-la-cultura","status":"publish","type":"post","link":"https:\/\/imagazine.it\/home_desk\/pordenone-nuova-partnership-per-promuovere-il-territorio-attraverso-la-cultura\/","title":{"rendered":"Pordenone, nuova partnership per promuovere il territorio attraverso la cultura"},"content":{"rendered":"<p><strong>Fondazione Friuli e Fondazione Pordenonelegge <\/strong>hanno stretto un<strong> accordo triennale <\/strong>dedicato alla diffusione della cultura e alla promozione del territorio.<\/p>\n<p>Il nuovo <strong>protocollo di partnership<\/strong>, sottoscritto oggi a Pordenone, <strong>fino al 2023<\/strong> vedr\u00e0 le due Fondazioni impegnate nell\u2019ideazione e organizzazione di iniziative comuni nel corso dell\u2019anno sia al di fuori del tradizionale periodo di svolgimento di pordenonelegge, la Festa del Libro con gli Autori che si svolge la terza settimana di settembre, sia al di fuori nell\u2019ambito cittadino all\u2019interno del territorio friulano toccando anche localit\u00e0 dell\u2019udinese.<\/p>\n<p>Siglato dai presidenti<strong> Giuseppe Morandini e Michelangelo Agrusti<\/strong>, l\u2019Accordo di Partnership fra Fondazione Friuli e Fondazione Pordenonelegge consolida una storica collaborazione, che nel tempo si \u00e8 in particolare concentrata nell\u2019ambito di pordenonelegge anche attraverso iniziative sinergiche prefigurate attraverso la rappresentanza di Fondazione Friuli nel Comitato di Coordinamento Strategico di Fondazione Pordenonelegge.<\/p>\n<p>In vista del prossimo triennio Fondazione Friuli si attiver\u00e0 per condividere con Fondazione Pordenonelegge un networking finalizzato alla progettazione e al supporto delle nuove iniziative previste innanzitutto per il 2021, 2022 e 2023.<\/p>\n<p>\u00abSi tratta di una Convenzione prestigiosa e sfidante che siamo orgogliosi di sottoscrivere con uno dei pilastri nella diffusione della cultura nella nostra regione\u201d, ha commentato <strong>Giuseppe Morandini<\/strong>, presidente di Fondazione Friuli.<\/p>\n<p>\u201cIn tanti anni di lavoro e passione &#8211; ha aggiunto &#8211; le persone di Pordenonelegge sono riuscite a creare interesse nazionale e anche internazionale sulla citt\u00e0, facendo diventare Pordenone un vero modello di un\u2019offerta che parte s\u00ec dalla cultura ma che riesce a coinvolgere in maniera sinergica tutti gli ambiti sociali ed economici della comunit\u00e0. Ed \u00e8 un modello che con questa nuova convenzione puntiamo a rafforzare e a sviluppare in un ambito geografico pi\u00f9 ampio\u00bb.<\/p>\n<p><a href=\"http:\/\/imagazinevideotruck.it\/outlet\/relink_euro.html\" target=\"_top\" rel=\"noopener\"><img loading=\"lazy\" decoding=\"async\" align=\"LEFT\" height=\"250\" src=\"http:\/\/imagazinevideotruck.it\/outlet\/euromobili_banner_art.jpg\" width=\"300\" alt=\"\" title=\"\"><\/a><\/p>\n<p>\u00a0<\/p>\n<p>\u00a0<\/p>\n<p>\u00a0<\/p>\n<p>\u00a0<\/p>\n<p>\u00a0<\/p>\n<p>\u00a0<\/p>\n<p>\u00a0<\/p>\n<p>\u00a0<\/p>\n<p>\u00a0<\/p>\n<p>\u00abCi \u00e8 sembrato fortemente simbolico calendarizzare la sottoscrizione del nuovo Accordo di partnership in dirittura d\u2019arrivo del 2020 \u2013 ha osservato il presidente di Fondazione Pordenonelegge <strong>Michelangelo Agrusti<\/strong> \u2013 alle soglie di un nuovo anno che tutti ci auguriamo foriero di migliori opportunit\u00e0 per un settore, quello della promozione culturale, fortemente penalizzato in questi mesi, costretto a dare prova di resilienza e agile riorganizzazione per raggiungere il suo pubblico almeno sul piano digitale. \u00c8 chiaro a tutti che la cultura \u00e8 un valore sociale ma anche un formidabile volano economico per il territorio: in questa prospettiva abbiamo voluto confrontarci, con Fondazione Friuli, per un Accordo che confidiamo sia utile per il pubblico e al tempo stesso per gli operatori e stakeholders della \u201cfiliera\u201d regionale di cultura e turismo\u00bb.\u00a0<\/p>\n","protected":false},"excerpt":{"rendered":"<p>Nel prossimo triennio<\/p>\n","protected":false},"author":28,"featured_media":35462,"comment_status":"closed","ping_status":"closed","sticky":false,"template":"","format":"standard","meta":{"dwc-title":[],"dwc-content":[],"footnotes":""},"categories":[37],"tags":[],"class_list":["post-35461","post","type-post","status-publish","format-standard","has-post-thumbnail","hentry","category-cultura-e-spettacolo"],"rttpg_featured_image_url":{"full":["https:\/\/imagazine.it\/wp-content\/uploads\/2024\/01\/37479-1.webp",1000,750,false],"landscape":["https:\/\/imagazine.it\/wp-content\/uploads\/2024\/01\/37479-1.webp",1000,750,false],"portraits":["https:\/\/imagazine.it\/wp-content\/uploads\/2024\/01\/37479-1.webp",1000,750,false],"thumbnail":["https:\/\/imagazine.it\/wp-content\/uploads\/2024\/01\/37479-1-150x150.webp",150,150,true],"medium":["https:\/\/imagazine.it\/wp-content\/uploads\/2024\/01\/37479-1-300x225.webp",300,225,true],"large":["https:\/\/imagazine.it\/wp-content\/uploads\/2024\/01\/37479-1.webp",640,480,false],"thumblist":["https:\/\/imagazine.it\/wp-content\/uploads\/2024\/01\/37479-1.webp",300,225,false],"thumbrelated":["https:\/\/imagazine.it\/wp-content\/uploads\/2024\/01\/37479-1.webp",500,375,false],"meccarouselthumb":["https:\/\/imagazine.it\/wp-content\/uploads\/2024\/01\/37479-1.webp",432,324,false],"gridsquare":["https:\/\/imagazine.it\/wp-content\/uploads\/2024\/01\/37479-1.webp",347,260,false],"tileview":["https:\/\/imagazine.it\/wp-content\/uploads\/2024\/01\/37479-1.webp",300,225,false],"1536x1536":["https:\/\/imagazine.it\/wp-content\/uploads\/2024\/01\/37479-1.webp",1000,750,false],"2048x2048":["https:\/\/imagazine.it\/wp-content\/uploads\/2024\/01\/37479-1.webp",1000,750,false],"newsup-slider-full":["https:\/\/imagazine.it\/wp-content\/uploads\/2024\/01\/37479-1-1000x720.webp",1000,720,true],"newsup-featured":["https:\/\/imagazine.it\/wp-content\/uploads\/2024\/01\/37479-1.webp",1000,750,false],"newsup-medium":["https:\/\/imagazine.it\/wp-content\/uploads\/2024\/01\/37479-1-720x380.webp",720,380,true],"tptn_thumbnail":["https:\/\/imagazine.it\/wp-content\/uploads\/2024\/01\/37479-1.webp",250,188,false],"sow-carousel-default":["https:\/\/imagazine.it\/wp-content\/uploads\/2024\/01\/37479-1-272x182.webp",272,182,true]},"rttpg_author":{"display_name":"redazione","author_link":"https:\/\/imagazine.it\/home_desk\/author\/redazione\/"},"rttpg_comment":0,"rttpg_category":"<a href=\"https:\/\/imagazine.it\/home_desk\/category\/cultura-e-spettacolo\/\" rel=\"category tag\">CULTURA&amp;SPETTACOLO<\/a>","rttpg_excerpt":"Nel prossimo triennio","_links":{"self":[{"href":"https:\/\/imagazine.it\/home_desk\/wp-json\/wp\/v2\/posts\/35461","targetHints":{"allow":["GET"]}}],"collection":[{"href":"https:\/\/imagazine.it\/home_desk\/wp-json\/wp\/v2\/posts"}],"about":[{"href":"https:\/\/imagazine.it\/home_desk\/wp-json\/wp\/v2\/types\/post"}],"author":[{"embeddable":true,"href":"https:\/\/imagazine.it\/home_desk\/wp-json\/wp\/v2\/users\/28"}],"replies":[{"embeddable":true,"href":"https:\/\/imagazine.it\/home_desk\/wp-json\/wp\/v2\/comments?post=35461"}],"version-history":[{"count":0,"href":"https:\/\/imagazine.it\/home_desk\/wp-json\/wp\/v2\/posts\/35461\/revisions"}],"wp:featuredmedia":[{"embeddable":true,"href":"https:\/\/imagazine.it\/home_desk\/wp-json\/wp\/v2\/media\/35462"}],"wp:attachment":[{"href":"https:\/\/imagazine.it\/home_desk\/wp-json\/wp\/v2\/media?parent=35461"}],"wp:term":[{"taxonomy":"category","embeddable":true,"href":"https:\/\/imagazine.it\/home_desk\/wp-json\/wp\/v2\/categories?post=35461"},{"taxonomy":"post_tag","embeddable":true,"href":"https:\/\/imagazine.it\/home_desk\/wp-json\/wp\/v2\/tags?post=35461"}],"curies":[{"name":"wp","href":"https:\/\/api.w.org\/{rel}","templated":true}]}}