{"id":35407,"date":"2020-12-15T00:00:00","date_gmt":"2020-12-14T23:00:00","guid":{"rendered":"https:\/\/imagazine.it\/?p=35407"},"modified":"2020-12-15T00:00:00","modified_gmt":"2020-12-14T23:00:00","slug":"mittelfest-raddoppia-e-lancia-il-sistema-cividale","status":"publish","type":"post","link":"https:\/\/imagazine.it\/home_desk\/mittelfest-raddoppia-e-lancia-il-sistema-cividale\/","title":{"rendered":"Mittelfest raddoppia e lancia il &#8220;Sistema Cividale&#8221;"},"content":{"rendered":"<p>Presentata online l\u2019edizione 2021 di <strong>Mittelfest<\/strong> alla presenza dell\u2019assessore regionale alla Cultura, <strong>Tiziana Gibelli<\/strong>, del sindaco di Cividale del Friuli, <strong>Daniela Bernardi<\/strong>, del presidente di Mittelfest, <strong>Roberto Corciulo<\/strong>, del direttore artistico della manifestazione, <strong>Giacomo Pedini<\/strong>, e del presidente di Italiafestival, <strong>Francesco Maria Perrotta<\/strong>.<\/p>\n<p>L&#39;obiettivo, condiviso e supportato dai soci di Mittelfest &#8211; Regione Friuli Venezia Giulia, Comune di Cividale, CiviBank, Ert Fvg -, dalla Fondazione Friuli e con il sostegno del Mibact, \u00e8 quello di rilanciare una visione capace di imprimere una nuova energia all&#39;evento.<\/p>\n<p>In questa nuova visione vanno le sinergie strette da Mittelfest in questi ultimi mesi, siglando oltre 30 nuovi accordi, rafforzando partnership internazionali esistenti e avviando il &#8220;sistema Cividale&#8221; e una stretta collaborazione con importanti interlocutori culturali della regione.<\/p>\n<p>A partire dal 2021 e per il prossimo triennio, Mittelfest per un verso proseguir\u00e0 la sua missione di Festival internazionale multidisciplinare (teatro, musica, danza, marionette) che vive dall&#39;incontro fra l&#39;Italia, l&#39;area mitteleuropea e quella balcanica, con una nuova collocazione temporale nel periodo che va <strong>dal 27 agosto al 5 settembre 2021<\/strong>.<\/p>\n<p>A ci\u00f2 si aggiunger\u00e0 <strong>MittelYoung<\/strong>, <strong>dal 24 al 27 giugno<\/strong>, il cui obiettivo \u00e8 quello di far emergere la giovane creativit\u00e0 mitteleuropea (under 30), Italia compresa, e dell\u2019area balcanica. Durante il festival di giugno saranno poi individuati tre titoli (teatro, musica e danza) da riprogrammare, tra il 27 agosto e il 5 settembre, dentro Mittelfest.<\/p>\n<p><a href=\"http:\/\/imagazinevideotruck.it\/outlet\/relink.html\" target=\"_top\" rel=\"noopener\"><img loading=\"lazy\" decoding=\"async\" align=\"LEFT\" height=\"250\" src=\"http:\/\/imagazinevideotruck.it\/outlet\/outlet30.gif\" width=\"300\" alt=\"\" title=\"\"><\/a><\/p>\n<p>\u00a0<\/p>\n<p>\u00a0<\/p>\n<p>\u00a0<\/p>\n<p>\u00a0<\/p>\n<p>\u00a0<\/p>\n<p>\u00a0<\/p>\n<p>\u00a0<\/p>\n<p>\u00a0<\/p>\n<p>\u00a0<\/p>\n<p>MittelfestLand costruir\u00e0 un percorso di eventi di spettacolo dal vivo che attraverseranno in particolare il mese di luglio e la prima met\u00e0 di agosto secondo un&#39;ottica di turismo culturale e di co-programmazione.<\/p>\n<p>&#8220;L&#39;anno che sta per iniziare e che dar\u00e0 il via ai 30 anni di vita di Mittelfest &#8211; ha affermato l&#39;assessore Gibelli &#8211; potr\u00e0 mettere in atto un&#39;importante svolta per la manifestazione. Superata la fase in cui gli organizzatori hanno dovuto &#8220;osare&#8221; per allestire i loro programmi in uno scenario pandemico, il passo successivo \u00e8 quello che prevede di far leva su pazienza e tenacia. La prima consente di sapersi adattare a ci\u00f2 che accade mentre la tenacia serve per poter perseguire l&#39;obiettivo. La pazienza, inoltre, ci deve aiutare a resistere in situazione obiettivamente non facile: il fatto che nel 2021 Mittelfest proietti per l&#39;intero anno la sua attivit\u00e0 rassicura chi fruisce di cultura&#8221;.<\/p>\n<p>Mittelfest a Cividale del Friuli dal 27 agosto al 5 settembre sar\u00e0 il momento di culmine di un percorso di maggiore respiro che sottolineer\u00e0 il valore culturale della storica manifestazione, riconosciuta come festival multidisciplinare dal Mibact, nonch\u00e9 dalla lunga appartenenza alle associazioni di categoria nazionali, ItaliaFestival, e internazionali, European Festival Association (Efa). Nei giorni del festival avranno luogo tre importanti eventi, due a Cividale &#8211; un board di Efa e una tavola rotonda sul nascente progetto di hub dei festival del Mediterraneo &#8211; e uno a Pordenone: l&#39;assemblea generale di ItaliaFestival.<\/p>\n","protected":false},"excerpt":{"rendered":"<p>In programma dal 27 agosto al 5 settembre 2021<\/p>\n","protected":false},"author":28,"featured_media":35408,"comment_status":"closed","ping_status":"closed","sticky":false,"template":"","format":"standard","meta":{"dwc-title":[],"dwc-content":[],"footnotes":""},"categories":[37],"tags":[],"class_list":["post-35407","post","type-post","status-publish","format-standard","has-post-thumbnail","hentry","category-cultura-e-spettacolo"],"rttpg_featured_image_url":{"full":["https:\/\/imagazine.it\/wp-content\/uploads\/2024\/01\/37376-1.webp",1000,667,false],"landscape":["https:\/\/imagazine.it\/wp-content\/uploads\/2024\/01\/37376-1.webp",1000,667,false],"portraits":["https:\/\/imagazine.it\/wp-content\/uploads\/2024\/01\/37376-1.webp",1000,667,false],"thumbnail":["https:\/\/imagazine.it\/wp-content\/uploads\/2024\/01\/37376-1-150x150.webp",150,150,true],"medium":["https:\/\/imagazine.it\/wp-content\/uploads\/2024\/01\/37376-1-300x200.webp",300,200,true],"large":["https:\/\/imagazine.it\/wp-content\/uploads\/2024\/01\/37376-1.webp",640,427,false],"thumblist":["https:\/\/imagazine.it\/wp-content\/uploads\/2024\/01\/37376-1.webp",300,200,false],"thumbrelated":["https:\/\/imagazine.it\/wp-content\/uploads\/2024\/01\/37376-1.webp",500,334,false],"meccarouselthumb":["https:\/\/imagazine.it\/wp-content\/uploads\/2024\/01\/37376-1.webp",474,316,false],"gridsquare":["https:\/\/imagazine.it\/wp-content\/uploads\/2024\/01\/37376-1.webp",391,260,false],"tileview":["https:\/\/imagazine.it\/wp-content\/uploads\/2024\/01\/37376-1.webp",300,200,false],"1536x1536":["https:\/\/imagazine.it\/wp-content\/uploads\/2024\/01\/37376-1.webp",1000,667,false],"2048x2048":["https:\/\/imagazine.it\/wp-content\/uploads\/2024\/01\/37376-1.webp",1000,667,false],"newsup-slider-full":["https:\/\/imagazine.it\/wp-content\/uploads\/2024\/01\/37376-1.webp",1000,667,false],"newsup-featured":["https:\/\/imagazine.it\/wp-content\/uploads\/2024\/01\/37376-1.webp",1000,667,false],"newsup-medium":["https:\/\/imagazine.it\/wp-content\/uploads\/2024\/01\/37376-1-720x380.webp",720,380,true],"tptn_thumbnail":["https:\/\/imagazine.it\/wp-content\/uploads\/2024\/01\/37376-1.webp",250,167,false],"sow-carousel-default":["https:\/\/imagazine.it\/wp-content\/uploads\/2024\/01\/37376-1-272x182.webp",272,182,true]},"rttpg_author":{"display_name":"redazione","author_link":"https:\/\/imagazine.it\/home_desk\/author\/redazione\/"},"rttpg_comment":0,"rttpg_category":"<a href=\"https:\/\/imagazine.it\/home_desk\/category\/cultura-e-spettacolo\/\" rel=\"category tag\">CULTURA&amp;SPETTACOLO<\/a>","rttpg_excerpt":"In programma dal 27 agosto al 5 settembre 2021","_links":{"self":[{"href":"https:\/\/imagazine.it\/home_desk\/wp-json\/wp\/v2\/posts\/35407","targetHints":{"allow":["GET"]}}],"collection":[{"href":"https:\/\/imagazine.it\/home_desk\/wp-json\/wp\/v2\/posts"}],"about":[{"href":"https:\/\/imagazine.it\/home_desk\/wp-json\/wp\/v2\/types\/post"}],"author":[{"embeddable":true,"href":"https:\/\/imagazine.it\/home_desk\/wp-json\/wp\/v2\/users\/28"}],"replies":[{"embeddable":true,"href":"https:\/\/imagazine.it\/home_desk\/wp-json\/wp\/v2\/comments?post=35407"}],"version-history":[{"count":0,"href":"https:\/\/imagazine.it\/home_desk\/wp-json\/wp\/v2\/posts\/35407\/revisions"}],"wp:featuredmedia":[{"embeddable":true,"href":"https:\/\/imagazine.it\/home_desk\/wp-json\/wp\/v2\/media\/35408"}],"wp:attachment":[{"href":"https:\/\/imagazine.it\/home_desk\/wp-json\/wp\/v2\/media?parent=35407"}],"wp:term":[{"taxonomy":"category","embeddable":true,"href":"https:\/\/imagazine.it\/home_desk\/wp-json\/wp\/v2\/categories?post=35407"},{"taxonomy":"post_tag","embeddable":true,"href":"https:\/\/imagazine.it\/home_desk\/wp-json\/wp\/v2\/tags?post=35407"}],"curies":[{"name":"wp","href":"https:\/\/api.w.org\/{rel}","templated":true}]}}