{"id":35405,"date":"2020-12-15T00:00:00","date_gmt":"2020-12-14T23:00:00","guid":{"rendered":"https:\/\/imagazine.it\/?p=35405"},"modified":"2020-12-15T00:00:00","modified_gmt":"2020-12-14T23:00:00","slug":"una-rana-e-una-mosca-contro-il-coronavirus","status":"publish","type":"post","link":"https:\/\/imagazine.it\/home_desk\/una-rana-e-una-mosca-contro-il-coronavirus\/","title":{"rendered":"Una rana e una mosca contro il Coronavirus"},"content":{"rendered":"<p>Il progetto educativo \u201c<em>Free&#038;Ulli e lis besteatis<\/em>\u201d, realizzato dall\u2019ARLeF in collaborazione con la Protezione Civile, cresce ancora e raggiunge le scuole friulane.<\/p>\n<p>Dopo il cartone animato (pubblicato sui social e disponibile sul canale YouTube dell\u2019ARLeF) e la scheda a fumetti (distribuita nei centri estivi comunali), \u00e8 ora la volta del poster, che proprio in questi giorni \u00e8 stato recapitato a tutte le scuole primarie e dell\u2019infanzia, affinch\u00e9 venga affisso in ogni aula e nei corridoi dell\u2019istituto.<\/p>\n<p><a href=\"http:\/\/imagazinevideotruck.it\/outlet\/relink.html\" target=\"_top\" rel=\"noopener\"><img loading=\"lazy\" decoding=\"async\" align=\"LEFT\" height=\"250\" src=\"http:\/\/imagazinevideotruck.it\/outlet\/outlet30.gif\" width=\"300\" alt=\"\" title=\"\"><\/a><\/p>\n<p>\u00a0<\/p>\n<p>\u00a0<\/p>\n<p>\u00a0<\/p>\n<p>\u00a0<\/p>\n<p>\u00a0<\/p>\n<p>\u00a0<\/p>\n<p>\u00a0<\/p>\n<p>\u00a0<\/p>\n<p>\u00a0<\/p>\n<p>\u00abAbbiamo voluto mettere il poster a disposizione di tutte le classi di lingua friulana del territorio &#8211; spiega il presidente dell\u2019ARLeF, <strong>Eros Cisilino<\/strong> &#8211; nella certezza che una volta appeso in aula, e grazie alla collaborazione degli insegnanti, esso possa rappresentare un utile supporto ludico e didattico nell\u2019educazione alla salute dei pi\u00f9 piccoli. Abbiamo gi\u00e0 ricevuto molti riscontri positivi a questa campagna educativa, perch\u00e9 rappresenta uno strumento efficace nell\u2019incoraggiare i bambini ad assimilare molte abitudini corrette. La promozione della salute per mezzo della lingua friulana \u00e8 uno degli interventi specifici su cui ARLeF si sta adoperando attivamente fin dall\u2019inizio dell\u2019emergenza sanitaria, in stretta collaborazione con la Protezione Civile e la Direzione Salute della Regione\u00bb.<\/p>\n","protected":false},"excerpt":{"rendered":"<p>Progetto \u201cFree&#038;Ulli e lis besteatis\u201d<\/p>\n","protected":false},"author":28,"featured_media":35406,"comment_status":"closed","ping_status":"closed","sticky":false,"template":"","format":"standard","meta":{"dwc-title":[],"dwc-content":[],"footnotes":""},"categories":[6],"tags":[],"class_list":["post-35405","post","type-post","status-publish","format-standard","has-post-thumbnail","hentry","category-societa"],"rttpg_featured_image_url":{"full":["https:\/\/imagazine.it\/wp-content\/uploads\/2024\/01\/37375-1.webp",1000,682,false],"landscape":["https:\/\/imagazine.it\/wp-content\/uploads\/2024\/01\/37375-1.webp",1000,682,false],"portraits":["https:\/\/imagazine.it\/wp-content\/uploads\/2024\/01\/37375-1.webp",1000,682,false],"thumbnail":["https:\/\/imagazine.it\/wp-content\/uploads\/2024\/01\/37375-1-150x150.webp",150,150,true],"medium":["https:\/\/imagazine.it\/wp-content\/uploads\/2024\/01\/37375-1-300x205.webp",300,205,true],"large":["https:\/\/imagazine.it\/wp-content\/uploads\/2024\/01\/37375-1.webp",640,436,false],"thumblist":["https:\/\/imagazine.it\/wp-content\/uploads\/2024\/01\/37375-1.webp",300,205,false],"thumbrelated":["https:\/\/imagazine.it\/wp-content\/uploads\/2024\/01\/37375-1.webp",500,341,false],"meccarouselthumb":["https:\/\/imagazine.it\/wp-content\/uploads\/2024\/01\/37375-1.webp",474,324,false],"gridsquare":["https:\/\/imagazine.it\/wp-content\/uploads\/2024\/01\/37375-1.webp",381,260,false],"tileview":["https:\/\/imagazine.it\/wp-content\/uploads\/2024\/01\/37375-1.webp",300,205,false],"1536x1536":["https:\/\/imagazine.it\/wp-content\/uploads\/2024\/01\/37375-1.webp",1000,682,false],"2048x2048":["https:\/\/imagazine.it\/wp-content\/uploads\/2024\/01\/37375-1.webp",1000,682,false],"newsup-slider-full":["https:\/\/imagazine.it\/wp-content\/uploads\/2024\/01\/37375-1.webp",1000,682,false],"newsup-featured":["https:\/\/imagazine.it\/wp-content\/uploads\/2024\/01\/37375-1.webp",1000,682,false],"newsup-medium":["https:\/\/imagazine.it\/wp-content\/uploads\/2024\/01\/37375-1-720x380.webp",720,380,true],"tptn_thumbnail":["https:\/\/imagazine.it\/wp-content\/uploads\/2024\/01\/37375-1.webp",250,171,false],"sow-carousel-default":["https:\/\/imagazine.it\/wp-content\/uploads\/2024\/01\/37375-1-272x182.webp",272,182,true]},"rttpg_author":{"display_name":"redazione","author_link":"https:\/\/imagazine.it\/home_desk\/author\/redazione\/"},"rttpg_comment":0,"rttpg_category":"<a href=\"https:\/\/imagazine.it\/home_desk\/category\/societa\/\" rel=\"category tag\">SOCIET\u00c0<\/a>","rttpg_excerpt":"Progetto \u201cFree&Ulli e lis besteatis\u201d","_links":{"self":[{"href":"https:\/\/imagazine.it\/home_desk\/wp-json\/wp\/v2\/posts\/35405","targetHints":{"allow":["GET"]}}],"collection":[{"href":"https:\/\/imagazine.it\/home_desk\/wp-json\/wp\/v2\/posts"}],"about":[{"href":"https:\/\/imagazine.it\/home_desk\/wp-json\/wp\/v2\/types\/post"}],"author":[{"embeddable":true,"href":"https:\/\/imagazine.it\/home_desk\/wp-json\/wp\/v2\/users\/28"}],"replies":[{"embeddable":true,"href":"https:\/\/imagazine.it\/home_desk\/wp-json\/wp\/v2\/comments?post=35405"}],"version-history":[{"count":0,"href":"https:\/\/imagazine.it\/home_desk\/wp-json\/wp\/v2\/posts\/35405\/revisions"}],"wp:featuredmedia":[{"embeddable":true,"href":"https:\/\/imagazine.it\/home_desk\/wp-json\/wp\/v2\/media\/35406"}],"wp:attachment":[{"href":"https:\/\/imagazine.it\/home_desk\/wp-json\/wp\/v2\/media?parent=35405"}],"wp:term":[{"taxonomy":"category","embeddable":true,"href":"https:\/\/imagazine.it\/home_desk\/wp-json\/wp\/v2\/categories?post=35405"},{"taxonomy":"post_tag","embeddable":true,"href":"https:\/\/imagazine.it\/home_desk\/wp-json\/wp\/v2\/tags?post=35405"}],"curies":[{"name":"wp","href":"https:\/\/api.w.org\/{rel}","templated":true}]}}