{"id":35401,"date":"2020-12-14T00:00:00","date_gmt":"2020-12-13T23:00:00","guid":{"rendered":"https:\/\/imagazine.it\/?p=35401"},"modified":"2020-12-14T00:00:00","modified_gmt":"2020-12-13T23:00:00","slug":"fedriga-a-natale-solo-nel-proprio-nucleo-familiare","status":"publish","type":"post","link":"https:\/\/imagazine.it\/home_desk\/fedriga-a-natale-solo-nel-proprio-nucleo-familiare\/","title":{"rendered":"Fedriga: &#8220;A Natale solo nel proprio nucleo familiare&#8221;"},"content":{"rendered":"<p>Non recarsi nelle abitazioni di nuclei familiari diversi dal proprio.<\/p>\n<p>\u00c8 questo l&#39;appello lanciato oggi dal governatore del Friuli Venezia Giulia, <strong>Massimiliano Fedriga<\/strong>, durante la conferenza stampa sull&#39;andamento dell&#39;emergenza Covid-19, alla quale ha partecipato anche il vicegovernatore con delega alla Salute, <strong>Riccardo Riccardi<\/strong>.<\/p>\n<p>\u201cOggi \u2013 ha sottolineato Fedriga \u2013 la prospettiva di vaccinazione contro il Covid-19 \u00e8 pi\u00f9 vicina, ma dobbiamo tenere duro per fare in modo che il sistema sanitario, gi\u00e0 sotto stress, non debba reggere l&#39;urto di una eventuale terza ondata del virus partendo da una situazione ancora pi\u00f9 complessa dell&#39;attuale&#8221;.<\/p>\n<p> Il governatore ha spiegato che &#8220;il Friuli Venezia Giulia \u00e8 la Regione che esegue il pi\u00f9 alto numero di tamponi molecolari, ovvero quelli pi\u00f9 affidabili. Uno sforzo enorme, orientato all&#39;individuazione del maggior numero di persone contagiate per contenere la diffusione dell&#39;epidemia e riuscire cos\u00ec a tenere in equilibrio l&#39;esigenza di tutela della salute e la difesa delle attivit\u00e0 produttive. Si tratta di una battaglia nella quale ci dobbiamo proteggere a vicenda, perch\u00e9 senza una tutela reciproca il virus si diffonderebbe in maniera incontrollabile: auspico quindi che anche nel periodo natalizio, nel quale per altro circola anche la normale influenza, i cittadini del Friuli Venezia Giulia continuino a dimostrare il forte senso di responsabilit\u00e0 che li ha caratterizzati finora&#8221;.<\/p>\n<p><a href=\"http:\/\/imagazinevideotruck.it\/outlet\/relink_euro.html\" target=\"_top\" rel=\"noopener\"><img loading=\"lazy\" decoding=\"async\" align=\"LEFT\" height=\"250\" src=\"http:\/\/imagazinevideotruck.it\/outlet\/euromobili_banner_art.jpg\" width=\"300\" alt=\"\" title=\"\"><\/a><\/p>\n<p>\u00a0<\/p>\n<p>\u00a0<\/p>\n<p>\u00a0<\/p>\n<p>\u00a0<\/p>\n<p>\u00a0<\/p>\n<p>\u00a0<\/p>\n<p>\u00a0<\/p>\n<p>\u00a0<\/p>\n<p>\u00a0<\/p>\n<p>Confermato che con l\u2019inizio del nuovo anno prender\u00e0 avvio la campagna vaccinale. \u201cCi siamo gi\u00e0 dotati di frigoriferi adatti a conservare il vaccino prodotto dalla Pfizer e attendiamo la consegna di dosi sufficienti a immunizzare 56 mila persone: a partire dagli operatori sociosanitari e dagli ospiti delle strutture residenziali per anziani. In questo modo tuteleremo per prime le persone che si prendono cura degli ammalati, mettendo in sicurezza il sistema sanitario e i soggetti pi\u00f9 a rischio&#8221;.<\/p>\n<p>Fedriga ha annunciato che &#8220;a breve partir\u00e0 la campagna d&#39;adesione alla vaccinazione tra gli operatori sanitari e spero che l&#39;adesione sia il pi\u00f9 alta possibile. Personalmente posso comprendere che alcuni cittadini abbiano dei dubbi sui vaccini, ma in questo caso l&#39;Istituto superiore di sanit\u00e0 ha testato il vaccino su una platea molto ampia di soggetti e, anche se le procedure autorizzative sono state accelerate, dobbiamo fidarci di chi \u00e8 chiamato a fare queste valutazioni. Ogni farmaco pu\u00f2 avere, in alcuni casi, effetti indesiderati ma in questo caso credo che i pro siano decisamente superiori ai contro e anzi ritengo che serva un chiarimento sul fatto che alcune nazioni abbiano gi\u00e0 dato il via alle vaccinazioni, dato che in questa situazione il tempo \u00e8 un elemento chiave per salvare le vite delle persone&#8221;.<\/p>\n","protected":false},"excerpt":{"rendered":"<p>L&#8217;appello alla cittadinanza<\/p>\n","protected":false},"author":28,"featured_media":35402,"comment_status":"closed","ping_status":"closed","sticky":false,"template":"","format":"standard","meta":{"dwc-title":[],"dwc-content":[],"footnotes":""},"categories":[5],"tags":[],"class_list":["post-35401","post","type-post","status-publish","format-standard","has-post-thumbnail","hentry","category-attualita"],"rttpg_featured_image_url":{"full":["https:\/\/imagazine.it\/wp-content\/uploads\/2024\/01\/37367-1.webp",1000,669,false],"landscape":["https:\/\/imagazine.it\/wp-content\/uploads\/2024\/01\/37367-1.webp",1000,669,false],"portraits":["https:\/\/imagazine.it\/wp-content\/uploads\/2024\/01\/37367-1.webp",1000,669,false],"thumbnail":["https:\/\/imagazine.it\/wp-content\/uploads\/2024\/01\/37367-1-150x150.webp",150,150,true],"medium":["https:\/\/imagazine.it\/wp-content\/uploads\/2024\/01\/37367-1-300x201.webp",300,201,true],"large":["https:\/\/imagazine.it\/wp-content\/uploads\/2024\/01\/37367-1.webp",640,428,false],"thumblist":["https:\/\/imagazine.it\/wp-content\/uploads\/2024\/01\/37367-1.webp",300,201,false],"thumbrelated":["https:\/\/imagazine.it\/wp-content\/uploads\/2024\/01\/37367-1.webp",500,335,false],"meccarouselthumb":["https:\/\/imagazine.it\/wp-content\/uploads\/2024\/01\/37367-1.webp",474,317,false],"gridsquare":["https:\/\/imagazine.it\/wp-content\/uploads\/2024\/01\/37367-1.webp",389,260,false],"tileview":["https:\/\/imagazine.it\/wp-content\/uploads\/2024\/01\/37367-1.webp",300,201,false],"1536x1536":["https:\/\/imagazine.it\/wp-content\/uploads\/2024\/01\/37367-1.webp",1000,669,false],"2048x2048":["https:\/\/imagazine.it\/wp-content\/uploads\/2024\/01\/37367-1.webp",1000,669,false],"newsup-slider-full":["https:\/\/imagazine.it\/wp-content\/uploads\/2024\/01\/37367-1.webp",1000,669,false],"newsup-featured":["https:\/\/imagazine.it\/wp-content\/uploads\/2024\/01\/37367-1.webp",1000,669,false],"newsup-medium":["https:\/\/imagazine.it\/wp-content\/uploads\/2024\/01\/37367-1-720x380.webp",720,380,true],"tptn_thumbnail":["https:\/\/imagazine.it\/wp-content\/uploads\/2024\/01\/37367-1.webp",250,167,false],"sow-carousel-default":["https:\/\/imagazine.it\/wp-content\/uploads\/2024\/01\/37367-1-272x182.webp",272,182,true]},"rttpg_author":{"display_name":"redazione","author_link":"https:\/\/imagazine.it\/home_desk\/author\/redazione\/"},"rttpg_comment":0,"rttpg_category":"<a href=\"https:\/\/imagazine.it\/home_desk\/category\/attualita\/\" rel=\"category tag\">ATTUALIT\u00c0<\/a>","rttpg_excerpt":"L'appello alla cittadinanza","_links":{"self":[{"href":"https:\/\/imagazine.it\/home_desk\/wp-json\/wp\/v2\/posts\/35401","targetHints":{"allow":["GET"]}}],"collection":[{"href":"https:\/\/imagazine.it\/home_desk\/wp-json\/wp\/v2\/posts"}],"about":[{"href":"https:\/\/imagazine.it\/home_desk\/wp-json\/wp\/v2\/types\/post"}],"author":[{"embeddable":true,"href":"https:\/\/imagazine.it\/home_desk\/wp-json\/wp\/v2\/users\/28"}],"replies":[{"embeddable":true,"href":"https:\/\/imagazine.it\/home_desk\/wp-json\/wp\/v2\/comments?post=35401"}],"version-history":[{"count":0,"href":"https:\/\/imagazine.it\/home_desk\/wp-json\/wp\/v2\/posts\/35401\/revisions"}],"wp:featuredmedia":[{"embeddable":true,"href":"https:\/\/imagazine.it\/home_desk\/wp-json\/wp\/v2\/media\/35402"}],"wp:attachment":[{"href":"https:\/\/imagazine.it\/home_desk\/wp-json\/wp\/v2\/media?parent=35401"}],"wp:term":[{"taxonomy":"category","embeddable":true,"href":"https:\/\/imagazine.it\/home_desk\/wp-json\/wp\/v2\/categories?post=35401"},{"taxonomy":"post_tag","embeddable":true,"href":"https:\/\/imagazine.it\/home_desk\/wp-json\/wp\/v2\/tags?post=35401"}],"curies":[{"name":"wp","href":"https:\/\/api.w.org\/{rel}","templated":true}]}}