{"id":35393,"date":"2020-12-14T00:00:00","date_gmt":"2020-12-13T23:00:00","guid":{"rendered":"https:\/\/imagazine.it\/?p=35393"},"modified":"2020-12-14T00:00:00","modified_gmt":"2020-12-13T23:00:00","slug":"staranzano-pre-accoglienza-per-studenti-alle-stalle-rosse","status":"publish","type":"post","link":"https:\/\/imagazine.it\/home_desk\/staranzano-pre-accoglienza-per-studenti-alle-stalle-rosse\/","title":{"rendered":"Staranzano, pre-accoglienza per studenti alle &#8220;Stalle Rosse&#8221;"},"content":{"rendered":"<p>Da qualche giorno \u00e8 stato dato formalmente inizio all\u2019attivit\u00e0 di pre-accoglienza che coinvolger\u00e0 i ragazzi delle classi quinte della <strong>scuola primaria De Amicis di Staranzano <\/strong>che frequentano la struttura delle \u201cStalle Rosse\u201d in questo periodo particolare.<\/p>\n<p>Infatti, da settembre la struttura dell\u2019<strong>oratorio<\/strong> <strong>della Parrocchia dei Santi Pietro e Paolo<\/strong> \u00e8 a servizio del polo scolastico per ospitare quattro classi, poco pi\u00f9 di ottanta alunni.<\/p>\n<p>Dall\u2019unione delle forze tra Amministrazione comunale di Staranzano, Comitato Genitori Staranzano, Parrocchia dei Santi Pietro e Paolo e Circolo ACLI \u2013 US ACLI \u201cMons. Francesco Plet\u201d \u00e8 stato quindi possibile strutturare questo servizio gratuito per le famiglie.<\/p>\n<p>\u201cLe necessit\u00e0 lavorative delle famiglie e la flessibilit\u00e0 che richiede questo periodo emergenziale \u2013 spiega l\u2019assessore <strong>Michele Rossi<\/strong> \u2013 hanno sin da subito evidenziato il bisogno di istituire un servizio di pre-accoglienza scolastica\u201d.<\/p>\n<p>All\u2019incontro tra le famiglie interessate e gli animatori del Circolo ACLI, erano presenti, oltre all\u2019assessore, la presidente del Comitato Genitori, <strong>Federica Deiuri<\/strong>, e il presidente del Circolo ACLI, <strong>Davide Ronca<\/strong>, nonch\u00e9 i quattro animatori che si prenderanno cura dei ragazzi nei futuri mesi.<\/p>\n<p><a href=\"http:\/\/imagazinevideotruck.it\/outlet\/relink_euro.html\" target=\"_top\" rel=\"noopener\"><img loading=\"lazy\" decoding=\"async\" align=\"LEFT\" height=\"250\" src=\"http:\/\/imagazinevideotruck.it\/outlet\/euromobili_banner_art.jpg\" width=\"300\" alt=\"\" title=\"\"><\/a><\/p>\n<p>\u00a0<\/p>\n<p>\u00a0<\/p>\n<p>\u00a0<\/p>\n<p>\u00a0<\/p>\n<p>\u00a0<\/p>\n<p>\u00a0<\/p>\n<p>\u00a0<\/p>\n<p>\u00a0<\/p>\n<p>\u00a0<\/p>\n<p>Presso la sala \u201cACLI\u201d dell\u2019oratorio di via E. De Amicis, messa a disposizione dalla Parrocchia, gli animatori accoglieranno dal luned\u00ec al venerd\u00ec, dalle 7.45 alle 8.20, una decina di alunni che si sono gi\u00e0 iscritti.<\/p>\n<p>\u201cCrediamo fortemente nell\u2019integrazione delle ricchezze offerte dal territorio nella sua rete per sostenere le famiglie nell\u2019educazione dei ragazzi. Ci dispiace che questa situazione emergenziale non ci permetta ancora di poter riprendere il servizio di post-accoglienza che il Comitato aveva organizzato presso la struttura scolastica e che si sarebbe dovuto realizzare dalla passata primavera. Questa pre-accoglienza ci fa ben sperare di tornare a poter immaginare di essere nuovamente a servizio delle famiglie\u201d spiega Deiuri.<\/p>\n<p>\u201cSiamo davvero contenti \u2013 afferma Ronca \u2013 di poter essere a servizio delle famiglie in intesa con l\u2019Amministrazione e altre associazioni. Il mio ringraziamento va sin da subito agli animatori che si sono subito messi a disposizione, nonostante gli impegni universitari. Dopo le attivit\u00e0 estive organizzate in tempo di COVID, fornendo un aiuto alle famiglie per sei settimane, questa attivit\u00e0 di pre-accoglienza sembra una sfida senza troppi ostacoli. Protocolli sanitari, sanificazione giornaliera e formazione sono gi\u00e0 stati predisposti per i ragazzi e per gli ambienti. Speriamo in questo modo di essere pi\u00f9 vicini alle famiglie e far conoscere il Circolo con una veste nuova: anche dopo sessant\u2019anni a Staranzano siamo pronti a cogliere i nuovi bisogni di questo tempo\u201d.<\/p>\n","protected":false},"excerpt":{"rendered":"<p>Servizio gi\u00e0 in funzione<\/p>\n","protected":false},"author":22,"featured_media":35394,"comment_status":"closed","ping_status":"closed","sticky":false,"template":"","format":"standard","meta":{"dwc-title":[],"dwc-content":[],"footnotes":""},"categories":[5],"tags":[],"class_list":["post-35393","post","type-post","status-publish","format-standard","has-post-thumbnail","hentry","category-attualita"],"rttpg_featured_image_url":{"full":["https:\/\/imagazine.it\/wp-content\/uploads\/2024\/01\/37356-1.webp",1000,556,false],"landscape":["https:\/\/imagazine.it\/wp-content\/uploads\/2024\/01\/37356-1.webp",1000,556,false],"portraits":["https:\/\/imagazine.it\/wp-content\/uploads\/2024\/01\/37356-1.webp",1000,556,false],"thumbnail":["https:\/\/imagazine.it\/wp-content\/uploads\/2024\/01\/37356-1-150x150.webp",150,150,true],"medium":["https:\/\/imagazine.it\/wp-content\/uploads\/2024\/01\/37356-1-300x167.webp",300,167,true],"large":["https:\/\/imagazine.it\/wp-content\/uploads\/2024\/01\/37356-1.webp",640,356,false],"thumblist":["https:\/\/imagazine.it\/wp-content\/uploads\/2024\/01\/37356-1.webp",300,167,false],"thumbrelated":["https:\/\/imagazine.it\/wp-content\/uploads\/2024\/01\/37356-1.webp",500,278,false],"meccarouselthumb":["https:\/\/imagazine.it\/wp-content\/uploads\/2024\/01\/37356-1.webp",474,264,false],"gridsquare":["https:\/\/imagazine.it\/wp-content\/uploads\/2024\/01\/37356-1.webp",391,217,false],"tileview":["https:\/\/imagazine.it\/wp-content\/uploads\/2024\/01\/37356-1.webp",300,167,false],"1536x1536":["https:\/\/imagazine.it\/wp-content\/uploads\/2024\/01\/37356-1.webp",1000,556,false],"2048x2048":["https:\/\/imagazine.it\/wp-content\/uploads\/2024\/01\/37356-1.webp",1000,556,false],"newsup-slider-full":["https:\/\/imagazine.it\/wp-content\/uploads\/2024\/01\/37356-1.webp",1000,556,false],"newsup-featured":["https:\/\/imagazine.it\/wp-content\/uploads\/2024\/01\/37356-1.webp",1000,556,false],"newsup-medium":["https:\/\/imagazine.it\/wp-content\/uploads\/2024\/01\/37356-1-720x380.webp",720,380,true],"tptn_thumbnail":["https:\/\/imagazine.it\/wp-content\/uploads\/2024\/01\/37356-1.webp",250,139,false],"sow-carousel-default":["https:\/\/imagazine.it\/wp-content\/uploads\/2024\/01\/37356-1-272x182.webp",272,182,true]},"rttpg_author":{"display_name":"Livio Nonis","author_link":"https:\/\/imagazine.it\/home_desk\/author\/nonis\/"},"rttpg_comment":0,"rttpg_category":"<a href=\"https:\/\/imagazine.it\/home_desk\/category\/attualita\/\" rel=\"category tag\">ATTUALIT\u00c0<\/a>","rttpg_excerpt":"Servizio gi\u00e0 in funzione","_links":{"self":[{"href":"https:\/\/imagazine.it\/home_desk\/wp-json\/wp\/v2\/posts\/35393","targetHints":{"allow":["GET"]}}],"collection":[{"href":"https:\/\/imagazine.it\/home_desk\/wp-json\/wp\/v2\/posts"}],"about":[{"href":"https:\/\/imagazine.it\/home_desk\/wp-json\/wp\/v2\/types\/post"}],"author":[{"embeddable":true,"href":"https:\/\/imagazine.it\/home_desk\/wp-json\/wp\/v2\/users\/22"}],"replies":[{"embeddable":true,"href":"https:\/\/imagazine.it\/home_desk\/wp-json\/wp\/v2\/comments?post=35393"}],"version-history":[{"count":0,"href":"https:\/\/imagazine.it\/home_desk\/wp-json\/wp\/v2\/posts\/35393\/revisions"}],"wp:featuredmedia":[{"embeddable":true,"href":"https:\/\/imagazine.it\/home_desk\/wp-json\/wp\/v2\/media\/35394"}],"wp:attachment":[{"href":"https:\/\/imagazine.it\/home_desk\/wp-json\/wp\/v2\/media?parent=35393"}],"wp:term":[{"taxonomy":"category","embeddable":true,"href":"https:\/\/imagazine.it\/home_desk\/wp-json\/wp\/v2\/categories?post=35393"},{"taxonomy":"post_tag","embeddable":true,"href":"https:\/\/imagazine.it\/home_desk\/wp-json\/wp\/v2\/tags?post=35393"}],"curies":[{"name":"wp","href":"https:\/\/api.w.org\/{rel}","templated":true}]}}