{"id":35377,"date":"2020-12-11T00:00:00","date_gmt":"2020-12-10T23:00:00","guid":{"rendered":"https:\/\/imagazine.it\/?p=35377"},"modified":"2020-12-11T00:00:00","modified_gmt":"2020-12-10T23:00:00","slug":"coronavirus-la-regione-fvg-acquista-8-frigoriferi-speciali-per-il-vaccino","status":"publish","type":"post","link":"https:\/\/imagazine.it\/home_desk\/coronavirus-la-regione-fvg-acquista-8-frigoriferi-speciali-per-il-vaccino\/","title":{"rendered":"Coronavirus, la Regione FVG acquista 8 frigoriferi speciali per il vaccino"},"content":{"rendered":"<p>La Regione Friuli Venezia Giulia ha provveduto all&#39;acquisto di 8 frigoriferi speciali (in tutto 95 mila euro) per garantire la conservazione del vaccino e sta procedendo in stretto contatto con la struttura commissariale all&#39;individuazione dei siti di somministrazione, che dovranno rispondere a precisi requisiti tecnici e organizzativi.<\/p>\n<p>Lo ha anticipato oggi il vicegovernatore con delega alla Salute del Friuli Venezia Giulia, <strong>Riccardo Riccardi<\/strong>, relativamente allo stato dell&#39;arte della campagna vaccinale anti-Covid il cui inizio \u00e8 stato fissato dal Governo entro il mese di gennaio.<\/p>\n<p>Dopo aver scelto quali siti di stoccaggio le farmacie ospedaliere di <strong>Trieste, Udine, Pordenone, Monfalcone e Tolmezzo<\/strong>, il prossimo passaggio che vede protagonista la Regione \u00e8 quello dell&#39;individuazione delle sedi di somministrazione del vaccino e il loro allestimento.<\/p>\n<p>Oltre a ci\u00f2 l&#39;Amministrazione affiancher\u00e0 parallelamente la struttura commissariale anche nel <strong>reclutamento del personale<\/strong>. Da una parte c&#39;\u00e8 un bando su scala nazionale per 15 mila posti tra medici e infermieri, dall&#39;altro c&#39;\u00e8 l&#39;Azienda regionale di coordinamento per la salute del Friuli Venezia Giulia che cerca sul territorio di coinvolgere i professionisti arruolabili registrando la disponibilit\u00e0 delle scuole di specializzazione e di operatori sanitari in pensione. Per tutti sar\u00e0 comunque previsto un <strong>breve ciclo formativo<\/strong> al fine di espletare al meglio le operazioni di vaccinazione.<\/p>\n<p>Nell&#39;ambito delle categorie di persone che per prime verranno vaccinate, la direttiva \u00e8 quella di procedere nell&#39;ordine con il <strong>personale del sistema sanitario, quello delle case di riposo e gli ospiti delle stesse residenze per anziani<\/strong>. Mentre nei primi due casi saranno i singoli a recarsi nelle sedi di somministrazione, per gli anziani \u00e8 previsto che delle squadre sanitarie si rechino nelle strutture per provvedere alle vaccinazioni.<\/p>\n<p>&#8220;Si tratta &#8211; ha detto il vicegovernatore &#8211; di un lavoro di preparazione e di organizzazione che ci terr\u00e0 impegnati per tutto il periodo festivo, nell&#39;ambito di una collaborazione istituzionale che impone quella lealt\u00e0 e quella seriet\u00e0 che, fin dall&#39;inizio dell&#39;emergenza, da parte del Friuli Venezia Giulia non sono mai mancate&#8221;.<\/p>\n<p><a href=\"http:\/\/imagazinevideotruck.it\/outlet\/relink_euro.html\" target=\"_top\" rel=\"noopener\"><img loading=\"lazy\" decoding=\"async\" align=\"LEFT\" height=\"250\" src=\"http:\/\/imagazinevideotruck.it\/outlet\/euromobili_banner_art.jpg\" width=\"300\" alt=\"\" title=\"\"><\/a><\/p>\n<p>\u00a0<\/p>\n<p>\u00a0<\/p>\n<p>\u00a0<\/p>\n<p>\u00a0<\/p>\n<p>\u00a0<\/p>\n<p>\u00a0<\/p>\n<p>\u00a0<\/p>\n<p>\u00a0<\/p>\n<p>\u00a0<\/p>\n<p>Il prossimo appuntamento operativo \u00e8 fissato per luned\u00ec 14 dicembre, quando il gruppo tecnico a cui partecipa anche la Regione dovr\u00e0 affrontare il tema della catena logistica che va dallo stoccaggio alla somministrazione.<\/p>\n","protected":false},"excerpt":{"rendered":"<p>Investimento da 95 mila euro<\/p>\n","protected":false},"author":28,"featured_media":35378,"comment_status":"closed","ping_status":"closed","sticky":false,"template":"","format":"standard","meta":{"dwc-title":[],"dwc-content":[],"footnotes":""},"categories":[5],"tags":[],"class_list":["post-35377","post","type-post","status-publish","format-standard","has-post-thumbnail","hentry","category-attualita"],"rttpg_featured_image_url":{"full":["https:\/\/imagazine.it\/wp-content\/uploads\/2024\/01\/37332-1.webp",1280,854,false],"landscape":["https:\/\/imagazine.it\/wp-content\/uploads\/2024\/01\/37332-1.webp",1280,854,false],"portraits":["https:\/\/imagazine.it\/wp-content\/uploads\/2024\/01\/37332-1.webp",1280,854,false],"thumbnail":["https:\/\/imagazine.it\/wp-content\/uploads\/2024\/01\/37332-1-150x150.webp",150,150,true],"medium":["https:\/\/imagazine.it\/wp-content\/uploads\/2024\/01\/37332-1-300x200.webp",300,200,true],"large":["https:\/\/imagazine.it\/wp-content\/uploads\/2024\/01\/37332-1-1024x683.webp",640,427,true],"thumblist":["https:\/\/imagazine.it\/wp-content\/uploads\/2024\/01\/37332-1.webp",300,200,false],"thumbrelated":["https:\/\/imagazine.it\/wp-content\/uploads\/2024\/01\/37332-1.webp",500,334,false],"meccarouselthumb":["https:\/\/imagazine.it\/wp-content\/uploads\/2024\/01\/37332-1.webp",474,316,false],"gridsquare":["https:\/\/imagazine.it\/wp-content\/uploads\/2024\/01\/37332-1.webp",391,260,false],"tileview":["https:\/\/imagazine.it\/wp-content\/uploads\/2024\/01\/37332-1.webp",300,200,false],"1536x1536":["https:\/\/imagazine.it\/wp-content\/uploads\/2024\/01\/37332-1.webp",1280,854,false],"2048x2048":["https:\/\/imagazine.it\/wp-content\/uploads\/2024\/01\/37332-1.webp",1280,854,false],"newsup-slider-full":["https:\/\/imagazine.it\/wp-content\/uploads\/2024\/01\/37332-1-1280x720.webp",1280,720,true],"newsup-featured":["https:\/\/imagazine.it\/wp-content\/uploads\/2024\/01\/37332-1-1024x683.webp",1024,683,true],"newsup-medium":["https:\/\/imagazine.it\/wp-content\/uploads\/2024\/01\/37332-1-720x380.webp",720,380,true],"tptn_thumbnail":["https:\/\/imagazine.it\/wp-content\/uploads\/2024\/01\/37332-1.webp",250,167,false],"sow-carousel-default":["https:\/\/imagazine.it\/wp-content\/uploads\/2024\/01\/37332-1-272x182.webp",272,182,true]},"rttpg_author":{"display_name":"redazione","author_link":"https:\/\/imagazine.it\/home_desk\/author\/redazione\/"},"rttpg_comment":0,"rttpg_category":"<a href=\"https:\/\/imagazine.it\/home_desk\/category\/attualita\/\" rel=\"category tag\">ATTUALIT\u00c0<\/a>","rttpg_excerpt":"Investimento da 95 mila euro","_links":{"self":[{"href":"https:\/\/imagazine.it\/home_desk\/wp-json\/wp\/v2\/posts\/35377","targetHints":{"allow":["GET"]}}],"collection":[{"href":"https:\/\/imagazine.it\/home_desk\/wp-json\/wp\/v2\/posts"}],"about":[{"href":"https:\/\/imagazine.it\/home_desk\/wp-json\/wp\/v2\/types\/post"}],"author":[{"embeddable":true,"href":"https:\/\/imagazine.it\/home_desk\/wp-json\/wp\/v2\/users\/28"}],"replies":[{"embeddable":true,"href":"https:\/\/imagazine.it\/home_desk\/wp-json\/wp\/v2\/comments?post=35377"}],"version-history":[{"count":0,"href":"https:\/\/imagazine.it\/home_desk\/wp-json\/wp\/v2\/posts\/35377\/revisions"}],"wp:featuredmedia":[{"embeddable":true,"href":"https:\/\/imagazine.it\/home_desk\/wp-json\/wp\/v2\/media\/35378"}],"wp:attachment":[{"href":"https:\/\/imagazine.it\/home_desk\/wp-json\/wp\/v2\/media?parent=35377"}],"wp:term":[{"taxonomy":"category","embeddable":true,"href":"https:\/\/imagazine.it\/home_desk\/wp-json\/wp\/v2\/categories?post=35377"},{"taxonomy":"post_tag","embeddable":true,"href":"https:\/\/imagazine.it\/home_desk\/wp-json\/wp\/v2\/tags?post=35377"}],"curies":[{"name":"wp","href":"https:\/\/api.w.org\/{rel}","templated":true}]}}