{"id":35375,"date":"2020-12-11T00:00:00","date_gmt":"2020-12-10T23:00:00","guid":{"rendered":"https:\/\/imagazine.it\/?p=35375"},"modified":"2020-12-11T00:00:00","modified_gmt":"2020-12-10T23:00:00","slug":"maltempo-grado-richiede-lo-stato-di-calamita","status":"publish","type":"post","link":"https:\/\/imagazine.it\/home_desk\/maltempo-grado-richiede-lo-stato-di-calamita\/","title":{"rendered":"Maltempo, Grado richiede lo stato di calamit\u00e0"},"content":{"rendered":"<p>Il sindaco di <strong>Grado<\/strong> <strong>Dario Raugna<\/strong> ha inoltrato questa mattina al Presidente della Regione, <strong>Massimiliano Fedriga<\/strong>, e agli altri soggetti interessati la richiesta per il riconoscimento dello stato di calamit\u00e0 naturale a seguito delle avversit\u00e0 atmosferiche occorse nei giorni scorsi e soprattutto marted\u00ec 8 dicembre.<\/p>\n<p>\u201c<em>Il maltempo \u2013 <\/em>spiega Raugna<em> \u2013, oltre a una nuova diffusa erosione della spiaggia, ha interessato in particolare le campagne di <strong>Boscat e Fossalon<\/strong>, in un contesto agricolo gi\u00e0 gravemente provato dalla siccit\u00e0 di quest&#39;estate. Il danno provocato, al momento non quantificabile, deriva dalla perdita del raccolto del frumento gi\u00e0 seminato e del mancato raccolto di verdure e ortaggi che risultano essere state completamente sommersi<\/em>\u201d.<\/p>\n<p>Alla richiesta del sindaco \u00e8 stata allegata una breve relazione illustrativa a cura della dirigente del Servizio Ambiente, <strong>Maria Genovese<\/strong>, a cui seguir\u00e0 una pi\u00f9 esaustiva quantificazione dei danni provocati dal maltempo.<\/p>\n<p>Il sindaco rende noto inoltre che ha gi\u00e0 inviato recentemente alla direzione della Protezione Civile regionale un sollecito in ordine al risarcimento dei danni provocati dall&#39;eccezionale acqua alta del novembre 2019.<\/p>\n<p>\u201c<em>Dalle ultime informazioni in nostro possesso \u2013\u00a0<\/em>dichiara Raugna <em>\u2013<\/em>\u00a0<em>ci \u00e8 stato comunicato che questi fondi sarebbero fermi a Roma in attesa di ripartizione<\/em>\u201d.<\/p>\n","protected":false},"excerpt":{"rendered":"<p>Inviata la documentazione<\/p>\n","protected":false},"author":28,"featured_media":35376,"comment_status":"closed","ping_status":"closed","sticky":false,"template":"","format":"standard","meta":{"dwc-title":[],"dwc-content":[],"footnotes":""},"categories":[5],"tags":[],"class_list":["post-35375","post","type-post","status-publish","format-standard","has-post-thumbnail","hentry","category-attualita"],"rttpg_featured_image_url":{"full":["https:\/\/imagazine.it\/wp-content\/uploads\/2024\/01\/37331-1.webp",800,565,false],"landscape":["https:\/\/imagazine.it\/wp-content\/uploads\/2024\/01\/37331-1.webp",800,565,false],"portraits":["https:\/\/imagazine.it\/wp-content\/uploads\/2024\/01\/37331-1.webp",800,565,false],"thumbnail":["https:\/\/imagazine.it\/wp-content\/uploads\/2024\/01\/37331-1-150x150.webp",150,150,true],"medium":["https:\/\/imagazine.it\/wp-content\/uploads\/2024\/01\/37331-1-300x212.webp",300,212,true],"large":["https:\/\/imagazine.it\/wp-content\/uploads\/2024\/01\/37331-1.webp",640,452,false],"thumblist":["https:\/\/imagazine.it\/wp-content\/uploads\/2024\/01\/37331-1.webp",300,212,false],"thumbrelated":["https:\/\/imagazine.it\/wp-content\/uploads\/2024\/01\/37331-1.webp",500,353,false],"meccarouselthumb":["https:\/\/imagazine.it\/wp-content\/uploads\/2024\/01\/37331-1.webp",459,324,false],"gridsquare":["https:\/\/imagazine.it\/wp-content\/uploads\/2024\/01\/37331-1.webp",368,260,false],"tileview":["https:\/\/imagazine.it\/wp-content\/uploads\/2024\/01\/37331-1.webp",300,212,false],"1536x1536":["https:\/\/imagazine.it\/wp-content\/uploads\/2024\/01\/37331-1.webp",800,565,false],"2048x2048":["https:\/\/imagazine.it\/wp-content\/uploads\/2024\/01\/37331-1.webp",800,565,false],"newsup-slider-full":["https:\/\/imagazine.it\/wp-content\/uploads\/2024\/01\/37331-1.webp",800,565,false],"newsup-featured":["https:\/\/imagazine.it\/wp-content\/uploads\/2024\/01\/37331-1.webp",800,565,false],"newsup-medium":["https:\/\/imagazine.it\/wp-content\/uploads\/2024\/01\/37331-1-720x380.webp",720,380,true],"tptn_thumbnail":["https:\/\/imagazine.it\/wp-content\/uploads\/2024\/01\/37331-1.webp",250,177,false],"sow-carousel-default":["https:\/\/imagazine.it\/wp-content\/uploads\/2024\/01\/37331-1-272x182.webp",272,182,true]},"rttpg_author":{"display_name":"redazione","author_link":"https:\/\/imagazine.it\/home_desk\/author\/redazione\/"},"rttpg_comment":0,"rttpg_category":"<a href=\"https:\/\/imagazine.it\/home_desk\/category\/attualita\/\" rel=\"category tag\">ATTUALIT\u00c0<\/a>","rttpg_excerpt":"Inviata la documentazione","_links":{"self":[{"href":"https:\/\/imagazine.it\/home_desk\/wp-json\/wp\/v2\/posts\/35375","targetHints":{"allow":["GET"]}}],"collection":[{"href":"https:\/\/imagazine.it\/home_desk\/wp-json\/wp\/v2\/posts"}],"about":[{"href":"https:\/\/imagazine.it\/home_desk\/wp-json\/wp\/v2\/types\/post"}],"author":[{"embeddable":true,"href":"https:\/\/imagazine.it\/home_desk\/wp-json\/wp\/v2\/users\/28"}],"replies":[{"embeddable":true,"href":"https:\/\/imagazine.it\/home_desk\/wp-json\/wp\/v2\/comments?post=35375"}],"version-history":[{"count":0,"href":"https:\/\/imagazine.it\/home_desk\/wp-json\/wp\/v2\/posts\/35375\/revisions"}],"wp:featuredmedia":[{"embeddable":true,"href":"https:\/\/imagazine.it\/home_desk\/wp-json\/wp\/v2\/media\/35376"}],"wp:attachment":[{"href":"https:\/\/imagazine.it\/home_desk\/wp-json\/wp\/v2\/media?parent=35375"}],"wp:term":[{"taxonomy":"category","embeddable":true,"href":"https:\/\/imagazine.it\/home_desk\/wp-json\/wp\/v2\/categories?post=35375"},{"taxonomy":"post_tag","embeddable":true,"href":"https:\/\/imagazine.it\/home_desk\/wp-json\/wp\/v2\/tags?post=35375"}],"curies":[{"name":"wp","href":"https:\/\/api.w.org\/{rel}","templated":true}]}}