{"id":35367,"date":"2020-12-11T00:00:00","date_gmt":"2020-12-10T23:00:00","guid":{"rendered":"https:\/\/imagazine.it\/?p=35367"},"modified":"2020-12-11T00:00:00","modified_gmt":"2020-12-10T23:00:00","slug":"gorizia-diventa-laboratorio-europeo-dellarchitettura","status":"publish","type":"post","link":"https:\/\/imagazine.it\/home_desk\/gorizia-diventa-laboratorio-europeo-dellarchitettura\/","title":{"rendered":"Gorizia diventa laboratorio europeo dell&#8217;Architettura"},"content":{"rendered":"<p>Una rete che consentir\u00e0 agli <strong>studenti di Gorizia<\/strong> di dialogare con i pi\u00f9 rilevanti poli dell\u2019Architettura a livello europeo, da Londra a Parigi, passando per Amsterdam, Vienna e Maribor e Graz.<\/p>\n<p>Un insieme di esperti internazionali che metteranno la propria esperienza a disposizione degli universitari, fornendo spunti e idee che finiranno nei progetti di riqualificazione di cinque aree strategiche del capoluogo isontino, <strong>dall\u2019area confinaria a ridosso di via San Gabriele<\/strong>, passando per <strong>la zona del Rafut<\/strong>, <strong>l\u2019ex polo industriale<\/strong> dove sorgeva lo stabilimento Carraro, <strong>l\u2019area dell\u2019interporto di Sant\u2019Andrea<\/strong> e quella a ridosso del <strong>ponte del Torrione<\/strong>.<\/p>\n<p>Sono i capisaldi del nuovo laboratorio \u201cGo\/N.Go international Rrr Lab\u201d, che nasce sulla scia dell\u2019esperienza del primo Rrr Lab, organizzato lo scorso anno accademico grazie alla collaborazione tra il Dipartimento di ingegneria e architettura <strong>dell\u2019Universit\u00e0 di Trieste e il Comune di Gorizia<\/strong>, che ha voluto l\u2019istituzione dello stesso laboratorio, finanziato anche per questa seconda annualit\u00e0 con 8 mila euro e diretto dal professor <strong>Giovanni Fraziano<\/strong>.\u00a0<\/p>\n<p>\u201cLa prima edizione di Rrr Lab \u00e8 stata un successo sotto ogni punto di vista &#8211; commenta l\u2019assessore all\u2019Universit\u00e0, <strong>Chiara Gatta<\/strong> &#8211; andando persino oltre gli obiettivi che ci eravamo fissati con i referenti del Dipartimento. Sono stati redatti progetti non da libro dei sogni, ma reali piani di riqualificazione seguiti passo passo dai settori Pianificazione urbanistica e Servizi tecnici del Comune, che hanno guidato gli studenti, fornendo loro documenti, indicazioni e materiali utili alla stesura degli elaborati\u201d.<\/p>\n<p>I progetti dello scorso anno costituiscono \u201cnon un mero esercizio di stile, ma veri e propri punti di partenza per i lavori di valorizzazione delle aree oggetto del primo laboratorio\u201d, indica ancora Gatta.<\/p>\n<p>Anche grazie all\u2019asse con la facolt\u00e0 di architettura <strong>dell\u2019Universit\u00e0 di Lubiana<\/strong>, che gi\u00e0 lo scorso anno ha preso parte attivamente all\u2019iniziativa, sono stati intessuti in questi mesi rapporti con gli atenei di Londra, Parigi, Amsterdam, Maribor, Vienna e Graz, ma anche Stoccarda, Lisbona e Zagabria i cui professori supervisioneranno l\u2019iter progettuale che sar\u00e0 creato dai ragazzi, svolgendo il ruolo di <em>visiting critics<\/em>: \u201cUn\u2019occasione non solo per gli studenti, ma anche per la stessa citt\u00e0 e per il Comune che, partendo dalle indicazioni dei propri dirigenti, potr\u00e0 dunque ottenere qualificati pareri di insigni architetti\u201d, indica l\u2019assessore Gatta, che con la collega all&#39;Urbanistica e Lavori pubblici <strong>Arianna Bellan<\/strong> ha seguito fin dai primi passi l\u2019iniziativa laboratoriale.<\/p>\n<p>La chiave dell\u2019edizione 2020-21 \u00e8 l\u2019internazionalit\u00e0. E fin dal nome (\u201cGo\/N.Go international Rrr Lab\u201d) il laboratorio richiama la volont\u00e0 di allargare lo sguardo oltreconfine, anche sull\u2019onda della candidatura di Nova Gorica e Gorizia come Capitale europea della cultura 2025. Ecco allora che la prima fase prevede l\u2019analisi del contesto urbano delle due citt\u00e0, con la scelta delle aree-connessioni da riqualificare \u201cin quanto capaci di generare concrete occasioni di cooperazione e opportunit\u00e0 per il reciproco sviluppo della citt\u00e0 transfrontaliera conurbata\u201d. Tra queste, l\u2019area che abbraccia la zona delle Casermette, i valichi di San Gabriele e Salcano; la zona \u201cgrigia\u201d tra l\u2019ex valico del Rafut e quello della Casa Rossa; l\u2019area industriale dello stabilimento ex Carraro, tra Isonzo e Corno; l\u2019area dell\u2019autoporto di Sant\u2019Andrea; la zona del ponte del Torrione a Piuma, con i possibili sviluppi in ambito ricreativo.<\/p>\n<p><a href=\"http:\/\/imagazinevideotruck.it\/outlet\/relink.html\" target=\"_top\" rel=\"noopener\"><img loading=\"lazy\" decoding=\"async\" align=\"LEFT\" height=\"250\" src=\"http:\/\/imagazinevideotruck.it\/outlet\/outlet30.gif\" width=\"300\" alt=\"\" title=\"\"><\/a><\/p>\n<p>\u00a0<\/p>\n<p>\u00a0<\/p>\n<p>\u00a0<\/p>\n<p>\u00a0<\/p>\n<p>\u00a0<\/p>\n<p>\u00a0<\/p>\n<p>\u00a0<\/p>\n<p>\u00a0<\/p>\n<p>\u00a0<\/p>\n<p>Il laboratorio, che prender\u00e0 il via nei prossimi giorni, vedr\u00e0 coinvolti XX studenti e sar\u00e0 diretto dal professor Fraziano. Con lui, i professori <strong>Adriano Venudo, Claudio Meninno, Thomas Bisiani, Luigi Didato, Stefano Simionato<\/strong> (Universit\u00e0 di Trieste), la professoressa <strong>Spela Hudnik<\/strong> (Universit\u00e0 di Lubiana) e i dirigenti comunali <strong>Licinio Gardin e Alessandro De Luisa<\/strong>.<\/p>\n","protected":false},"excerpt":{"rendered":"<p>Grazie a \u201cGo\/N.Go international Rrr Lab\u201d<\/p>\n","protected":false},"author":28,"featured_media":35368,"comment_status":"closed","ping_status":"closed","sticky":false,"template":"","format":"standard","meta":{"dwc-title":[],"dwc-content":[],"footnotes":""},"categories":[37],"tags":[],"class_list":["post-35367","post","type-post","status-publish","format-standard","has-post-thumbnail","hentry","category-cultura-e-spettacolo"],"rttpg_featured_image_url":{"full":["https:\/\/imagazine.it\/wp-content\/uploads\/2024\/01\/37321-1.webp",800,533,false],"landscape":["https:\/\/imagazine.it\/wp-content\/uploads\/2024\/01\/37321-1.webp",800,533,false],"portraits":["https:\/\/imagazine.it\/wp-content\/uploads\/2024\/01\/37321-1.webp",800,533,false],"thumbnail":["https:\/\/imagazine.it\/wp-content\/uploads\/2024\/01\/37321-1-150x150.webp",150,150,true],"medium":["https:\/\/imagazine.it\/wp-content\/uploads\/2024\/01\/37321-1-300x200.webp",300,200,true],"large":["https:\/\/imagazine.it\/wp-content\/uploads\/2024\/01\/37321-1.webp",640,426,false],"thumblist":["https:\/\/imagazine.it\/wp-content\/uploads\/2024\/01\/37321-1.webp",300,200,false],"thumbrelated":["https:\/\/imagazine.it\/wp-content\/uploads\/2024\/01\/37321-1.webp",500,333,false],"meccarouselthumb":["https:\/\/imagazine.it\/wp-content\/uploads\/2024\/01\/37321-1.webp",474,316,false],"gridsquare":["https:\/\/imagazine.it\/wp-content\/uploads\/2024\/01\/37321-1.webp",391,260,false],"tileview":["https:\/\/imagazine.it\/wp-content\/uploads\/2024\/01\/37321-1.webp",300,200,false],"1536x1536":["https:\/\/imagazine.it\/wp-content\/uploads\/2024\/01\/37321-1.webp",800,533,false],"2048x2048":["https:\/\/imagazine.it\/wp-content\/uploads\/2024\/01\/37321-1.webp",800,533,false],"newsup-slider-full":["https:\/\/imagazine.it\/wp-content\/uploads\/2024\/01\/37321-1.webp",800,533,false],"newsup-featured":["https:\/\/imagazine.it\/wp-content\/uploads\/2024\/01\/37321-1.webp",800,533,false],"newsup-medium":["https:\/\/imagazine.it\/wp-content\/uploads\/2024\/01\/37321-1-720x380.webp",720,380,true],"tptn_thumbnail":["https:\/\/imagazine.it\/wp-content\/uploads\/2024\/01\/37321-1.webp",250,167,false],"sow-carousel-default":["https:\/\/imagazine.it\/wp-content\/uploads\/2024\/01\/37321-1-272x182.webp",272,182,true]},"rttpg_author":{"display_name":"redazione","author_link":"https:\/\/imagazine.it\/home_desk\/author\/redazione\/"},"rttpg_comment":0,"rttpg_category":"<a href=\"https:\/\/imagazine.it\/home_desk\/category\/cultura-e-spettacolo\/\" rel=\"category tag\">CULTURA&amp;SPETTACOLO<\/a>","rttpg_excerpt":"Grazie a \u201cGo\/N.Go international Rrr Lab\u201d","_links":{"self":[{"href":"https:\/\/imagazine.it\/home_desk\/wp-json\/wp\/v2\/posts\/35367","targetHints":{"allow":["GET"]}}],"collection":[{"href":"https:\/\/imagazine.it\/home_desk\/wp-json\/wp\/v2\/posts"}],"about":[{"href":"https:\/\/imagazine.it\/home_desk\/wp-json\/wp\/v2\/types\/post"}],"author":[{"embeddable":true,"href":"https:\/\/imagazine.it\/home_desk\/wp-json\/wp\/v2\/users\/28"}],"replies":[{"embeddable":true,"href":"https:\/\/imagazine.it\/home_desk\/wp-json\/wp\/v2\/comments?post=35367"}],"version-history":[{"count":0,"href":"https:\/\/imagazine.it\/home_desk\/wp-json\/wp\/v2\/posts\/35367\/revisions"}],"wp:featuredmedia":[{"embeddable":true,"href":"https:\/\/imagazine.it\/home_desk\/wp-json\/wp\/v2\/media\/35368"}],"wp:attachment":[{"href":"https:\/\/imagazine.it\/home_desk\/wp-json\/wp\/v2\/media?parent=35367"}],"wp:term":[{"taxonomy":"category","embeddable":true,"href":"https:\/\/imagazine.it\/home_desk\/wp-json\/wp\/v2\/categories?post=35367"},{"taxonomy":"post_tag","embeddable":true,"href":"https:\/\/imagazine.it\/home_desk\/wp-json\/wp\/v2\/tags?post=35367"}],"curies":[{"name":"wp","href":"https:\/\/api.w.org\/{rel}","templated":true}]}}