{"id":35343,"date":"2020-12-10T00:00:00","date_gmt":"2020-12-09T23:00:00","guid":{"rendered":"https:\/\/imagazine.it\/?p=35343"},"modified":"2020-12-10T00:00:00","modified_gmt":"2020-12-09T23:00:00","slug":"nomago-e-alibus-rafforzano-la-cooperazione-con-aviano","status":"publish","type":"post","link":"https:\/\/imagazine.it\/home_desk\/nomago-e-alibus-rafforzano-la-cooperazione-con-aviano\/","title":{"rendered":"Nomago e Alibus rafforzano la cooperazione con Aviano"},"content":{"rendered":"<p>Alibus International, che fa parte del gruppo internazionale Nomago, ha ampliato la propria flotta con quattro nuovi autobus turistici di classe superiore rispondenti allo standard Euro 6.<\/p>\n<p>I nuovi veicoli saranno utilizzati principalmente per il trasporto scolastico per i figli dei dipendenti della <strong>base di USAFE di Aviano<\/strong>, consolidando cos\u00ec ulteriormente il rapporto con il Governo Americano, con cui Alibus International coopera da ormai quasi trent\u2019anni.<\/p>\n<p>Solo negli ultimi due anni Nomago ha ampliato la flotta della societ\u00e0 Alibus con 10 nuovi autobus turistici e 9 nuovi scuolabus che soddisfano gli standard ecologici pi\u00f9 elevati.<\/p>\n<p><a name=\"_Hlk6471321\"><\/a><a name=\"_Hlk20293191\"><\/a><a name=\"_Hlk529985196\"><\/a>\u201cI nuovi autobus vantano un livello di comfort superiore, poich\u00e9 con loro svolgeremo anche trasporti per gite per i dipendenti della base di Aviano e per altri clienti pi\u00f9 esigenti. Gli autobus sono pertanto muniti di sedili premium, posizionati a una maggiore distanza gli uni dagli altri, mentre nella parte posteriore dell\u2019autobus sono stati installati dei tavoli, dove \u00e8 possibile socializzare\u201d, ha affermato il direttore generale della societ\u00e0 Nomago, <strong>Sandi Brata\u0161evec<\/strong>, durante la consegna dei nuovi veicoli.<\/p>\n<p>Dello svolgimento ininterrotto dei trasporti scolastici nella base di Aviano si occupano gi\u00e0 60 dipendenti, che con 28 autobus trasportano a scuola e riportano a casa pi\u00f9 di 1.000 bambini al giorno. I trasporti scolastici per la base di Aviano sono tra i pi\u00f9 complessi, poich\u00e9 oltre all\u2019esame di pronto soccorso i dipendenti di Alibus International devono parlare la lingua inglese e superare un corso speciale per l\u2019interazione con minori.<\/p>\n<p><a href=\"http:\/\/imagazinevideotruck.it\/outlet\/relink_euro.html\" target=\"_top\" rel=\"noopener\"><img loading=\"lazy\" decoding=\"async\" align=\"LEFT\" height=\"250\" src=\"http:\/\/imagazinevideotruck.it\/outlet\/euromobili_banner_art.jpg\" width=\"300\" alt=\"\" title=\"\"><\/a><\/p>\n<p>\u00a0<\/p>\n<p>\u00a0<\/p>\n<p>\u00a0<\/p>\n<p>\u00a0<\/p>\n<p>\u00a0<\/p>\n<p>\u00a0<\/p>\n<p>\u00a0<\/p>\n<p>\u00a0<\/p>\n<p>\u00a0<\/p>\n<p>\u201cIn Italia abbiamo gi\u00e0 costruito delle stabili fondamenta che vogliamo consolidare ulteriormente. Oltre ai trasporti per la base di Aviano svolgiamo anche trasporti turistici e scolastici e trasporti per i passeggeri delle navi da crociera che arrivano a Venezia e Trieste. Inoltre, siamo il trasportatore ufficiale di <strong>Udinese Calcio<\/strong>, di <strong>Allianz Pallacanestro Trieste<\/strong> e delle <strong>Frecce Tricolori<\/strong>. Vogliamo espandere le nostre prospettive e rafforzare ulteriormente i collegamenti tra la Slovenia, l\u2019Istria e il Quarnero con Venezia, uno dei nodi ferroviari e aerei principali in questa parte d\u2019Europa. Detto questo, non possiamo dimenticarci del grande potenziale turistico della regione, che nel periodo post Covid avr\u00e0 bisogno di aiuto\u201d, ha concluso Brata\u0161evec.<\/p>\n","protected":false},"excerpt":{"rendered":"<p>Ampliata la flotta<\/p>\n","protected":false},"author":28,"featured_media":35344,"comment_status":"closed","ping_status":"closed","sticky":false,"template":"","format":"standard","meta":{"dwc-title":[],"dwc-content":[],"footnotes":""},"categories":[5],"tags":[],"class_list":["post-35343","post","type-post","status-publish","format-standard","has-post-thumbnail","hentry","category-attualita"],"rttpg_featured_image_url":{"full":["https:\/\/imagazine.it\/wp-content\/uploads\/2024\/01\/37302-1.webp",1000,590,false],"landscape":["https:\/\/imagazine.it\/wp-content\/uploads\/2024\/01\/37302-1.webp",1000,590,false],"portraits":["https:\/\/imagazine.it\/wp-content\/uploads\/2024\/01\/37302-1.webp",1000,590,false],"thumbnail":["https:\/\/imagazine.it\/wp-content\/uploads\/2024\/01\/37302-1-150x150.webp",150,150,true],"medium":["https:\/\/imagazine.it\/wp-content\/uploads\/2024\/01\/37302-1-300x177.webp",300,177,true],"large":["https:\/\/imagazine.it\/wp-content\/uploads\/2024\/01\/37302-1.webp",640,378,false],"thumblist":["https:\/\/imagazine.it\/wp-content\/uploads\/2024\/01\/37302-1.webp",300,177,false],"thumbrelated":["https:\/\/imagazine.it\/wp-content\/uploads\/2024\/01\/37302-1.webp",500,295,false],"meccarouselthumb":["https:\/\/imagazine.it\/wp-content\/uploads\/2024\/01\/37302-1.webp",474,280,false],"gridsquare":["https:\/\/imagazine.it\/wp-content\/uploads\/2024\/01\/37302-1.webp",391,231,false],"tileview":["https:\/\/imagazine.it\/wp-content\/uploads\/2024\/01\/37302-1.webp",300,177,false],"1536x1536":["https:\/\/imagazine.it\/wp-content\/uploads\/2024\/01\/37302-1.webp",1000,590,false],"2048x2048":["https:\/\/imagazine.it\/wp-content\/uploads\/2024\/01\/37302-1.webp",1000,590,false],"newsup-slider-full":["https:\/\/imagazine.it\/wp-content\/uploads\/2024\/01\/37302-1.webp",1000,590,false],"newsup-featured":["https:\/\/imagazine.it\/wp-content\/uploads\/2024\/01\/37302-1.webp",1000,590,false],"newsup-medium":["https:\/\/imagazine.it\/wp-content\/uploads\/2024\/01\/37302-1-720x380.webp",720,380,true],"tptn_thumbnail":["https:\/\/imagazine.it\/wp-content\/uploads\/2024\/01\/37302-1.webp",250,148,false],"sow-carousel-default":["https:\/\/imagazine.it\/wp-content\/uploads\/2024\/01\/37302-1-272x182.webp",272,182,true]},"rttpg_author":{"display_name":"redazione","author_link":"https:\/\/imagazine.it\/home_desk\/author\/redazione\/"},"rttpg_comment":0,"rttpg_category":"<a href=\"https:\/\/imagazine.it\/home_desk\/category\/attualita\/\" rel=\"category tag\">ATTUALIT\u00c0<\/a>","rttpg_excerpt":"Ampliata la flotta","_links":{"self":[{"href":"https:\/\/imagazine.it\/home_desk\/wp-json\/wp\/v2\/posts\/35343","targetHints":{"allow":["GET"]}}],"collection":[{"href":"https:\/\/imagazine.it\/home_desk\/wp-json\/wp\/v2\/posts"}],"about":[{"href":"https:\/\/imagazine.it\/home_desk\/wp-json\/wp\/v2\/types\/post"}],"author":[{"embeddable":true,"href":"https:\/\/imagazine.it\/home_desk\/wp-json\/wp\/v2\/users\/28"}],"replies":[{"embeddable":true,"href":"https:\/\/imagazine.it\/home_desk\/wp-json\/wp\/v2\/comments?post=35343"}],"version-history":[{"count":0,"href":"https:\/\/imagazine.it\/home_desk\/wp-json\/wp\/v2\/posts\/35343\/revisions"}],"wp:featuredmedia":[{"embeddable":true,"href":"https:\/\/imagazine.it\/home_desk\/wp-json\/wp\/v2\/media\/35344"}],"wp:attachment":[{"href":"https:\/\/imagazine.it\/home_desk\/wp-json\/wp\/v2\/media?parent=35343"}],"wp:term":[{"taxonomy":"category","embeddable":true,"href":"https:\/\/imagazine.it\/home_desk\/wp-json\/wp\/v2\/categories?post=35343"},{"taxonomy":"post_tag","embeddable":true,"href":"https:\/\/imagazine.it\/home_desk\/wp-json\/wp\/v2\/tags?post=35343"}],"curies":[{"name":"wp","href":"https:\/\/api.w.org\/{rel}","templated":true}]}}