{"id":35339,"date":"2020-12-09T00:00:00","date_gmt":"2020-12-08T23:00:00","guid":{"rendered":"https:\/\/imagazine.it\/?p=35339"},"modified":"2020-12-09T00:00:00","modified_gmt":"2020-12-08T23:00:00","slug":"in-fvg-nuove-misure-per-avvicinare-giovani-e-mercato-del-lavoro","status":"publish","type":"post","link":"https:\/\/imagazine.it\/home_desk\/in-fvg-nuove-misure-per-avvicinare-giovani-e-mercato-del-lavoro\/","title":{"rendered":"In FVG nuove misure per avvicinare giovani e mercato del lavoro"},"content":{"rendered":"<p>L&#39;assessore regionale al Lavoro, formazione, istruzione, ricerca, universit\u00e0 e famiglia, <strong>Alessia Rosolen<\/strong>, ha partecipato al Comitato per la legislazione, il controllo e la valutazione del Consiglio regionale, relazionando sullo stato di attuazione della Legge 7 del 2017 che prevede interventi per rispondere alle difficolt\u00e0 di ingresso e permanenza dei giovani nel mercato del lavoro, in particolare a supporto di quei giovani tra i 18 e i 29 anni che non studiano e non lavorano n\u00e9 sono impegnati in percorsi formativi, i cosiddetti <em>Neet <\/em>(<em>Neither in Employment or in Education or Training<\/em>).<\/p>\n<p>Il contesto regionale in cui si inserisce la norma \u00e8 comunque positivo: secondo la fonte Demo Istat, all&#39;1 gennaio 2018, nel Friuli Venezia Giulia i giovani tra i 18 e i 29 anni sono il 10,7% dei residenti (130.096); tra lo, l&#39;8,6% non ha titoli scolastici superiori n\u00e9 qualifiche professionali derivanti da corsi della durata di almeno 2 anni, mentre la media nazionale \u00e8 del 13,5%.<\/p>\n<p>&#8220;\u00c8 un dato incoraggiante &#8211; ha commentato Rosolen &#8211; unitamente al fatto che circa il 40% dei giovani tra i 20 e i 24 anni partecipa al sistema di istruzione e formazione e identifica una regione nella quale i giovani hanno un buon livello di formazione e possono rappresentare una risorsa per il sistema produttivo locale&#8221;.<\/p>\n<p>Inoltre, nel triennio considerato, si \u00e8 registrata anche una progressiva riduzione dei giovani <em>Neet<\/em> di et\u00e0 tra i 15 e i 29 anni: dal 16,9% del 2017 al 13,7% del 2019, portando il Friuli Venezia Giulia al terzo posto a livello nazionale; in Italia, nello stesso periodo si \u00e8 passati dal 24,1 al 22,2%, mentre la media europea \u00e8 del 12,9%.<\/p>\n<p>Intercettare i <em>Neet<\/em> resta comunque una delle difficolt\u00e0 principali nelle politiche occupazionali rivolte ai giovani, soprattutto se provenienti da ambienti sociali caratterizzati da alti livelli di povert\u00e0.<\/p>\n<p>In considerazione del target, si \u00e8 ritenuto strategico prevedere nella norma l&#39;attivazione e il consolidamento nei territori di Reti locali di cooperazione tra enti pubblici, enti di formazione professionale, aziende ed enti del terzo settore ben radicati nel tessuto sociale delle diverse comunit\u00e0, per favorire l&#39;inserimento lavorativo dei giovani e combattere il rischio di esclusione sociale e di povert\u00e0.<\/p>\n<p>Il tutto con un impegno finanziario, per il triennio 2017-2019, di 4 milioni e 500 mila euro (3 milioni assegnati dal FSE e 1 milione e 500 mila euro di fondi regionali). Dei 91 progetti presentati nell&#39;ambito di Attivagiovani ne sono stati approvati 76, 48 dei quali avviati e conclusi; due sono ancora in corso, mentre le reti che hanno presentato progetti sono state 62. I giovani che si sono iscritti al percorso AttivaGiovani nel triennio 2017-2019 sono stati 536, dei quali 340 hanno terminato la formazione: 150 di essi hanno trovato lavoro, mentre il 22% di coloro che non hanno completato la formazione ha trovato occupazione.<\/p>\n<p>La Regione sta ora predisponendo un nuovo Avviso per AttivaGiovani, dotato di 1 milione e 800 mila euro: per superare la frammentazione territoriale e per valorizzare il contributo dei giovani residenti nei territori di riferimento, l&#39;Avviso sar\u00e0 articolato in 5 macro progettualit\u00e0 territoriali. A loro disposizione ci sar\u00e0 un pacchetto di servizi flessibile e personalizzato, per migliorare le competenze di base, di cittadinanza, digitali, acquisire una maggiore conoscenza del tessuto produttivo della regione e dei nuovi possibili scenari di sviluppo, acquisire consapevolezza e maturare anche prime competenze tecniche. Questo, mediante l&#39;attivazione di percorsi formativi, seminari, laboratori, visite ad aziende mediante una didattica attiva.<\/p>\n<p>L&#39;assessore ha infine illustrato il processo di attuazione e i risultati conseguiti attraverso le misure sperimentali di accompagnamento intensivo alla ricollocazione, previsti dal Capo III della legge, rivolto ai soggetti disoccupati residenti sul territorio regionale che abbiano perso il lavoro presso un&#39;unit\u00e0 aziendale situata sul territorio del Friuli Venezia Giulia, dichiarata in stato di crisi a seguito della grave difficolt\u00e0 occupazionale del settore manifatturiero.<\/p>\n<p><a href=\"http:\/\/imagazinevideotruck.it\/outlet\/relink_euro.html\" target=\"_top\" rel=\"noopener\"><img loading=\"lazy\" decoding=\"async\" align=\"LEFT\" height=\"250\" src=\"http:\/\/imagazinevideotruck.it\/outlet\/euromobili_banner_art.jpg\" width=\"300\" alt=\"\" title=\"\"><\/a><\/p>\n<p>\u00a0<\/p>\n<p>\u00a0<\/p>\n<p>\u00a0<\/p>\n<p>\u00a0<\/p>\n<p>\u00a0<\/p>\n<p>\u00a0<\/p>\n<p>\u00a0<\/p>\n<p>\u00a0<\/p>\n<p>\u00a0<\/p>\n<p>Sono stati presi in carico rispettivamente 18 lavoratori della Eaton srl di <strong>Monfalcone<\/strong>, 13 dei quali hanno concluso il percorso; 8 lavoratori della Burgo Group spa di <strong>Duino Aurisina<\/strong>; 13 lavoratori dell&#39;Ideal Standard industriale Srl di <strong>Zoppola<\/strong>.<\/p>\n","protected":false},"excerpt":{"rendered":"<p>Nuovo avviso per &#8220;AttivaGiovani&#8221;<\/p>\n","protected":false},"author":28,"featured_media":35340,"comment_status":"closed","ping_status":"closed","sticky":false,"template":"","format":"standard","meta":{"dwc-title":[],"dwc-content":[],"footnotes":""},"categories":[5],"tags":[],"class_list":["post-35339","post","type-post","status-publish","format-standard","has-post-thumbnail","hentry","category-attualita"],"rttpg_featured_image_url":{"full":["https:\/\/imagazine.it\/wp-content\/uploads\/2024\/01\/37300-1.webp",1000,669,false],"landscape":["https:\/\/imagazine.it\/wp-content\/uploads\/2024\/01\/37300-1.webp",1000,669,false],"portraits":["https:\/\/imagazine.it\/wp-content\/uploads\/2024\/01\/37300-1.webp",1000,669,false],"thumbnail":["https:\/\/imagazine.it\/wp-content\/uploads\/2024\/01\/37300-1-150x150.webp",150,150,true],"medium":["https:\/\/imagazine.it\/wp-content\/uploads\/2024\/01\/37300-1-300x201.webp",300,201,true],"large":["https:\/\/imagazine.it\/wp-content\/uploads\/2024\/01\/37300-1.webp",640,428,false],"thumblist":["https:\/\/imagazine.it\/wp-content\/uploads\/2024\/01\/37300-1.webp",300,201,false],"thumbrelated":["https:\/\/imagazine.it\/wp-content\/uploads\/2024\/01\/37300-1.webp",500,335,false],"meccarouselthumb":["https:\/\/imagazine.it\/wp-content\/uploads\/2024\/01\/37300-1.webp",474,317,false],"gridsquare":["https:\/\/imagazine.it\/wp-content\/uploads\/2024\/01\/37300-1.webp",389,260,false],"tileview":["https:\/\/imagazine.it\/wp-content\/uploads\/2024\/01\/37300-1.webp",300,201,false],"1536x1536":["https:\/\/imagazine.it\/wp-content\/uploads\/2024\/01\/37300-1.webp",1000,669,false],"2048x2048":["https:\/\/imagazine.it\/wp-content\/uploads\/2024\/01\/37300-1.webp",1000,669,false],"newsup-slider-full":["https:\/\/imagazine.it\/wp-content\/uploads\/2024\/01\/37300-1.webp",1000,669,false],"newsup-featured":["https:\/\/imagazine.it\/wp-content\/uploads\/2024\/01\/37300-1.webp",1000,669,false],"newsup-medium":["https:\/\/imagazine.it\/wp-content\/uploads\/2024\/01\/37300-1-720x380.webp",720,380,true],"tptn_thumbnail":["https:\/\/imagazine.it\/wp-content\/uploads\/2024\/01\/37300-1.webp",250,167,false],"sow-carousel-default":["https:\/\/imagazine.it\/wp-content\/uploads\/2024\/01\/37300-1-272x182.webp",272,182,true]},"rttpg_author":{"display_name":"redazione","author_link":"https:\/\/imagazine.it\/home_desk\/author\/redazione\/"},"rttpg_comment":0,"rttpg_category":"<a href=\"https:\/\/imagazine.it\/home_desk\/category\/attualita\/\" rel=\"category tag\">ATTUALIT\u00c0<\/a>","rttpg_excerpt":"Nuovo avviso per \"AttivaGiovani\"","_links":{"self":[{"href":"https:\/\/imagazine.it\/home_desk\/wp-json\/wp\/v2\/posts\/35339","targetHints":{"allow":["GET"]}}],"collection":[{"href":"https:\/\/imagazine.it\/home_desk\/wp-json\/wp\/v2\/posts"}],"about":[{"href":"https:\/\/imagazine.it\/home_desk\/wp-json\/wp\/v2\/types\/post"}],"author":[{"embeddable":true,"href":"https:\/\/imagazine.it\/home_desk\/wp-json\/wp\/v2\/users\/28"}],"replies":[{"embeddable":true,"href":"https:\/\/imagazine.it\/home_desk\/wp-json\/wp\/v2\/comments?post=35339"}],"version-history":[{"count":0,"href":"https:\/\/imagazine.it\/home_desk\/wp-json\/wp\/v2\/posts\/35339\/revisions"}],"wp:featuredmedia":[{"embeddable":true,"href":"https:\/\/imagazine.it\/home_desk\/wp-json\/wp\/v2\/media\/35340"}],"wp:attachment":[{"href":"https:\/\/imagazine.it\/home_desk\/wp-json\/wp\/v2\/media?parent=35339"}],"wp:term":[{"taxonomy":"category","embeddable":true,"href":"https:\/\/imagazine.it\/home_desk\/wp-json\/wp\/v2\/categories?post=35339"},{"taxonomy":"post_tag","embeddable":true,"href":"https:\/\/imagazine.it\/home_desk\/wp-json\/wp\/v2\/tags?post=35339"}],"curies":[{"name":"wp","href":"https:\/\/api.w.org\/{rel}","templated":true}]}}