{"id":35337,"date":"2020-12-09T00:00:00","date_gmt":"2020-12-08T23:00:00","guid":{"rendered":"https:\/\/imagazine.it\/?p=35337"},"modified":"2020-12-09T00:00:00","modified_gmt":"2020-12-08T23:00:00","slug":"fvg-la-carica-degli-oltre-1-500-presepi","status":"publish","type":"post","link":"https:\/\/imagazine.it\/home_desk\/fvg-la-carica-degli-oltre-1-500-presepi\/","title":{"rendered":"FVG, la carica degli oltre 1.500 presepi"},"content":{"rendered":"<p>Presentata la nuova edizione di <em>Presepi FVG &#8211; La tradizione che prende forma<\/em>, contenitore degli eventi natalizi del Comitato regionale del Friuli Venezia Giulia dell&#39;Unione nazionale tra le Pro Loco d&#39;Italia. Fulcro della proposta <strong><u><a href=\"http:\/\/presepifvg.it\" target=\"_blank\" rel=\"noopener\">il rinnovato sito web\u00a0<\/a><a data-saferedirecturl=\"https:\/\/www.google.com\/url?q=http:\/\/presepifvg.it\/&#038;source=gmail&#038;ust=1607615565854000&#038;usg=AFQjCNHxGvzoN0mtI3ewzkNmFvFrM76AiQ\" href=\"http:\/\/presepifvg.it\/\" target=\"_blank\" rel=\"noopener\">presepifvg.it<\/a><\/u><\/strong>\u00a0che contiene il Giro Presepi, ovvero <u><strong><a href=\"https:\/\/presepifvg.it\/presepi\/\" target=\"_blank\" rel=\"noopener\">la mappa con 118 siti presepiali in Friuli Venezia Giulia <\/a><\/strong><\/u>abbinati a utili indicazioni di quali siano fruibili liberamente nelle pubbliche piazze o chiese, quanti prevedano ingressi contingentati e quali, per quando si spera possano riprendere le visite guidate, sono adatti ai gruppi organizzati.<\/p>\n<p>In totale si tratta di <strong>1.500 Nativit\u00e0<\/strong> da ammirare durante le feste in Friuli Venezia Giulia: tra loro 9 presepi meccanici in movimento e 4 subacquei. <strong>Dodici gli itinerari territoriali proposti<\/strong>: Carnia; Cividale del Friuli e Vali del Natisone; Friuli Collinare e San Daniele del Friuli; Gemonese; Gorizia e Collio; Grado, Aquileia, Palmanova e dintorni; Lignano Sabbiadoro e dintorni; Piancavallo e Dolomiti Friulane; Pordenone e dintorni; Tarvisiano; Trieste e Carso, Udine e dintorni.<\/p>\n<p>\u201cCon questi presepi &#8211; ha spiegato il presidente delle Pro Loco regionali, <strong>Valter Pezzarini<\/strong> &#8211; abbiamo voluto donare un po\u2019 di speranza e fiducia nel futuro, proseguendo nel progetto anche se qualche rassegna presepiale storica non si \u00e8 potuta organizzare, accogliendo comunque allo stesso tempo delle nuove proposte come quella del <strong>Presepe galleggiante di Monfalcone<\/strong> o la rassegna nel bel compendio di <strong>Villa Ottelio Savorgnan a Rivignano<\/strong>. In tutto abbiamo stimato nel Giro Presepi ci siano oltre 1.500 opere da ammirare\u201d.<\/p>\n<p>A <strong>Villa Manin<\/strong> quest\u2019anno non ci sar\u00e0 la mostra dei presepi nell\u2019Esedra di Levante, ma comunque in accordo con ERPAC &#8211; Ente Regionale per il Patrimonio Culturale del Friuli Venezia Giulia nel cortile d\u2019onore di Villa Manin sar\u00e0 ospitato per tutto il periodo natalizio il presepe monumentale della Pro Loco Spilimbergo.<\/p>\n<p>Non solo: Codroipo rimarr\u00e0 lo stesso Citt\u00e0 dei Presepi, grazie alla collaborazione con il Comune e con <em>Codroipo c&#39;\u00e8<\/em>, l&#39;associazione delle Attivit\u00e0 economiche di Codroipo e del Medio Friuli, visto che saranno esposti nelle vetrine di 36 attivit\u00e0 commerciali aderenti i 41 presepi fatti a mano da artisti locali, di cui 3 in municipio.<\/p>\n<p>Posticipata al 2021 pure la mostra in galleria Tina Modotti a Udine: per\u00f2, come segno di buon augurio per il futuro, due presepi fatti a mano saranno esposti nel Municipio udinese con la collaborazione del Comune.\u00a0Inoltre dei presepi saranno esposti anche nella sede della Giunta regionale del Friuli Venezia Giulia a Trieste.\u00a0<\/p>\n<p>Confermato il <strong>Concorso Scuole dell&#39;Infanzia e Primarie del Friuli Venezia Giulia<\/strong>, intitolato quest&#39;anno &#8220;Emozioni di Natale&#8221;. &#8220;Non potendo &#8211; ha sottolineato Pezzarini insieme a <strong>Feliciano Medeot<\/strong> direttore della Societ\u00e0 Filologica Friulana &#8211; la giuria quest&#39;anno visitare le scuole saranno gli studenti della scuola dell&#39;infanzia a inviare un disegno mentre quelli della primaria invieranno un pensiero dedicato al Natale, che saranno attentamente valutati&#8221;.\u00a0Gi\u00e0 iscritte 12 scuole dell\u2019infanzia e 11 primarie.<\/p>\n","protected":false},"excerpt":{"rendered":"<p>La tradizione che prende forma<\/p>\n","protected":false},"author":28,"featured_media":35338,"comment_status":"closed","ping_status":"closed","sticky":false,"template":"","format":"standard","meta":{"dwc-title":[],"dwc-content":[],"footnotes":""},"categories":[8],"tags":[],"class_list":["post-35337","post","type-post","status-publish","format-standard","has-post-thumbnail","hentry","category-turismo"],"rttpg_featured_image_url":{"full":["https:\/\/imagazine.it\/wp-content\/uploads\/2024\/01\/37297-1.webp",1000,668,false],"landscape":["https:\/\/imagazine.it\/wp-content\/uploads\/2024\/01\/37297-1.webp",1000,668,false],"portraits":["https:\/\/imagazine.it\/wp-content\/uploads\/2024\/01\/37297-1.webp",1000,668,false],"thumbnail":["https:\/\/imagazine.it\/wp-content\/uploads\/2024\/01\/37297-1-150x150.webp",150,150,true],"medium":["https:\/\/imagazine.it\/wp-content\/uploads\/2024\/01\/37297-1-300x200.webp",300,200,true],"large":["https:\/\/imagazine.it\/wp-content\/uploads\/2024\/01\/37297-1.webp",640,428,false],"thumblist":["https:\/\/imagazine.it\/wp-content\/uploads\/2024\/01\/37297-1.webp",300,200,false],"thumbrelated":["https:\/\/imagazine.it\/wp-content\/uploads\/2024\/01\/37297-1.webp",500,334,false],"meccarouselthumb":["https:\/\/imagazine.it\/wp-content\/uploads\/2024\/01\/37297-1.webp",474,317,false],"gridsquare":["https:\/\/imagazine.it\/wp-content\/uploads\/2024\/01\/37297-1.webp",389,260,false],"tileview":["https:\/\/imagazine.it\/wp-content\/uploads\/2024\/01\/37297-1.webp",300,200,false],"1536x1536":["https:\/\/imagazine.it\/wp-content\/uploads\/2024\/01\/37297-1.webp",1000,668,false],"2048x2048":["https:\/\/imagazine.it\/wp-content\/uploads\/2024\/01\/37297-1.webp",1000,668,false],"newsup-slider-full":["https:\/\/imagazine.it\/wp-content\/uploads\/2024\/01\/37297-1.webp",1000,668,false],"newsup-featured":["https:\/\/imagazine.it\/wp-content\/uploads\/2024\/01\/37297-1.webp",1000,668,false],"newsup-medium":["https:\/\/imagazine.it\/wp-content\/uploads\/2024\/01\/37297-1-720x380.webp",720,380,true],"tptn_thumbnail":["https:\/\/imagazine.it\/wp-content\/uploads\/2024\/01\/37297-1.webp",250,167,false],"sow-carousel-default":["https:\/\/imagazine.it\/wp-content\/uploads\/2024\/01\/37297-1-272x182.webp",272,182,true]},"rttpg_author":{"display_name":"redazione","author_link":"https:\/\/imagazine.it\/home_desk\/author\/redazione\/"},"rttpg_comment":0,"rttpg_category":"<a href=\"https:\/\/imagazine.it\/home_desk\/category\/turismo\/\" rel=\"category tag\">TURISMO<\/a>","rttpg_excerpt":"La tradizione che prende forma","_links":{"self":[{"href":"https:\/\/imagazine.it\/home_desk\/wp-json\/wp\/v2\/posts\/35337","targetHints":{"allow":["GET"]}}],"collection":[{"href":"https:\/\/imagazine.it\/home_desk\/wp-json\/wp\/v2\/posts"}],"about":[{"href":"https:\/\/imagazine.it\/home_desk\/wp-json\/wp\/v2\/types\/post"}],"author":[{"embeddable":true,"href":"https:\/\/imagazine.it\/home_desk\/wp-json\/wp\/v2\/users\/28"}],"replies":[{"embeddable":true,"href":"https:\/\/imagazine.it\/home_desk\/wp-json\/wp\/v2\/comments?post=35337"}],"version-history":[{"count":0,"href":"https:\/\/imagazine.it\/home_desk\/wp-json\/wp\/v2\/posts\/35337\/revisions"}],"wp:featuredmedia":[{"embeddable":true,"href":"https:\/\/imagazine.it\/home_desk\/wp-json\/wp\/v2\/media\/35338"}],"wp:attachment":[{"href":"https:\/\/imagazine.it\/home_desk\/wp-json\/wp\/v2\/media?parent=35337"}],"wp:term":[{"taxonomy":"category","embeddable":true,"href":"https:\/\/imagazine.it\/home_desk\/wp-json\/wp\/v2\/categories?post=35337"},{"taxonomy":"post_tag","embeddable":true,"href":"https:\/\/imagazine.it\/home_desk\/wp-json\/wp\/v2\/tags?post=35337"}],"curies":[{"name":"wp","href":"https:\/\/api.w.org\/{rel}","templated":true}]}}