{"id":35333,"date":"2020-12-09T00:00:00","date_gmt":"2020-12-08T23:00:00","guid":{"rendered":"https:\/\/imagazine.it\/?p=35333"},"modified":"2020-12-09T00:00:00","modified_gmt":"2020-12-08T23:00:00","slug":"il-coro-di-ruda-rende-omaggio-alla-villotta-friulana","status":"publish","type":"post","link":"https:\/\/imagazine.it\/home_desk\/il-coro-di-ruda-rende-omaggio-alla-villotta-friulana\/","title":{"rendered":"Il Coro di Ruda rende omaggio alla villotta friulana"},"content":{"rendered":"<p>Il diciassettesimo Cd del <strong>Coro Polifonico di Ruda<\/strong> esce a 75 anni dalla sua nascita ed \u00e8 interamente dedicato alla villotta friulana, (composizione polifonica legata all&#39;antica tradizione del canto popolare\u00a0<em>friulano)<\/em>.<\/p>\n<p>Un tema musicale che tanta parte ha avuto nello sviluppo del canto corale del Friuli Venezia Giulia. <em>N\u00fbfcent furlan. Musichis su temis popol\u00e2rs di un Fri\u00fbl che nol \u00e8 plui<\/em>, questo il titolo, \u00e8 un \u201cviaggio nella memoria\u201d in 21 tracce, registrato dal vivo.<\/p>\n<p>Il Cd, che mostra in copertina il celebre quadro di Giuseppe Zigaina \u201c<em>Assemblea di braccianti sul Cormor<\/em>\u201d, \u00e8 il frutto di un progetto nato nel 2002 e che il Coro Polifonico di Ruda ha voluto pubblicare in questi mesi di confinamento, per testimoniare il desiderio di tutto il mondo corale di riprendere a cantare e di rilanciarsi dopo un lungo periodo di involontario silenzio.<\/p>\n<p>\u00abRovistando tra le carte del Coro \u2013racconta <strong>Pier Paolo Gratton<\/strong> \u2013 ci siamo imbattuti in questo master che era rimasto sovrastato dalle tante iniziative del Polifonico negli anni a seguire con la direzione di Fabiana Noro. Si tratta quindi di un lavoro \u201cdatato\u201d, ma che mantiene intatte le prerogative e le qualit\u00e0 del Coro anche se, oggi, quei protagonisti non cantano pi\u00f9\u00bb.<\/p>\n<p>Il progetto nasceva dall\u2019esigenza di proporre la musica friulana in modo diverso: per questo era stato contattato lo scrittore <strong>Alberto Garlini<\/strong>, che aveva steso una \u201cstoria\u201d di emigrazione, amori, passioni e guerre, mentre al maestro <strong>Daniele Zanettovich<\/strong> era stato assegnato l\u2019incarico della direzione. Cinque furono i concerti tenutisi in regione, con Sebastiano Zorza alla fisarmonica, Giorgio Fritsch alle percussioni, Eddi Bortolussi voce recitante e un gruppo femminile costituito per l\u2019occasione.<\/p>\n<p>Ora quel lavoro pu\u00f2 essere riascoltato, non per un semplice recupero della memoria, ma per guardare avanti e per constatare che, comunque, le radici del Coro sono sempre ben salde nel patrimonio musicale locale.<\/p>\n<p><a href=\"http:\/\/imagazinevideotruck.it\/outlet\/relink.html\" target=\"_top\" rel=\"noopener\"><img loading=\"lazy\" decoding=\"async\" align=\"LEFT\" height=\"250\" src=\"http:\/\/imagazinevideotruck.it\/outlet\/outlet30.gif\" width=\"300\" alt=\"\" title=\"\"><\/a><\/p>\n<p>\u00a0<\/p>\n<p>\u00a0<\/p>\n<p>\u00a0<\/p>\n<p>\u00a0<\/p>\n<p>\u00a0<\/p>\n<p>\u00a0<\/p>\n<p>\u00a0<\/p>\n<p>\u00a0<\/p>\n<p>\u00a0<\/p>\n<p>Con l\u2019uscita di questo cofanetto, <strong>disponibile a partire dal 15 dicembre<\/strong> in tutto il Friuli, il Polifonico completa un trittico d\u2019omaggio (Cd del Cinquantennale e <em>Ricuardi un timp<\/em>) alla lingua e alla cultura friulane.<\/p>\n<p>Il lavoro \u00e8 stato presentato in una conferenza stampa alla quale hanno preso parte, <strong>Eros Cisilino<\/strong>, presidente dell\u2019ARLeF, l\u2019assessore regionale alle autonomie locali, <strong>Pierpaolo Roberti<\/strong>, <strong>Pier Paolo Gratton<\/strong>, responsabile delle relazioni esterne del Coro e il musicologo <strong>Alessio Screm<\/strong>.\u00a0<\/p>\n","protected":false},"excerpt":{"rendered":"<p>Esce &#8220;N\u00fbfcent Furlan&#8221;<\/p>\n","protected":false},"author":28,"featured_media":35334,"comment_status":"closed","ping_status":"closed","sticky":false,"template":"","format":"standard","meta":{"dwc-title":[],"dwc-content":[],"footnotes":""},"categories":[37],"tags":[],"class_list":["post-35333","post","type-post","status-publish","format-standard","has-post-thumbnail","hentry","category-cultura-e-spettacolo"],"rttpg_featured_image_url":{"full":["https:\/\/imagazine.it\/wp-content\/uploads\/2024\/01\/37289-1.webp",1000,714,false],"landscape":["https:\/\/imagazine.it\/wp-content\/uploads\/2024\/01\/37289-1.webp",1000,714,false],"portraits":["https:\/\/imagazine.it\/wp-content\/uploads\/2024\/01\/37289-1.webp",1000,714,false],"thumbnail":["https:\/\/imagazine.it\/wp-content\/uploads\/2024\/01\/37289-1-150x150.webp",150,150,true],"medium":["https:\/\/imagazine.it\/wp-content\/uploads\/2024\/01\/37289-1-300x214.webp",300,214,true],"large":["https:\/\/imagazine.it\/wp-content\/uploads\/2024\/01\/37289-1.webp",640,457,false],"thumblist":["https:\/\/imagazine.it\/wp-content\/uploads\/2024\/01\/37289-1.webp",300,214,false],"thumbrelated":["https:\/\/imagazine.it\/wp-content\/uploads\/2024\/01\/37289-1.webp",500,357,false],"meccarouselthumb":["https:\/\/imagazine.it\/wp-content\/uploads\/2024\/01\/37289-1.webp",454,324,false],"gridsquare":["https:\/\/imagazine.it\/wp-content\/uploads\/2024\/01\/37289-1.webp",364,260,false],"tileview":["https:\/\/imagazine.it\/wp-content\/uploads\/2024\/01\/37289-1.webp",300,214,false],"1536x1536":["https:\/\/imagazine.it\/wp-content\/uploads\/2024\/01\/37289-1.webp",1000,714,false],"2048x2048":["https:\/\/imagazine.it\/wp-content\/uploads\/2024\/01\/37289-1.webp",1000,714,false],"newsup-slider-full":["https:\/\/imagazine.it\/wp-content\/uploads\/2024\/01\/37289-1.webp",1000,714,false],"newsup-featured":["https:\/\/imagazine.it\/wp-content\/uploads\/2024\/01\/37289-1.webp",1000,714,false],"newsup-medium":["https:\/\/imagazine.it\/wp-content\/uploads\/2024\/01\/37289-1-720x380.webp",720,380,true],"tptn_thumbnail":["https:\/\/imagazine.it\/wp-content\/uploads\/2024\/01\/37289-1.webp",250,179,false],"sow-carousel-default":["https:\/\/imagazine.it\/wp-content\/uploads\/2024\/01\/37289-1-272x182.webp",272,182,true]},"rttpg_author":{"display_name":"redazione","author_link":"https:\/\/imagazine.it\/home_desk\/author\/redazione\/"},"rttpg_comment":0,"rttpg_category":"<a href=\"https:\/\/imagazine.it\/home_desk\/category\/cultura-e-spettacolo\/\" rel=\"category tag\">CULTURA&amp;SPETTACOLO<\/a>","rttpg_excerpt":"Esce \"N\u00fbfcent Furlan\"","_links":{"self":[{"href":"https:\/\/imagazine.it\/home_desk\/wp-json\/wp\/v2\/posts\/35333","targetHints":{"allow":["GET"]}}],"collection":[{"href":"https:\/\/imagazine.it\/home_desk\/wp-json\/wp\/v2\/posts"}],"about":[{"href":"https:\/\/imagazine.it\/home_desk\/wp-json\/wp\/v2\/types\/post"}],"author":[{"embeddable":true,"href":"https:\/\/imagazine.it\/home_desk\/wp-json\/wp\/v2\/users\/28"}],"replies":[{"embeddable":true,"href":"https:\/\/imagazine.it\/home_desk\/wp-json\/wp\/v2\/comments?post=35333"}],"version-history":[{"count":0,"href":"https:\/\/imagazine.it\/home_desk\/wp-json\/wp\/v2\/posts\/35333\/revisions"}],"wp:featuredmedia":[{"embeddable":true,"href":"https:\/\/imagazine.it\/home_desk\/wp-json\/wp\/v2\/media\/35334"}],"wp:attachment":[{"href":"https:\/\/imagazine.it\/home_desk\/wp-json\/wp\/v2\/media?parent=35333"}],"wp:term":[{"taxonomy":"category","embeddable":true,"href":"https:\/\/imagazine.it\/home_desk\/wp-json\/wp\/v2\/categories?post=35333"},{"taxonomy":"post_tag","embeddable":true,"href":"https:\/\/imagazine.it\/home_desk\/wp-json\/wp\/v2\/tags?post=35333"}],"curies":[{"name":"wp","href":"https:\/\/api.w.org\/{rel}","templated":true}]}}