{"id":35331,"date":"2020-12-09T00:00:00","date_gmt":"2020-12-08T23:00:00","guid":{"rendered":"https:\/\/imagazine.it\/?p=35331"},"modified":"2020-12-09T00:00:00","modified_gmt":"2020-12-08T23:00:00","slug":"trieste-riqualificare-porto-vecchio-grazie-al-recovery-fund","status":"publish","type":"post","link":"https:\/\/imagazine.it\/home_desk\/trieste-riqualificare-porto-vecchio-grazie-al-recovery-fund\/","title":{"rendered":"Trieste, riqualificare Porto vecchio grazie al Recovery Fund"},"content":{"rendered":"<p>&#8220;Con il Recovery Fund possiamo ottenere i 150 milioni di euro necessari per recuperare un&#39;area importante del Porto vecchio di Trieste. Un progetto di sviluppo per la citt\u00e0 e per tutto il Friuli Venezia Giulia su cui stiamo lavorando da tempo e che adesso pu\u00f2 concretizzarsi grazie agli straordinari strumenti messi a disposizione dall&#39;Unione europea per rilanciare l&#39;economia duramente colpita dalla diffusione del Covid-19&#8221;.<\/p>\n<p>L&#39;assessore regionale al Patrimonio, <strong>Sebastiano Callari<\/strong>, presenta cos\u00ec il progetto &#8220;Porto vecchio&#8221; che interessa una superficie di 617 mila metri quadrati nel cuore della citt\u00e0 e che sar\u00e0 gestito da un consorzio di cui faranno parte la Regione, il Comune e l&#39;Autorit\u00e0 di sistema portuale del Mare Adriatico Orientale.<\/p>\n<p>&#8220;Si tratta di un grande piano di rigenerazione urbana attraverso il recupero edilizio e la riqualificazione di un&#39;area del Porto vecchio in abbandono da parecchi decenni &#8211; spiega Callari -. L&#39;intervento parte, in particolare, dall&#39;adeguamento e dalla ristrutturazione dei magazzini numero 2 e numero 4 nel pieno rispetto di tutti i vincoli storici e architettonici. Costruiti alla fine del 1800, gli edifici sono oggi fortemente deteriorati e non pi\u00f9 agibili&#8221;.<\/p>\n<p>&#8220;Alla base dello studio di fattibilit\u00e0 &#8211; sottolinea l&#39;assessore &#8211; anche la necessaria trasformazione delle aree esterne con la predisposizione delle nuove opere di urbanizzazione. Con un investimento di 26 milioni di euro saranno realizzate infatti le reti idriche, quelle di distribuzione del gas e dell&#39;energia elettrica, gli impianti idraulici di scarico e le infrastrutture digitali ma anche l&#39;intera viabilit\u00e0 e i parcheggi&#8221;.<\/p>\n<p>&#8220;Nei due magazzini rimodernati, che potranno ospitare circa 800 persone, saranno collocati tutti gli uffici della Regione che adesso sono sparsi in modo irrazionale in diverse zone di Trieste &#8211; ricorda Callari -. I cittadini, che avranno bisogno di accedere ai servizi erogati dal nostro ente, cos\u00ec potranno avere finalmente un&#39;unica sede di riferimento e la pubblica amministrazione far\u00e0 un decisivo passo in avanti nella direzione dell&#39;innovazione e del maggior efficientamento&#8221;.<\/p>\n<p>Oltre alla dotazione dei migliori impianti di illuminazione e termotecnici per il lavoro in ufficio, per queste strutture \u00e8 previsto anche l&#39;impiego spinto di strumenti &#39;green&#39;, con un ampio uso della domotica e di tecnologie informatiche all&#39;avanguardia.<\/p>\n<p>&#8220;Questa operazione ha un valore importantissimo in termini di razionalizzazione della spesa e del risparmio, in primis, quello energetico \u2013 precisa Callari -. Nei nostri obiettivi, infatti, anche la realizzazione di impianti che consentano a entrambi gli edifici di raggiungere l&#39;autosufficienza, sfruttando il moto ondoso e la forza del vento&#8221;.<\/p>\n<p><a href=\"http:\/\/imagazinevideotruck.it\/outlet\/relink_euro.html\" target=\"_top\" rel=\"noopener\"><img loading=\"lazy\" decoding=\"async\" align=\"LEFT\" height=\"250\" src=\"http:\/\/imagazinevideotruck.it\/outlet\/euromobili_banner_art.jpg\" width=\"300\" alt=\"\" title=\"\"><\/a><\/p>\n<p>\u00a0<\/p>\n<p>\u00a0<\/p>\n<p>\u00a0<\/p>\n<p>\u00a0<\/p>\n<p>\u00a0<\/p>\n<p>\u00a0<\/p>\n<p>\u00a0<\/p>\n<p>\u00a0<\/p>\n<p>\u00a0<\/p>\n<p>&#8220;In fase di progettazione &#8211; rivela Callari &#8211; anche uno spettacolare auditorium fronte mare in grado di mettere in collegamento esternamente le parti superiori dei due magazzini e un viale alberato che, partendo proprio dalla nuova sede della Regione e attraversando il Porto vecchio, finisca per raggiungere direttamente l&#39;ingresso della Stazione ferroviaria di Trieste, migliorando in modo significativo la viabilit\u00e0 cittadina&#8221;.<\/p>\n<p>&#8220;Gi\u00e0 in ottobre sono stati presentati, alle competenti commissioni nazionali per l&#39;utilizzo del Recovery Fund, i documenti necessari per ottenere il finanziamento di questo piano che &#8211; aggiunge l&#39;esponente della Giunta &#8211; \u00e8 stato inserito tra gli obiettivi strategici della Regione&#8221;.<\/p>\n","protected":false},"excerpt":{"rendered":"<p>L&#8217;anticipazione dell&#8217;assessore regionale Callari<\/p>\n","protected":false},"author":28,"featured_media":35332,"comment_status":"closed","ping_status":"closed","sticky":false,"template":"","format":"standard","meta":{"dwc-title":[],"dwc-content":[],"footnotes":""},"categories":[5],"tags":[],"class_list":["post-35331","post","type-post","status-publish","format-standard","has-post-thumbnail","hentry","category-attualita"],"rttpg_featured_image_url":{"full":["https:\/\/imagazine.it\/wp-content\/uploads\/2024\/01\/37282-1.webp",1000,419,false],"landscape":["https:\/\/imagazine.it\/wp-content\/uploads\/2024\/01\/37282-1.webp",1000,419,false],"portraits":["https:\/\/imagazine.it\/wp-content\/uploads\/2024\/01\/37282-1.webp",1000,419,false],"thumbnail":["https:\/\/imagazine.it\/wp-content\/uploads\/2024\/01\/37282-1-150x150.webp",150,150,true],"medium":["https:\/\/imagazine.it\/wp-content\/uploads\/2024\/01\/37282-1-300x126.webp",300,126,true],"large":["https:\/\/imagazine.it\/wp-content\/uploads\/2024\/01\/37282-1.webp",640,268,false],"thumblist":["https:\/\/imagazine.it\/wp-content\/uploads\/2024\/01\/37282-1.webp",300,126,false],"thumbrelated":["https:\/\/imagazine.it\/wp-content\/uploads\/2024\/01\/37282-1.webp",500,210,false],"meccarouselthumb":["https:\/\/imagazine.it\/wp-content\/uploads\/2024\/01\/37282-1.webp",474,199,false],"gridsquare":["https:\/\/imagazine.it\/wp-content\/uploads\/2024\/01\/37282-1.webp",391,164,false],"tileview":["https:\/\/imagazine.it\/wp-content\/uploads\/2024\/01\/37282-1.webp",300,126,false],"1536x1536":["https:\/\/imagazine.it\/wp-content\/uploads\/2024\/01\/37282-1.webp",1000,419,false],"2048x2048":["https:\/\/imagazine.it\/wp-content\/uploads\/2024\/01\/37282-1.webp",1000,419,false],"newsup-slider-full":["https:\/\/imagazine.it\/wp-content\/uploads\/2024\/01\/37282-1.webp",1000,419,false],"newsup-featured":["https:\/\/imagazine.it\/wp-content\/uploads\/2024\/01\/37282-1.webp",1000,419,false],"newsup-medium":["https:\/\/imagazine.it\/wp-content\/uploads\/2024\/01\/37282-1-720x380.webp",720,380,true],"tptn_thumbnail":["https:\/\/imagazine.it\/wp-content\/uploads\/2024\/01\/37282-1.webp",250,105,false],"sow-carousel-default":["https:\/\/imagazine.it\/wp-content\/uploads\/2024\/01\/37282-1-272x182.webp",272,182,true]},"rttpg_author":{"display_name":"redazione","author_link":"https:\/\/imagazine.it\/home_desk\/author\/redazione\/"},"rttpg_comment":0,"rttpg_category":"<a href=\"https:\/\/imagazine.it\/home_desk\/category\/attualita\/\" rel=\"category tag\">ATTUALIT\u00c0<\/a>","rttpg_excerpt":"L'anticipazione dell'assessore regionale Callari","_links":{"self":[{"href":"https:\/\/imagazine.it\/home_desk\/wp-json\/wp\/v2\/posts\/35331","targetHints":{"allow":["GET"]}}],"collection":[{"href":"https:\/\/imagazine.it\/home_desk\/wp-json\/wp\/v2\/posts"}],"about":[{"href":"https:\/\/imagazine.it\/home_desk\/wp-json\/wp\/v2\/types\/post"}],"author":[{"embeddable":true,"href":"https:\/\/imagazine.it\/home_desk\/wp-json\/wp\/v2\/users\/28"}],"replies":[{"embeddable":true,"href":"https:\/\/imagazine.it\/home_desk\/wp-json\/wp\/v2\/comments?post=35331"}],"version-history":[{"count":0,"href":"https:\/\/imagazine.it\/home_desk\/wp-json\/wp\/v2\/posts\/35331\/revisions"}],"wp:featuredmedia":[{"embeddable":true,"href":"https:\/\/imagazine.it\/home_desk\/wp-json\/wp\/v2\/media\/35332"}],"wp:attachment":[{"href":"https:\/\/imagazine.it\/home_desk\/wp-json\/wp\/v2\/media?parent=35331"}],"wp:term":[{"taxonomy":"category","embeddable":true,"href":"https:\/\/imagazine.it\/home_desk\/wp-json\/wp\/v2\/categories?post=35331"},{"taxonomy":"post_tag","embeddable":true,"href":"https:\/\/imagazine.it\/home_desk\/wp-json\/wp\/v2\/tags?post=35331"}],"curies":[{"name":"wp","href":"https:\/\/api.w.org\/{rel}","templated":true}]}}