{"id":35321,"date":"2020-12-07T00:00:00","date_gmt":"2020-12-06T23:00:00","guid":{"rendered":"https:\/\/imagazine.it\/?p=35321"},"modified":"2020-12-07T00:00:00","modified_gmt":"2020-12-06T23:00:00","slug":"staranzano-spesa-solidale-per-le-persone-in-difficolta","status":"publish","type":"post","link":"https:\/\/imagazine.it\/home_desk\/staranzano-spesa-solidale-per-le-persone-in-difficolta\/","title":{"rendered":"Staranzano, spesa solidale per le persone in difficolt\u00e0"},"content":{"rendered":"<p>Promossa dal <strong>Circolo ACLI &#8211; US ACLI &#8220;Mons. Francesco Plet&#8221;<\/strong> e dalla locale <strong>Pro Loco<\/strong>, \u00e8 partita a <strong>Staranzano <\/strong>l\u2019iniziativa di solidariet\u00e0 <strong>&#8220;COndiVIDi LA SPESA&#8221;<\/strong>:\u00a0raccolta di generi alimentari e prodotti utili per le famiglie pi\u00f9 in difficolt\u00e0.<\/p>\n<p><strong>Fino al 20 dicembre<\/strong>, dal luned\u00ec al venerd\u00ec, \u00e8 possibile consegnare la spesa che si desidera donare presso la sede del Circolo Acli, via Edmondo De Amicis 10 (<strong>dalle ore 17 alle ore 18<\/strong>) e presso la sede della Pro Loco in piazza Dante Alighieri 26 (<strong>dalle ore 10 alle ore 12<\/strong>), dove sar\u00e0 disponibile all&#39;esterno un carrello in depositare i prodotti.<\/p>\n<p>La raccolta verr\u00e0 effettuata anche nei punti vendita aderenti di Staranzano, presso le apposite postazioni e al termine delle celebrazioni festive (sabato e domenica) presso la chiesa dei Santi Pietro e Paolo.<\/p>\n<p><a href=\"http:\/\/imagazinevideotruck.it\/outlet\/relink_euro.html\" target=\"_top\" rel=\"noopener\"><img loading=\"lazy\" decoding=\"async\" align=\"LEFT\" height=\"250\" src=\"http:\/\/imagazinevideotruck.it\/outlet\/euromobili_banner_art.jpg\" width=\"300\" alt=\"\" title=\"\"><\/a><\/p>\n<p>\u00a0<\/p>\n<p>\u00a0<\/p>\n<p>\u00a0<\/p>\n<p>\u00a0<\/p>\n<p>\u00a0<\/p>\n<p>\u00a0<\/p>\n<p>\u00a0<\/p>\n<p>\u00a0<\/p>\n<p>\u00a0<\/p>\n<p>Tutti possono contribuire con <strong>generi alimentari non deperibili<\/strong>, a lunga scadenza, materiale per l&#39;<strong>igiene personale e per la pulizia della casa<\/strong>. Nello specifico viene sottolineato che in questo periodo sono molto richiesti: passata e polpa di pomodoro, scatole di tonno, scatole di legumi, caff\u00e8, olio (sottinteso che naturalmente qualsiasi donazione sar\u00e0 ben accolta).<\/p>\n","protected":false},"excerpt":{"rendered":"<p>Promossa da ACLI e Pro Loco<\/p>\n","protected":false},"author":22,"featured_media":35322,"comment_status":"closed","ping_status":"closed","sticky":false,"template":"","format":"standard","meta":{"dwc-title":[],"dwc-content":[],"footnotes":""},"categories":[5],"tags":[],"class_list":["post-35321","post","type-post","status-publish","format-standard","has-post-thumbnail","hentry","category-attualita"],"rttpg_featured_image_url":{"full":["https:\/\/imagazine.it\/wp-content\/uploads\/2024\/01\/37256-1.webp",1000,750,false],"landscape":["https:\/\/imagazine.it\/wp-content\/uploads\/2024\/01\/37256-1.webp",1000,750,false],"portraits":["https:\/\/imagazine.it\/wp-content\/uploads\/2024\/01\/37256-1.webp",1000,750,false],"thumbnail":["https:\/\/imagazine.it\/wp-content\/uploads\/2024\/01\/37256-1-150x150.webp",150,150,true],"medium":["https:\/\/imagazine.it\/wp-content\/uploads\/2024\/01\/37256-1-300x225.webp",300,225,true],"large":["https:\/\/imagazine.it\/wp-content\/uploads\/2024\/01\/37256-1.webp",640,480,false],"thumblist":["https:\/\/imagazine.it\/wp-content\/uploads\/2024\/01\/37256-1.webp",300,225,false],"thumbrelated":["https:\/\/imagazine.it\/wp-content\/uploads\/2024\/01\/37256-1.webp",500,375,false],"meccarouselthumb":["https:\/\/imagazine.it\/wp-content\/uploads\/2024\/01\/37256-1.webp",432,324,false],"gridsquare":["https:\/\/imagazine.it\/wp-content\/uploads\/2024\/01\/37256-1.webp",347,260,false],"tileview":["https:\/\/imagazine.it\/wp-content\/uploads\/2024\/01\/37256-1.webp",300,225,false],"1536x1536":["https:\/\/imagazine.it\/wp-content\/uploads\/2024\/01\/37256-1.webp",1000,750,false],"2048x2048":["https:\/\/imagazine.it\/wp-content\/uploads\/2024\/01\/37256-1.webp",1000,750,false],"newsup-slider-full":["https:\/\/imagazine.it\/wp-content\/uploads\/2024\/01\/37256-1-1000x720.webp",1000,720,true],"newsup-featured":["https:\/\/imagazine.it\/wp-content\/uploads\/2024\/01\/37256-1.webp",1000,750,false],"newsup-medium":["https:\/\/imagazine.it\/wp-content\/uploads\/2024\/01\/37256-1-720x380.webp",720,380,true],"tptn_thumbnail":["https:\/\/imagazine.it\/wp-content\/uploads\/2024\/01\/37256-1.webp",250,188,false],"sow-carousel-default":["https:\/\/imagazine.it\/wp-content\/uploads\/2024\/01\/37256-1-272x182.webp",272,182,true]},"rttpg_author":{"display_name":"Livio Nonis","author_link":"https:\/\/imagazine.it\/home_desk\/author\/nonis\/"},"rttpg_comment":0,"rttpg_category":"<a href=\"https:\/\/imagazine.it\/home_desk\/category\/attualita\/\" rel=\"category tag\">ATTUALIT\u00c0<\/a>","rttpg_excerpt":"Promossa da ACLI e Pro Loco","_links":{"self":[{"href":"https:\/\/imagazine.it\/home_desk\/wp-json\/wp\/v2\/posts\/35321","targetHints":{"allow":["GET"]}}],"collection":[{"href":"https:\/\/imagazine.it\/home_desk\/wp-json\/wp\/v2\/posts"}],"about":[{"href":"https:\/\/imagazine.it\/home_desk\/wp-json\/wp\/v2\/types\/post"}],"author":[{"embeddable":true,"href":"https:\/\/imagazine.it\/home_desk\/wp-json\/wp\/v2\/users\/22"}],"replies":[{"embeddable":true,"href":"https:\/\/imagazine.it\/home_desk\/wp-json\/wp\/v2\/comments?post=35321"}],"version-history":[{"count":0,"href":"https:\/\/imagazine.it\/home_desk\/wp-json\/wp\/v2\/posts\/35321\/revisions"}],"wp:featuredmedia":[{"embeddable":true,"href":"https:\/\/imagazine.it\/home_desk\/wp-json\/wp\/v2\/media\/35322"}],"wp:attachment":[{"href":"https:\/\/imagazine.it\/home_desk\/wp-json\/wp\/v2\/media?parent=35321"}],"wp:term":[{"taxonomy":"category","embeddable":true,"href":"https:\/\/imagazine.it\/home_desk\/wp-json\/wp\/v2\/categories?post=35321"},{"taxonomy":"post_tag","embeddable":true,"href":"https:\/\/imagazine.it\/home_desk\/wp-json\/wp\/v2\/tags?post=35321"}],"curies":[{"name":"wp","href":"https:\/\/api.w.org\/{rel}","templated":true}]}}