{"id":35315,"date":"2020-12-07T00:00:00","date_gmt":"2020-12-06T23:00:00","guid":{"rendered":"https:\/\/imagazine.it\/?p=35315"},"modified":"2020-12-07T00:00:00","modified_gmt":"2020-12-06T23:00:00","slug":"cormons-e-la-diocesi-commemorano-don-fausto-furlanut","status":"publish","type":"post","link":"https:\/\/imagazine.it\/home_desk\/cormons-e-la-diocesi-commemorano-don-fausto-furlanut\/","title":{"rendered":"Corm\u00f2ns e la diocesi commemorano don Fausto Furlanut"},"content":{"rendered":"<p>Nelle prime ore di sabato 5 dicembre \u00e8 deceduto <strong>don Fausto Furlanut<\/strong>, sacerdote della comunit\u00e0 di Corm\u00f2ns.<\/p>\n<p>L\u2019attuale situazione epidemiologica e le norme vigenti non consentiranno di celebrare le esequie secondo le consuete modalit\u00e0.<\/p>\n<p>L\u2019arcivescovo, <strong>monsignor Carlo Roberto Maria Redaelli<\/strong>, in accordo con il parroco di Corm\u00f2ns, <strong>monsignor Paolo Nutarelli<\/strong>, e con i familiari di don Fausto, hanno stilato un apposito programma per consentire ugualmente ai fedeli di commemorare don Furlanut.<\/p>\n<p>Viene garantita la possibilit\u00e0 di accesso al Duomo di Corm\u00f2ns per la preghiera e l\u2019omaggio alle spoglie mortali di don Fausto <strong>dalle ore 15.30 alle ore 21.30 di mercoled\u00ec 9 dicembre<\/strong> e <strong>dalle ore 7 alle ore 12 di gioved\u00ec 10 dicembre<\/strong>. I fedeli che non potranno partecipare alle esequie vengono invitati ad approfittare di questa possibilit\u00e0.<\/p>\n<p>La partecipazione al <strong>funerale<\/strong>, che si terr\u00e0 alle <strong>ore 14 di gioved\u00ec nel Duomo di Corm\u00f2ns<\/strong>, potr\u00e0 avvenire solo su prenotazione ed esibizione di un pass. La partecipazione \u00e8 strettamente riservata ai familiari di don Fausto, ai rappresentanti delle 4 parrocchie dell\u2019unit\u00e0 pastorale, alle suore rappresentanti della Comunit\u00e0 di Rosa Mistica e della Comunit\u00e0 delle Suore Pastorelle, ai rappresentanti delle amministrazioni comunali di Corm\u00f2ns e Dolegna del Collio.<\/p>\n<p>La celebrazione esequiale sar\u00e0 presieduta dall\u2019arcivescovo e potranno concelebrare con lui solo il vicario generale, i vicari episcopali, i decani, il parroco e i sacerdoti e diaconi dell\u2019unit\u00e0 pastorale di Corm\u00f2ns.<\/p>\n<p>La celebrazione sar\u00e0 trasmessa via streaming sui canali social della parrocchia e della diocesi.<\/p>\n<p><a href=\"http:\/\/imagazinevideotruck.it\/outlet\/relink.html\" target=\"_top\" rel=\"noopener\"><img loading=\"lazy\" decoding=\"async\" align=\"LEFT\" height=\"250\" src=\"http:\/\/imagazinevideotruck.it\/outlet\/outlet30.gif\" width=\"300\" alt=\"\" title=\"\"><\/a><\/p>\n<p>\u00a0<\/p>\n<p>\u00a0<\/p>\n<p>\u00a0<\/p>\n<p>\u00a0<\/p>\n<p>\u00a0<\/p>\n<p>\u00a0<\/p>\n<p>\u00a0<\/p>\n<p>\u00a0<\/p>\n<p>\u00a0<\/p>\n<p>Per venire incontro al desiderio di sacerdoti e diaconi che non potranno partecipare alle esequie di avere un momento comune di preghiera per don Fausto, <strong>marted\u00ec 5 gennaio alle ore 11<\/strong> (giorno trigesimo) presso la <strong>chiesa di Sant\u2019Ignazio a Gorizia<\/strong> \u00e8 prevista una celebrazione di suffragio cui sono invitati tutti i sacerdoti e i diaconi della Diocesi.<\/p>\n<p><img decoding=\"async\" alt=\"\" src=\"\/ckeditor_assets\/pictures\/1157\/content_don_fausto_locandina.jpeg\" style=\"width: 600px; height: 849px;\" title=\"\"><\/p>\n","protected":false},"excerpt":{"rendered":"<p>Gioved\u00ec i funerali con accesso su prenotazione<\/p>\n","protected":false},"author":28,"featured_media":35316,"comment_status":"closed","ping_status":"closed","sticky":false,"template":"","format":"standard","meta":{"dwc-title":[],"dwc-content":[],"footnotes":""},"categories":[5],"tags":[],"class_list":["post-35315","post","type-post","status-publish","format-standard","has-post-thumbnail","hentry","category-attualita"],"rttpg_featured_image_url":{"full":["https:\/\/imagazine.it\/wp-content\/uploads\/2024\/01\/37249-1.webp",1000,773,false],"landscape":["https:\/\/imagazine.it\/wp-content\/uploads\/2024\/01\/37249-1.webp",1000,773,false],"portraits":["https:\/\/imagazine.it\/wp-content\/uploads\/2024\/01\/37249-1.webp",1000,773,false],"thumbnail":["https:\/\/imagazine.it\/wp-content\/uploads\/2024\/01\/37249-1-150x150.webp",150,150,true],"medium":["https:\/\/imagazine.it\/wp-content\/uploads\/2024\/01\/37249-1-300x232.webp",300,232,true],"large":["https:\/\/imagazine.it\/wp-content\/uploads\/2024\/01\/37249-1.webp",640,495,false],"thumblist":["https:\/\/imagazine.it\/wp-content\/uploads\/2024\/01\/37249-1.webp",300,232,false],"thumbrelated":["https:\/\/imagazine.it\/wp-content\/uploads\/2024\/01\/37249-1.webp",500,387,false],"meccarouselthumb":["https:\/\/imagazine.it\/wp-content\/uploads\/2024\/01\/37249-1.webp",419,324,false],"gridsquare":["https:\/\/imagazine.it\/wp-content\/uploads\/2024\/01\/37249-1.webp",336,260,false],"tileview":["https:\/\/imagazine.it\/wp-content\/uploads\/2024\/01\/37249-1.webp",300,232,false],"1536x1536":["https:\/\/imagazine.it\/wp-content\/uploads\/2024\/01\/37249-1.webp",1000,773,false],"2048x2048":["https:\/\/imagazine.it\/wp-content\/uploads\/2024\/01\/37249-1.webp",1000,773,false],"newsup-slider-full":["https:\/\/imagazine.it\/wp-content\/uploads\/2024\/01\/37249-1-1000x720.webp",1000,720,true],"newsup-featured":["https:\/\/imagazine.it\/wp-content\/uploads\/2024\/01\/37249-1.webp",1000,773,false],"newsup-medium":["https:\/\/imagazine.it\/wp-content\/uploads\/2024\/01\/37249-1-720x380.webp",720,380,true],"tptn_thumbnail":["https:\/\/imagazine.it\/wp-content\/uploads\/2024\/01\/37249-1.webp",250,193,false],"sow-carousel-default":["https:\/\/imagazine.it\/wp-content\/uploads\/2024\/01\/37249-1-272x182.webp",272,182,true]},"rttpg_author":{"display_name":"redazione","author_link":"https:\/\/imagazine.it\/home_desk\/author\/redazione\/"},"rttpg_comment":0,"rttpg_category":"<a href=\"https:\/\/imagazine.it\/home_desk\/category\/attualita\/\" rel=\"category tag\">ATTUALIT\u00c0<\/a>","rttpg_excerpt":"Gioved\u00ec i funerali con accesso su prenotazione","_links":{"self":[{"href":"https:\/\/imagazine.it\/home_desk\/wp-json\/wp\/v2\/posts\/35315","targetHints":{"allow":["GET"]}}],"collection":[{"href":"https:\/\/imagazine.it\/home_desk\/wp-json\/wp\/v2\/posts"}],"about":[{"href":"https:\/\/imagazine.it\/home_desk\/wp-json\/wp\/v2\/types\/post"}],"author":[{"embeddable":true,"href":"https:\/\/imagazine.it\/home_desk\/wp-json\/wp\/v2\/users\/28"}],"replies":[{"embeddable":true,"href":"https:\/\/imagazine.it\/home_desk\/wp-json\/wp\/v2\/comments?post=35315"}],"version-history":[{"count":0,"href":"https:\/\/imagazine.it\/home_desk\/wp-json\/wp\/v2\/posts\/35315\/revisions"}],"wp:featuredmedia":[{"embeddable":true,"href":"https:\/\/imagazine.it\/home_desk\/wp-json\/wp\/v2\/media\/35316"}],"wp:attachment":[{"href":"https:\/\/imagazine.it\/home_desk\/wp-json\/wp\/v2\/media?parent=35315"}],"wp:term":[{"taxonomy":"category","embeddable":true,"href":"https:\/\/imagazine.it\/home_desk\/wp-json\/wp\/v2\/categories?post=35315"},{"taxonomy":"post_tag","embeddable":true,"href":"https:\/\/imagazine.it\/home_desk\/wp-json\/wp\/v2\/tags?post=35315"}],"curies":[{"name":"wp","href":"https:\/\/api.w.org\/{rel}","templated":true}]}}