{"id":35307,"date":"2020-12-07T00:00:00","date_gmt":"2020-12-06T23:00:00","guid":{"rendered":"https:\/\/imagazine.it\/?p=35307"},"modified":"2020-12-07T00:00:00","modified_gmt":"2020-12-06T23:00:00","slug":"gorizia-rinvenuti-reperti-antichi-in-borgo-castello","status":"publish","type":"post","link":"https:\/\/imagazine.it\/home_desk\/gorizia-rinvenuti-reperti-antichi-in-borgo-castello\/","title":{"rendered":"Gorizia, rinvenuti reperti antichi in Borgo Castello"},"content":{"rendered":"<p>Durante i lavori di riqualificazione e riorganizzazione dei giardini e delle aree pertinenziali dei <strong>Musei provinciali di Borgo Castello a Gorizia<\/strong> (in gestione all\u2019<strong>Erpac FVG<\/strong>), sono state portate alla luce due murature legate alle fasi bassomedievali e moderne di regolarizzazione del pendio mediante la creazione di terrazzamenti sfruttati ad area verde.<\/p>\n<p>Subito intervenuta, la Soprintendenza Archeologia, Belle Arti e Paesaggio del Friuli Venezia Giulia ha rilevato il particolare interesse di una di queste strutture, poich\u00e9 andava a raggiungere con la sua fondazione la bancata di\u00a0<em>flysch<\/em>\u00a0naturale.<\/p>\n<p>La roccia, in questo punto, sembra essere stata gi\u00e0 tagliata in precedenza, forse per l&#39;alloggiamento di strutture in materiali deperibili ora completamente perdute. Il sottile livello di argilla che copriva direttamente la roccia ha restituito esclusivamente frammenti ceramici databili alla prima et\u00e0 del ferro (VIII sec. a.C. circa) e la bancata stessa presentava chiazze di arrossamento, verosimilmente dovute all&#39;esposizione al fuoco.<\/p>\n<p>Tutti questi elementi lasciano ipotizzare la presenza di un insediamento protostorico nelle aree limitrofe a quella indagata, probabilmente in posizione leggermente pi\u00f9 rilevata.<\/p>\n<p>I lavori di riqualificazione dei giardini e delle aree pertinenziali dei Musei Provinciali di Gorizia sono finanziati dal <strong>Programma Interreg Italia \u2013 Slovenia \u201cWalk of Peace\u201d<\/strong> e dall\u2019<strong>Erpac FVG &#8211; Ente Regionale per il Patrimonio Culturale del Friuli Venezia Giulia<\/strong>. Prevedono una generale pulizia dell\u2019area e una riorganizzazione della stessa, puntando sull\u2019elemento vegetale, che diventa tema progettuale al pari degli spazi pavimentati e dei manufatti che saranno collocati sull\u2019area.<\/p>\n<p>Il tema prevalente del progetto del verde \u00e8 basato sulla colorazione rossastra del fogliame e delle essenze\u00a0erbacee e graminacee e arbustive scelte. Il rosso \u00e8 un colore non scelto casualmente: \u00e8 una tonalit\u00e0 impattante ed evocativa di un periodo della storia europea e, in particolare, della storia di quest\u2019area. Per tanto, il rosso vuole evocare la sofferenza e l\u2019angoscia legate al primo conflitto mondiale. Tale colorazione non riguarder\u00e0 esclusivamente la fioritura delle essenze, ma anche il fogliame.<\/p>\n<p><a href=\"http:\/\/imagazinevideotruck.it\/outlet\/relink.html\" target=\"_top\" rel=\"noopener\"><img loading=\"lazy\" decoding=\"async\" align=\"LEFT\" height=\"250\" src=\"http:\/\/imagazinevideotruck.it\/outlet\/outlet30.gif\" width=\"300\" alt=\"\" title=\"\"><\/a><\/p>\n<p>\u00a0<\/p>\n<p>\u00a0<\/p>\n<p>\u00a0<\/p>\n<p>\u00a0<\/p>\n<p>\u00a0<\/p>\n<p>\u00a0<\/p>\n<p>\u00a0<\/p>\n<p>\u00a0<\/p>\n<p>\u00a0<\/p>\n<p>Verranno anche sistemate panchine, dalle quali si potr\u00e0 godere il panorama circostante. E soprattutto, verr\u00e0 creata una accessibilit\u00e0 ai Musei per le persone con difficolt\u00e0 motoria.<\/p>\n","protected":false},"excerpt":{"rendered":"<p>Durante lavori di riqualificazione<\/p>\n","protected":false},"author":28,"featured_media":35308,"comment_status":"closed","ping_status":"closed","sticky":false,"template":"","format":"standard","meta":{"dwc-title":[],"dwc-content":[],"footnotes":""},"categories":[5],"tags":[],"class_list":["post-35307","post","type-post","status-publish","format-standard","has-post-thumbnail","hentry","category-attualita"],"rttpg_featured_image_url":{"full":["https:\/\/imagazine.it\/wp-content\/uploads\/2024\/01\/37241-1.webp",1000,750,false],"landscape":["https:\/\/imagazine.it\/wp-content\/uploads\/2024\/01\/37241-1.webp",1000,750,false],"portraits":["https:\/\/imagazine.it\/wp-content\/uploads\/2024\/01\/37241-1.webp",1000,750,false],"thumbnail":["https:\/\/imagazine.it\/wp-content\/uploads\/2024\/01\/37241-1-150x150.webp",150,150,true],"medium":["https:\/\/imagazine.it\/wp-content\/uploads\/2024\/01\/37241-1-300x225.webp",300,225,true],"large":["https:\/\/imagazine.it\/wp-content\/uploads\/2024\/01\/37241-1.webp",640,480,false],"thumblist":["https:\/\/imagazine.it\/wp-content\/uploads\/2024\/01\/37241-1.webp",300,225,false],"thumbrelated":["https:\/\/imagazine.it\/wp-content\/uploads\/2024\/01\/37241-1.webp",500,375,false],"meccarouselthumb":["https:\/\/imagazine.it\/wp-content\/uploads\/2024\/01\/37241-1.webp",432,324,false],"gridsquare":["https:\/\/imagazine.it\/wp-content\/uploads\/2024\/01\/37241-1.webp",347,260,false],"tileview":["https:\/\/imagazine.it\/wp-content\/uploads\/2024\/01\/37241-1.webp",300,225,false],"1536x1536":["https:\/\/imagazine.it\/wp-content\/uploads\/2024\/01\/37241-1.webp",1000,750,false],"2048x2048":["https:\/\/imagazine.it\/wp-content\/uploads\/2024\/01\/37241-1.webp",1000,750,false],"newsup-slider-full":["https:\/\/imagazine.it\/wp-content\/uploads\/2024\/01\/37241-1-1000x720.webp",1000,720,true],"newsup-featured":["https:\/\/imagazine.it\/wp-content\/uploads\/2024\/01\/37241-1.webp",1000,750,false],"newsup-medium":["https:\/\/imagazine.it\/wp-content\/uploads\/2024\/01\/37241-1-720x380.webp",720,380,true],"tptn_thumbnail":["https:\/\/imagazine.it\/wp-content\/uploads\/2024\/01\/37241-1.webp",250,188,false],"sow-carousel-default":["https:\/\/imagazine.it\/wp-content\/uploads\/2024\/01\/37241-1-272x182.webp",272,182,true]},"rttpg_author":{"display_name":"redazione","author_link":"https:\/\/imagazine.it\/home_desk\/author\/redazione\/"},"rttpg_comment":0,"rttpg_category":"<a href=\"https:\/\/imagazine.it\/home_desk\/category\/attualita\/\" rel=\"category tag\">ATTUALIT\u00c0<\/a>","rttpg_excerpt":"Durante lavori di riqualificazione","_links":{"self":[{"href":"https:\/\/imagazine.it\/home_desk\/wp-json\/wp\/v2\/posts\/35307","targetHints":{"allow":["GET"]}}],"collection":[{"href":"https:\/\/imagazine.it\/home_desk\/wp-json\/wp\/v2\/posts"}],"about":[{"href":"https:\/\/imagazine.it\/home_desk\/wp-json\/wp\/v2\/types\/post"}],"author":[{"embeddable":true,"href":"https:\/\/imagazine.it\/home_desk\/wp-json\/wp\/v2\/users\/28"}],"replies":[{"embeddable":true,"href":"https:\/\/imagazine.it\/home_desk\/wp-json\/wp\/v2\/comments?post=35307"}],"version-history":[{"count":0,"href":"https:\/\/imagazine.it\/home_desk\/wp-json\/wp\/v2\/posts\/35307\/revisions"}],"wp:featuredmedia":[{"embeddable":true,"href":"https:\/\/imagazine.it\/home_desk\/wp-json\/wp\/v2\/media\/35308"}],"wp:attachment":[{"href":"https:\/\/imagazine.it\/home_desk\/wp-json\/wp\/v2\/media?parent=35307"}],"wp:term":[{"taxonomy":"category","embeddable":true,"href":"https:\/\/imagazine.it\/home_desk\/wp-json\/wp\/v2\/categories?post=35307"},{"taxonomy":"post_tag","embeddable":true,"href":"https:\/\/imagazine.it\/home_desk\/wp-json\/wp\/v2\/tags?post=35307"}],"curies":[{"name":"wp","href":"https:\/\/api.w.org\/{rel}","templated":true}]}}