{"id":35303,"date":"2020-12-05T00:00:00","date_gmt":"2020-12-04T23:00:00","guid":{"rendered":"https:\/\/imagazine.it\/?p=35303"},"modified":"2020-12-05T00:00:00","modified_gmt":"2020-12-04T23:00:00","slug":"coronavirus-fedriga-firma-la-nuova-ordinanza","status":"publish","type":"post","link":"https:\/\/imagazine.it\/home_desk\/coronavirus-fedriga-firma-la-nuova-ordinanza\/","title":{"rendered":"Coronavirus, Fedriga firma la nuova ordinanza"},"content":{"rendered":"<p>Il governatore del Friuli Venezia Giulia, <strong>Massimiliano Fedriga<\/strong>, ha firmato quest&#39;oggi l&#39;Ordinanza contingibile e urgente n. 45\u00a0\u00a0in materia di contenimento e gestione dell\u2019emergenza epidemiologica da SARS-CoV-2.<\/p>\n<p>Entrer\u00e0 in vigore domani, domenica 6 dicembre, e rester\u00e0 valida fino al prossimo 15 gennaio.<\/p>\n<p><u><a href=\"http:\/\/www.regione.fvg.it\/rafvg\/export\/sites\/default\/RAFVG\/hp-new\/in-evidenza\/allegati\/Ordinanza_45_PC_FVG_dd_05_12_2020.pdf\" target=\"_blank\" rel=\"noopener\">Clicca qui per leggere il testo integrale.<\/a><\/u><\/p>\n<p>&#8220;Mi rendo conto &#8211; ha spiegato il governatore &#8211; che, sotto molti punti di vista, questo possa rappresentare un sacrificio, ma \u00e8 proprio in queste situazioni che si abbassano le protezioni e nella convivialit\u00e0 il virus trova modo con pi\u00f9 facilit\u00e0 di diffondersi&#8221;.<\/p>\n<p>Ricordando\u00a0come i numeri del contagio siano ancora significativi, il governatore ha detto che il dato dei positivi riflette il numero considerevole di tamponi eseguiti che &#8220;sfiora i 10mila al giorno&#8221;. &#8220;Pi\u00f9 ne facciamo &#8211; ha spiegato &#8211; e pi\u00f9 riusciamo a contrastare il Covid, anche se questo determina una lievitazione dei casi rispetto ad altre situazioni dove se ne fanno di meno&#8221;.<\/p>\n<p>Da parte sua il vicegovernatore Riccardi, dopo aver passato in rassegna gli indicatori (in miglioramento) che hanno riportato in area gialla la regione, ha rilevato come in questa seconda ondata ad essere colpito \u00e8 soprattutto il territorio che fa capo all&#39;Azienda sanitaria universitaria Friuli Centrale. Ripercorrendo poi il numero complessivo dei posti letto, il vicegovernatore ha affermato che il sistema ospedaliero &#8220;\u00e8 passato dai 5.040 del 2013 ai 4.153 del 2018 (anno di insediamento di questa Giunta), per poi nel 2019 alzarsi a 4.425, mentre in questo momento la dotazione \u00e8 attestata a 4.750. E&#39; chiaro che se nel recente passato non avessimo perso quei posti la gestione di questa fase sarebbe stata meno complessa&#8221;.<\/p>\n<p>Tornando all&#39;ordinanza, le disposizioni prevedono, relativamente all&#39;attivit\u00e0 dei locali, che la somministrazione di alimenti e bevande dalle ore 11.00 fino alla chiusura (ore 18.00) si svolga esclusivamente con consumazione da seduti sia all&#39;interno che all&#39;esterno degli stessi locali, su posti regolarmente collocati e in ogni caso nel rispetto delle Linee guida approvate dalla Conferenza delle Regioni (distanza minima interpersonale di un metro).<\/p>\n<p>Sul fronte delle misure di protezione della fascia della popolazione pi\u00f9 anziana, viene raccomandato agli esercenti di riservare l&#39;accesso ai negozi di alimentari ai soggetti con almeno 65 anni preferibilmente dalle ore 10.00 alle ore 12.00.<\/p>\n<p>Sempre nell&#39;ambito delle raccomandazioni i cittadini vengono invitati a non recarsi in altra abitazione di un nucleo familiare diverso dal proprio se non per necessit\u00e0 o motivi di lavoro. Inoltre viene raccomandato di svolgere attivit\u00e0 sportiva in posti non affollati e non utilizzare il trasporto pubblico se non per necessit\u00e0.<\/p>\n<p>Infine, \u00e8 previsto il limite di ingresso di una persona per nucleo familiare nei negozi di alimentari (salvo accompagnatori necessari) e il limite di capienza negli esercizi commerciali generici rispetto alla superfice (una persona ogni 20 mq per negozi con pi\u00f9 di 40 mq). Nel caso quest&#39;ultima regola non venga rispettata, le attivit\u00e0 commerciali e di ristorazione rischiano la sanzione della chiusura. Resta il divieto di non consumare cibi e bevande acquistate per asporto nelle vicinanze del luogo di acquisto o comunque in zone affollate.<\/p>\n<p>Sempre oggi\u00a0l&#39;assessore regionale alle Autonomie locali e Sicurezza, <strong>Pierpaolo Roberti<\/strong>, ha invitato i sindaci a sollecitare il rispetto delle regole dando apposite disposizioni alle Polizie Locali.\u00a0&#8220;Il Friuli Venezia Giulia &#8211; ha sottolineato &#8211; \u00e8 in zona gialla ma questo non \u00e8 il segnale che deve autorizzarci ad allentare le misure di prevenzione: siamo consapevoli che abbiamo alle spalle lunghi mesi di restrizioni e il periodo natalizio \u00e8 per antonomasia il tempo della &#39;vicinanza&#39;, ma per salvaguardare l&#39;economia oltre che la salute di tutti \u00e8 necessario continuare a rispettare le indicazioni, non perch\u00e9 previste da in ordinanza o dpcm ma perch\u00e9 servono a non aggravare una situazione gi\u00e0 difficile rischiando di portarci in zona rossa a gennaio: per tali ragioni l&#39;invito che rivolgo ai sindaci della regione \u00e8 di dare disposizioni alle polizie locali affinch\u00e9 prestino la massima attenzione nel far rispettare le norme anti Covid&#8221;.<\/p>\n<p>\u00a0<\/p>\n","protected":false},"excerpt":{"rendered":"<p>In vigore fino al 15 gennaio<\/p>\n","protected":false},"author":28,"featured_media":35304,"comment_status":"closed","ping_status":"closed","sticky":false,"template":"","format":"standard","meta":{"dwc-title":[],"dwc-content":[],"footnotes":""},"categories":[5],"tags":[],"class_list":["post-35303","post","type-post","status-publish","format-standard","has-post-thumbnail","hentry","category-attualita"],"rttpg_featured_image_url":{"full":["https:\/\/imagazine.it\/wp-content\/uploads\/2024\/01\/37236-1.webp",1000,669,false],"landscape":["https:\/\/imagazine.it\/wp-content\/uploads\/2024\/01\/37236-1.webp",1000,669,false],"portraits":["https:\/\/imagazine.it\/wp-content\/uploads\/2024\/01\/37236-1.webp",1000,669,false],"thumbnail":["https:\/\/imagazine.it\/wp-content\/uploads\/2024\/01\/37236-1-150x150.webp",150,150,true],"medium":["https:\/\/imagazine.it\/wp-content\/uploads\/2024\/01\/37236-1-300x201.webp",300,201,true],"large":["https:\/\/imagazine.it\/wp-content\/uploads\/2024\/01\/37236-1.webp",640,428,false],"thumblist":["https:\/\/imagazine.it\/wp-content\/uploads\/2024\/01\/37236-1.webp",300,201,false],"thumbrelated":["https:\/\/imagazine.it\/wp-content\/uploads\/2024\/01\/37236-1.webp",500,335,false],"meccarouselthumb":["https:\/\/imagazine.it\/wp-content\/uploads\/2024\/01\/37236-1.webp",474,317,false],"gridsquare":["https:\/\/imagazine.it\/wp-content\/uploads\/2024\/01\/37236-1.webp",389,260,false],"tileview":["https:\/\/imagazine.it\/wp-content\/uploads\/2024\/01\/37236-1.webp",300,201,false],"1536x1536":["https:\/\/imagazine.it\/wp-content\/uploads\/2024\/01\/37236-1.webp",1000,669,false],"2048x2048":["https:\/\/imagazine.it\/wp-content\/uploads\/2024\/01\/37236-1.webp",1000,669,false],"newsup-slider-full":["https:\/\/imagazine.it\/wp-content\/uploads\/2024\/01\/37236-1.webp",1000,669,false],"newsup-featured":["https:\/\/imagazine.it\/wp-content\/uploads\/2024\/01\/37236-1.webp",1000,669,false],"newsup-medium":["https:\/\/imagazine.it\/wp-content\/uploads\/2024\/01\/37236-1-720x380.webp",720,380,true],"tptn_thumbnail":["https:\/\/imagazine.it\/wp-content\/uploads\/2024\/01\/37236-1.webp",250,167,false],"sow-carousel-default":["https:\/\/imagazine.it\/wp-content\/uploads\/2024\/01\/37236-1-272x182.webp",272,182,true]},"rttpg_author":{"display_name":"redazione","author_link":"https:\/\/imagazine.it\/home_desk\/author\/redazione\/"},"rttpg_comment":0,"rttpg_category":"<a href=\"https:\/\/imagazine.it\/home_desk\/category\/attualita\/\" rel=\"category tag\">ATTUALIT\u00c0<\/a>","rttpg_excerpt":"In vigore fino al 15 gennaio","_links":{"self":[{"href":"https:\/\/imagazine.it\/home_desk\/wp-json\/wp\/v2\/posts\/35303","targetHints":{"allow":["GET"]}}],"collection":[{"href":"https:\/\/imagazine.it\/home_desk\/wp-json\/wp\/v2\/posts"}],"about":[{"href":"https:\/\/imagazine.it\/home_desk\/wp-json\/wp\/v2\/types\/post"}],"author":[{"embeddable":true,"href":"https:\/\/imagazine.it\/home_desk\/wp-json\/wp\/v2\/users\/28"}],"replies":[{"embeddable":true,"href":"https:\/\/imagazine.it\/home_desk\/wp-json\/wp\/v2\/comments?post=35303"}],"version-history":[{"count":0,"href":"https:\/\/imagazine.it\/home_desk\/wp-json\/wp\/v2\/posts\/35303\/revisions"}],"wp:featuredmedia":[{"embeddable":true,"href":"https:\/\/imagazine.it\/home_desk\/wp-json\/wp\/v2\/media\/35304"}],"wp:attachment":[{"href":"https:\/\/imagazine.it\/home_desk\/wp-json\/wp\/v2\/media?parent=35303"}],"wp:term":[{"taxonomy":"category","embeddable":true,"href":"https:\/\/imagazine.it\/home_desk\/wp-json\/wp\/v2\/categories?post=35303"},{"taxonomy":"post_tag","embeddable":true,"href":"https:\/\/imagazine.it\/home_desk\/wp-json\/wp\/v2\/tags?post=35303"}],"curies":[{"name":"wp","href":"https:\/\/api.w.org\/{rel}","templated":true}]}}