{"id":35301,"date":"2020-12-04T00:00:00","date_gmt":"2020-12-03T23:00:00","guid":{"rendered":"https:\/\/imagazine.it\/?p=35301"},"modified":"2020-12-04T00:00:00","modified_gmt":"2020-12-03T23:00:00","slug":"allerta-meteo-sabato-scuole-chiuse-in-aree-a-rischio-in-fvg","status":"publish","type":"post","link":"https:\/\/imagazine.it\/home_desk\/allerta-meteo-sabato-scuole-chiuse-in-aree-a-rischio-in-fvg\/","title":{"rendered":"Allerta meteo, sabato scuole chiuse in aree a rischio in FVG"},"content":{"rendered":"<p>Scuole chiuse nell&#39;area delle Prealpi carniche e del Friuli occidentale nella giornata di domani, sabato 5 dicembre, blocco del trasporto pubblico locale sia sabato che domenica nelle zone che potrebbero essere colpite dagli eventi meteorologici di forte intensit\u00e0 che si prevede si abbatteranno su una parte del Friuli Venezia Giulia e un primo stanziamento di 1,5 milioni di euro per far fronte agli interventi di prima necessit\u00e0 da mettere in atto in caso di necessit\u00e0.<\/p>\n<p>Sono queste le principali decisioni emerse oggi nel corso della riunione del Comitato regionale per l&#39;emergenza riunitosi a Palmanova e presieduto dal governatore del Friuli Venezia Giulia <strong>Massimiliano Fedriga<\/strong>. L&#39;incontro, al quale hanno partecipato anche il vicegovernatore con delega alla Protezione civile <strong>Riccardo Riccardi <\/strong>e l&#39;assessore all&#39;Istruzione <strong>Alessia Rosolen<\/strong>, le Direzioni centrali della Regione, il sistema della Sanit\u00e0, le Prefetture, i Vigili del fuoco, le Forze dell&#39;ordine e i gestori delle reti, fa seguito alla diramazione nel pomeriggio di oggi dell&#39;allerta meteo rossa per l&#39;area del Pordenonese e dell&#39;Alto Friuli.<\/p>\n<p>Secondo le previsioni dell&#39;Osmer a partire da oggi \u00e8 prevista un&#39;intensificazione delle piogge su Alpi e Prealpi Carniche, che diventeranno intense o molto intense nella giornata di domani. A ci\u00f2 si aggiungeranno venti forti da sud in quota; piogge abbondanti e intermittenti in pianura, con possibili temporali, moderate e sporadiche verso la costa dove soffier\u00e0 Scirocco anche forte. Su domenica il quadro \u00e8 ancora incerto con probabili piogge sciroccali sulla zona montana, poi in giornata temporali e piogge localmente intense su pianura e costa; probabili raffiche di vento forte su tutta la regione. Il verificarsi questi eventi pu\u00f2 comportare l&#39;innalzamento significativo dei corsi d&#39;acqua, in particolare nel corso di pianura del fiume Livenza, possibili diffuse situazioni di crisi della rete idrografica e di drenaggio urbano, mentre sulla costa sono previste problematiche legate al vento forte, all&#39;acqua alta in corrispondenza dei picchi di marea e alle mareggiate.<\/p>\n<p>&#8220;Il nostro appello &#8211; ha detto il governatore della Regione Massimiliano Fedriga nel corso dell&#39;incontro del Corem &#8211; \u00e8 quello di limitare il pi\u00f9 possibile gli spostamenti delle persone nel corso della giornata di sabato e domenica durante il picco di intensit\u00e0 di pioggia e vento che interesser\u00e0 la nostra regione. In questo senso vanno le misure adottate con le quali abbiamo deciso di chiudere le scuole e bloccare il trasporto pubblico locale, evitando cos\u00ec l&#39;esposizione al rischio legato al maltempo&#8221;.<\/p>\n<p>&#8220;Lo stanziamento di 1,5 milioni di euro del decreto firmato con il presidente &#8211; ha aggiunto Riccardi &#8211; ci consente di mettere a disposizione del sistema della Protezione civile le risorse immediatamente spendibili per compiere quegli interventi urgenti con i quali far fronte alle prime necessit\u00e0. Abbiamo quindi rinforzato la sala operativa regionale per fronteggiare il surplus di chiamate che si dovessero registrare nel periodo dell&#39;emergenza. \u00c8 stato inoltre allertato il sistema del volontariato della Protezione civile, i sindaci dei comuni interessati dal passaggio del fronte del maltempo e i vari tecnici per disporre gli eventuali lavori di somma urgenza che dovessero essere necessari. La decisione di agire in questo modo \u00e8 dettata dal fatto che il maltempo interesser\u00e0 aree della regione gi\u00e0 &#8220;fragili&#8221; e sulle quali sar\u00e0 necessario porre particolare attenzione sulla rete idraulica, elettrica e quella stradale&#8221;.<\/p>\n<p>Questo l&#39;elenco dei comuni in cui verranno chiuse le scuole e bloccato il trasporto pubblico locale. Provincia di Pordenone: Andreis, Arba, Aviano, Azzano Decimo, Barcis, Brugnera, Budoia, Caneva, Casarsa della Delizia, Cavasso Nuovo, Chions, Cimolais, Claut, Cordenons, Cordovado, Erto e Casso, Fanna, Fiume Veneto, Fontanafredda, Frisanco, Maniago, Meduno, Montereale Valcellina, Morsano al Tagliamento, Pasiano di Pordenone, Polcenigo, Porcia, Pordenone, Prata di Pordenone, Pravisdomini, Roveredo in Piano, Sacile, San Giorgio della Richinvelda, San Martino al Tagliamento, San Quirino, San Vito al Tagliamento, Sequals, Sesto al Reghena, Spilimbergo, Tramonti di Sopra, Tramonti di Sotto, Vajont, Valvasone Arzene, Vivaro, Zoppola, Castelnovo del Friuli, Clauzetto, Pinzano al Tagliamento, Travesio, Vito d&#39;Asio. Provincia di Udine: Amaro, Ampezzo, Arta Terme, Attimis, Bordano, Cavazzo Carnico, Cercivento, Chiusaforte, Comeglians, Dogna, Drenchia, Enemonzo, Faedis, Forgaria nel Friuli, Forni Avoltri, Forni di Sopra, Forni di Sotto, Gemona del Friuli, Grimacco, Lauco, Lusevera, Malborghetto Valbruna, Moggio Udinese, Montenars, Nimis, Ovaro, Paluzza, Paularo, Pontebba, Prato Carnico, Preone, Pulfero, Ravascletto, Raveo, Resia, Resiutta, Rigolato, San Leonardo, San Pietro al Natisone, Sappada, Sauris, Savogna, Socchieve, Stregna, Sutrio, Taipana, Tarcento, Tarvisio, Tolmezzo, Torreano, Trasaghis, Treppo Ligosullo, Venzone, Verzegnis, Villa Santina, Zuglio.<\/p>\n","protected":false},"excerpt":{"rendered":"<p>Stop anche ai trasporti<\/p>\n","protected":false},"author":28,"featured_media":35302,"comment_status":"closed","ping_status":"closed","sticky":false,"template":"","format":"standard","meta":{"dwc-title":[],"dwc-content":[],"footnotes":""},"categories":[5],"tags":[],"class_list":["post-35301","post","type-post","status-publish","format-standard","has-post-thumbnail","hentry","category-attualita"],"rttpg_featured_image_url":{"full":["https:\/\/imagazine.it\/wp-content\/uploads\/2024\/01\/37234-1.webp",1000,669,false],"landscape":["https:\/\/imagazine.it\/wp-content\/uploads\/2024\/01\/37234-1.webp",1000,669,false],"portraits":["https:\/\/imagazine.it\/wp-content\/uploads\/2024\/01\/37234-1.webp",1000,669,false],"thumbnail":["https:\/\/imagazine.it\/wp-content\/uploads\/2024\/01\/37234-1-150x150.webp",150,150,true],"medium":["https:\/\/imagazine.it\/wp-content\/uploads\/2024\/01\/37234-1-300x201.webp",300,201,true],"large":["https:\/\/imagazine.it\/wp-content\/uploads\/2024\/01\/37234-1.webp",640,428,false],"thumblist":["https:\/\/imagazine.it\/wp-content\/uploads\/2024\/01\/37234-1.webp",300,201,false],"thumbrelated":["https:\/\/imagazine.it\/wp-content\/uploads\/2024\/01\/37234-1.webp",500,335,false],"meccarouselthumb":["https:\/\/imagazine.it\/wp-content\/uploads\/2024\/01\/37234-1.webp",474,317,false],"gridsquare":["https:\/\/imagazine.it\/wp-content\/uploads\/2024\/01\/37234-1.webp",389,260,false],"tileview":["https:\/\/imagazine.it\/wp-content\/uploads\/2024\/01\/37234-1.webp",300,201,false],"1536x1536":["https:\/\/imagazine.it\/wp-content\/uploads\/2024\/01\/37234-1.webp",1000,669,false],"2048x2048":["https:\/\/imagazine.it\/wp-content\/uploads\/2024\/01\/37234-1.webp",1000,669,false],"newsup-slider-full":["https:\/\/imagazine.it\/wp-content\/uploads\/2024\/01\/37234-1.webp",1000,669,false],"newsup-featured":["https:\/\/imagazine.it\/wp-content\/uploads\/2024\/01\/37234-1.webp",1000,669,false],"newsup-medium":["https:\/\/imagazine.it\/wp-content\/uploads\/2024\/01\/37234-1-720x380.webp",720,380,true],"tptn_thumbnail":["https:\/\/imagazine.it\/wp-content\/uploads\/2024\/01\/37234-1.webp",250,167,false],"sow-carousel-default":["https:\/\/imagazine.it\/wp-content\/uploads\/2024\/01\/37234-1-272x182.webp",272,182,true]},"rttpg_author":{"display_name":"redazione","author_link":"https:\/\/imagazine.it\/home_desk\/author\/redazione\/"},"rttpg_comment":0,"rttpg_category":"<a href=\"https:\/\/imagazine.it\/home_desk\/category\/attualita\/\" rel=\"category tag\">ATTUALIT\u00c0<\/a>","rttpg_excerpt":"Stop anche ai trasporti","_links":{"self":[{"href":"https:\/\/imagazine.it\/home_desk\/wp-json\/wp\/v2\/posts\/35301","targetHints":{"allow":["GET"]}}],"collection":[{"href":"https:\/\/imagazine.it\/home_desk\/wp-json\/wp\/v2\/posts"}],"about":[{"href":"https:\/\/imagazine.it\/home_desk\/wp-json\/wp\/v2\/types\/post"}],"author":[{"embeddable":true,"href":"https:\/\/imagazine.it\/home_desk\/wp-json\/wp\/v2\/users\/28"}],"replies":[{"embeddable":true,"href":"https:\/\/imagazine.it\/home_desk\/wp-json\/wp\/v2\/comments?post=35301"}],"version-history":[{"count":0,"href":"https:\/\/imagazine.it\/home_desk\/wp-json\/wp\/v2\/posts\/35301\/revisions"}],"wp:featuredmedia":[{"embeddable":true,"href":"https:\/\/imagazine.it\/home_desk\/wp-json\/wp\/v2\/media\/35302"}],"wp:attachment":[{"href":"https:\/\/imagazine.it\/home_desk\/wp-json\/wp\/v2\/media?parent=35301"}],"wp:term":[{"taxonomy":"category","embeddable":true,"href":"https:\/\/imagazine.it\/home_desk\/wp-json\/wp\/v2\/categories?post=35301"},{"taxonomy":"post_tag","embeddable":true,"href":"https:\/\/imagazine.it\/home_desk\/wp-json\/wp\/v2\/tags?post=35301"}],"curies":[{"name":"wp","href":"https:\/\/api.w.org\/{rel}","templated":true}]}}