{"id":35285,"date":"2020-12-04T00:00:00","date_gmt":"2020-12-03T23:00:00","guid":{"rendered":"https:\/\/imagazine.it\/?p=35285"},"modified":"2020-12-04T00:00:00","modified_gmt":"2020-12-03T23:00:00","slug":"la-pandemia-non-ferma-i-presepi-in-fvg","status":"publish","type":"post","link":"https:\/\/imagazine.it\/home_desk\/la-pandemia-non-ferma-i-presepi-in-fvg\/","title":{"rendered":"La pandemia non ferma i Presepi in FVG"},"content":{"rendered":"<p>Sar\u00e0 ufficialmente presentata online, con un video incontro il 9\u00a0dicembre, la nuova edizione di <em>Presepi in Friuli Venezia Giulia &#8211; La tradizione che prende forma<\/em>, contenitore degli eventi natalizi del <strong>Comitato regionale del Friuli Venezia Giulia dell&#39;Unione nazionale tra le Pro Loco d&#39;Italia<\/strong>.<\/p>\n<p>Ci saranno tre concorsi a cui ognuno potr\u00e0 partecipare.\u00a0\u00a0<\/p>\n<p>Fulcro della proposta il <u><a href=\"http:\/\/presepifvg.it\" target=\"_blank\" rel=\"noopener\">rinnovato sito web\u00a0<\/a><a href=\"http:\/\/presepifvg.it\/\" target=\"_blank\" rel=\"noopener\">presepifvg.it<\/a><\/u>\u00a0che contiene il Giro Presepi, ovvero la mappa di oltre 100 siti presepiali in Friuli Venezia Giulia con l&#39;indicazione di quali siano fruibili liberamente nelle pubbliche piazze o chiese, quanti prevedano ingressi contingentati e quali, per quando si spera possano riprendere le visite guidate, sono adatti ai gruppi organizzati.<\/p>\n<p>&#8220;Attraverso il web &#8211; ha spiegato il presidente delle Pro Loco regionali, <strong>Valter Pezzarini<\/strong> &#8211; racconteremo cos\u00ec a tutti quali Presepi possono ammirare vicino casa propria, all&#39;interno del proprio Comune o nelle zone limitrofe. Un viaggio di prossimit\u00e0 incentrato sempre sulla valorizzazione della tradizione del Presepe, simbolo di fede e di cultura allo stesso tempo, cercando di guardare al futuro con speranza e fiducia&#8221;.\u00a0<\/p>\n<p><a href=\"http:\/\/imagazinevideotruck.it\/outlet\/relink.html\" target=\"_top\" rel=\"noopener\"><img loading=\"lazy\" decoding=\"async\" align=\"LEFT\" height=\"250\" src=\"http:\/\/imagazinevideotruck.it\/outlet\/outlet30.gif\" width=\"300\" alt=\"\" title=\"\"><\/a><\/p>\n<p>\u00a0<\/p>\n<p>\u00a0<\/p>\n<p>\u00a0<\/p>\n<p>\u00a0<\/p>\n<p>\u00a0<\/p>\n<p>\u00a0<\/p>\n<p>\u00a0<\/p>\n<p>\u00a0<\/p>\n<p>\u00a0<\/p>\n<p>L&#39;epidemia ha portato all&#39;annullamento di alcune rassegne storiche, compresa la tradizionale mostra nell&#39;Esedra di Levante a Villa Manin. &#8220;Una decisione presa gi\u00e0 a ottobre &#8211; ha aggiunto Pezzarini &#8211; e certamente difficile, dettata dall\u2019impossibilit\u00e0 di conciliare le esigenze di sicurezza sanitaria con le caratteristiche dei locali che ospitavano annualmente la mostra. Un anno di pausa forzata, che vuole definirsi soprattutto un atto di responsabilit\u00e0 civica nei confronti del momento di straordinaria emergenza che tutti noi stiamo vivendo. Ma Codroipo rimarr\u00e0 lo stesso Citt\u00e0 dei Presepi: grazie alla collaborazione con Codroipo c&#39;\u00e8, l&#39;associazione delle Attivit\u00e0 economiche di Codroipo e del Medio Friuli, saranno esposti nelle vetrine i presepi fatti a mano da 35 artisti locali&#8221;.\u00a0<\/p>\n<p>Posticipata al 2021 pure la mostra in galleria Tina Modotti a Udine: per\u00f2, come segno di buon augurio per il futuro, due presepi fatti a mano saranno esposti nel Municipio udinese con la collaborazione del Comune.\u00a0<\/p>\n<p>Con <strong>PromoturismoFVG<\/strong> sinergia per promuovere le Nativit\u00e0 in ottica turistica mentre in accordo con <strong>ERPAC &#8211; Ente Regionale per il Patrimonio Culturale del Friuli Venezia Giulia<\/strong> nel cortile d\u2019onore di Villa Manin sar\u00e0 ospitato per tutto il periodo natalizio il presepe monumentale della Pro Loco Spilimbergo. Inoltre dei presepi fatti a mano saranno esposti nella sede della Giunta regionale del Friuli Venezia Giulia a Trieste.\u00a0<\/p>\n<p>Confermato il <strong>Concorso Scuole dell&#39;Infanzia e Primarie del Friuli Venezia Giulia<\/strong>, intitolato quest&#39;anno &#8220;<em>Emozioni di Natale<\/em>&#8220;. &#8220;Non potendo &#8211; ha sottolineato Pezzarini &#8211; la giuria quest&#39;anno visitare le scuole saranno gli studenti della scuola dell&#39;infanzia a inviare un disegno mentre quelli della primaria invieranno un pensiero dedicato al Natale, che saranno attentamente valutati&#8221;.<\/p>\n","protected":false},"excerpt":{"rendered":"<p>Annunciata la nuova edizione della rassegna<\/p>\n","protected":false},"author":28,"featured_media":35286,"comment_status":"closed","ping_status":"closed","sticky":false,"template":"","format":"standard","meta":{"dwc-title":[],"dwc-content":[],"footnotes":""},"categories":[6],"tags":[],"class_list":["post-35285","post","type-post","status-publish","format-standard","has-post-thumbnail","hentry","category-societa"],"rttpg_featured_image_url":{"full":["https:\/\/imagazine.it\/wp-content\/uploads\/2024\/01\/37211-1.webp",1000,557,false],"landscape":["https:\/\/imagazine.it\/wp-content\/uploads\/2024\/01\/37211-1.webp",1000,557,false],"portraits":["https:\/\/imagazine.it\/wp-content\/uploads\/2024\/01\/37211-1.webp",1000,557,false],"thumbnail":["https:\/\/imagazine.it\/wp-content\/uploads\/2024\/01\/37211-1-150x150.webp",150,150,true],"medium":["https:\/\/imagazine.it\/wp-content\/uploads\/2024\/01\/37211-1-300x167.webp",300,167,true],"large":["https:\/\/imagazine.it\/wp-content\/uploads\/2024\/01\/37211-1.webp",640,356,false],"thumblist":["https:\/\/imagazine.it\/wp-content\/uploads\/2024\/01\/37211-1.webp",300,167,false],"thumbrelated":["https:\/\/imagazine.it\/wp-content\/uploads\/2024\/01\/37211-1.webp",500,279,false],"meccarouselthumb":["https:\/\/imagazine.it\/wp-content\/uploads\/2024\/01\/37211-1.webp",474,264,false],"gridsquare":["https:\/\/imagazine.it\/wp-content\/uploads\/2024\/01\/37211-1.webp",391,218,false],"tileview":["https:\/\/imagazine.it\/wp-content\/uploads\/2024\/01\/37211-1.webp",300,167,false],"1536x1536":["https:\/\/imagazine.it\/wp-content\/uploads\/2024\/01\/37211-1.webp",1000,557,false],"2048x2048":["https:\/\/imagazine.it\/wp-content\/uploads\/2024\/01\/37211-1.webp",1000,557,false],"newsup-slider-full":["https:\/\/imagazine.it\/wp-content\/uploads\/2024\/01\/37211-1.webp",1000,557,false],"newsup-featured":["https:\/\/imagazine.it\/wp-content\/uploads\/2024\/01\/37211-1.webp",1000,557,false],"newsup-medium":["https:\/\/imagazine.it\/wp-content\/uploads\/2024\/01\/37211-1-720x380.webp",720,380,true],"tptn_thumbnail":["https:\/\/imagazine.it\/wp-content\/uploads\/2024\/01\/37211-1.webp",250,139,false],"sow-carousel-default":["https:\/\/imagazine.it\/wp-content\/uploads\/2024\/01\/37211-1-272x182.webp",272,182,true]},"rttpg_author":{"display_name":"redazione","author_link":"https:\/\/imagazine.it\/home_desk\/author\/redazione\/"},"rttpg_comment":0,"rttpg_category":"<a href=\"https:\/\/imagazine.it\/home_desk\/category\/societa\/\" rel=\"category tag\">SOCIET\u00c0<\/a>","rttpg_excerpt":"Annunciata la nuova edizione della rassegna","_links":{"self":[{"href":"https:\/\/imagazine.it\/home_desk\/wp-json\/wp\/v2\/posts\/35285","targetHints":{"allow":["GET"]}}],"collection":[{"href":"https:\/\/imagazine.it\/home_desk\/wp-json\/wp\/v2\/posts"}],"about":[{"href":"https:\/\/imagazine.it\/home_desk\/wp-json\/wp\/v2\/types\/post"}],"author":[{"embeddable":true,"href":"https:\/\/imagazine.it\/home_desk\/wp-json\/wp\/v2\/users\/28"}],"replies":[{"embeddable":true,"href":"https:\/\/imagazine.it\/home_desk\/wp-json\/wp\/v2\/comments?post=35285"}],"version-history":[{"count":0,"href":"https:\/\/imagazine.it\/home_desk\/wp-json\/wp\/v2\/posts\/35285\/revisions"}],"wp:featuredmedia":[{"embeddable":true,"href":"https:\/\/imagazine.it\/home_desk\/wp-json\/wp\/v2\/media\/35286"}],"wp:attachment":[{"href":"https:\/\/imagazine.it\/home_desk\/wp-json\/wp\/v2\/media?parent=35285"}],"wp:term":[{"taxonomy":"category","embeddable":true,"href":"https:\/\/imagazine.it\/home_desk\/wp-json\/wp\/v2\/categories?post=35285"},{"taxonomy":"post_tag","embeddable":true,"href":"https:\/\/imagazine.it\/home_desk\/wp-json\/wp\/v2\/tags?post=35285"}],"curies":[{"name":"wp","href":"https:\/\/api.w.org\/{rel}","templated":true}]}}