{"id":35281,"date":"2020-12-04T00:00:00","date_gmt":"2020-12-03T23:00:00","guid":{"rendered":"https:\/\/imagazine.it\/?p=35281"},"modified":"2020-12-04T00:00:00","modified_gmt":"2020-12-03T23:00:00","slug":"in-vigore-il-nuovo-dpcm-ecco-cose-consentito-e-cosa-no","status":"publish","type":"post","link":"https:\/\/imagazine.it\/home_desk\/in-vigore-il-nuovo-dpcm-ecco-cose-consentito-e-cosa-no\/","title":{"rendered":"In vigore il nuovo Dpcm: ecco cos&#8217;\u00e8 consentito e cosa no"},"content":{"rendered":"<p>Il presidente del Consiglio <strong>Giuseppe Conte<\/strong> ha firmato il\u00a0<u><a href=\"http:\/\/www.governo.it\/sites\/new.governo.it\/files\/dpcm_20201203.pdf\" target=\"_blank\" rel=\"noopener\"><strong>nuovo Dpcm<\/strong>\u00a0(leggi il testo integrale)<\/a><\/u> che varr\u00e0 fino al 15 gennaio 2021. <u><a href=\"http:\/\/www.governo.it\/sites\/new.governo.it\/files\/dpcm_20201203_allegati.pdf\" target=\"_blank\" rel=\"noopener\">Clicca qui per leggere gli allegati<\/a><\/u>.<\/p>\n<p>Il governo conferma il coprifuoco dalle 22 alle 5 anche nei giorni festivi. E anzi lo proroga di due ore in occasione del Capodanno, quando il divieto di uscire dalla propria abitazione scatter\u00e0<strong>\u00a0alle 22 del 31 dicembre 2020<\/strong>\u00a0e terminer\u00e0 alle 7 del 1\u00b0 gennaio 2021.<\/p>\n<p>Fino al 20 dicembre si pu\u00f2 uscire dalla propria regione\u00a0<strong>se si trova in fascia gialla<\/strong>\u00a0per andare in un\u2019altra regione sempre in fascia gialla. Gli spostamenti da e per le regioni che sono in fascia rossa o arancione sono consentiti solo per \u00abcomprovate esigenze\u00bb, legate al lavoro, la salute e l\u2019urgenza. Tra i motivi di urgenza sono compresi quelli che riguardano<strong>\u00a0l\u2019assistenza di una persona non autosufficiente<\/strong>. Dal 21 dicembre al 6 gennaio 2021 \u00e8 vietato spostarsi tra le regioni, qualsiasi sia la fascia di rischio e quindi il colore. Rimane la possibilit\u00e0 di muoversi per le \u00abcomprovate esigenze\u00bb.<\/p>\n<p>Chi si trova in una regione in fascia gialla pu\u00f2 sempre uscire dal proprio comune di residenza o domicilio. Chi si trova in una regione in fascia arancione non pu\u00f2 uscire dal proprio comune di residenza o domicilio. Chi si trova in una regione in fascia rossa non pu\u00f2 uscire dalla propria abitazione se non per \u00abcomprovate esigenze\u00bb, legate al lavoro, alla salute e all\u2019urgenza.<\/p>\n<p><strong>\u00a0Il 25 e 26 dicembre e il 1\u00b0 gennaio 2021 sar\u00e0 vietato uscire dal proprio comune di residenza<\/strong>. Per farlo deve dimostrare di avere \u00abcomprovate esigenze\u00bb.<\/p>\n<p>Chi vive in una regione che si trova in fascia gialla e vuole trasferirsi nella seconda casa\u00a0<strong>pu\u00f2 farlo fino al 20 dicembre<\/strong>. Dal 21 dicembre al 6 gennaio 2021 \u00e8 infatti espressamente vietato \u00ablo spostamento nelle seconde case\u00bb anche se si trovano in un\u2019altra regione in fascia gialla. \u00c8 per\u00f2 sempre consentito il ritorno presso la propria residenza, abitazione o domicilio. Dunque anche in questo periodo si pu\u00f2 rientrare.<\/p>\n<p><a href=\"http:\/\/imagazinevideotruck.it\/outlet\/relink.html\" target=\"_top\" rel=\"noopener\"><img loading=\"lazy\" decoding=\"async\" align=\"LEFT\" height=\"250\" src=\"http:\/\/imagazinevideotruck.it\/outlet\/outlet30.gif\" width=\"300\" alt=\"\" title=\"\"><\/a><\/p>\n<p>\u00a0<\/p>\n<p>\u00a0<\/p>\n<p>\u00a0<\/p>\n<p>\u00a0<\/p>\n<p>\u00a0<\/p>\n<p>\u00a0<\/p>\n<p>\u00a0<\/p>\n<p>\u00a0<\/p>\n<p>\u00a0<\/p>\n<p>Tutti gli spostamenti non consentiti devono essere giustificati con<strong>\u00a0il modulo di autocertificazione<\/strong>.<\/p>\n<p>Dal 21 dicembre al 6 gennaio 2021 \u00e8 vietato uscire dalla propria regione anche se si trova in fascia gialla. Il 25, 26 dicembre e l\u20191 gennaio \u00e8 vietato uscire dal proprio comune in tutta Italia. \u00c8 per\u00f2 consentito muoversi se si deve raggiungere una persona che non \u00e8 autosufficiente. E dunque nel caso di anziani soli o di parenti malati, sar\u00e0 consentito andare ad assisterli. Non \u00e8 invece consentito spostarsi per andare a trascorrere le festivit\u00e0 con i parenti che vivono in una regione diversa se non ci sono motivi di necessit\u00e0.\u00a0<strong>Nel caso di coppie che vivono in due luoghi diversi \u00e8 consentito spostarsi per il ricongiungimento familiare<\/strong>\u00a0anche nel periodo di divieto. Nel corso di questo periodo \u00e8 sempre consentito il ritorno presso la propria residenza, domicilio o abitazione e dunque uno dei due pu\u00f2 ritornare in qualsiasi momento dove lavora o studia.<\/p>\n<p>\u00a0<\/p>\n","protected":false},"excerpt":{"rendered":"<p>Valido fino al 15 gennaio<\/p>\n","protected":false},"author":28,"featured_media":35282,"comment_status":"closed","ping_status":"closed","sticky":false,"template":"","format":"standard","meta":{"dwc-title":[],"dwc-content":[],"footnotes":""},"categories":[5],"tags":[],"class_list":["post-35281","post","type-post","status-publish","format-standard","has-post-thumbnail","hentry","category-attualita"],"rttpg_featured_image_url":{"full":["https:\/\/imagazine.it\/wp-content\/uploads\/2024\/01\/37209-1.webp",800,558,false],"landscape":["https:\/\/imagazine.it\/wp-content\/uploads\/2024\/01\/37209-1.webp",800,558,false],"portraits":["https:\/\/imagazine.it\/wp-content\/uploads\/2024\/01\/37209-1.webp",800,558,false],"thumbnail":["https:\/\/imagazine.it\/wp-content\/uploads\/2024\/01\/37209-1-150x150.webp",150,150,true],"medium":["https:\/\/imagazine.it\/wp-content\/uploads\/2024\/01\/37209-1-300x209.webp",300,209,true],"large":["https:\/\/imagazine.it\/wp-content\/uploads\/2024\/01\/37209-1.webp",640,446,false],"thumblist":["https:\/\/imagazine.it\/wp-content\/uploads\/2024\/01\/37209-1.webp",300,209,false],"thumbrelated":["https:\/\/imagazine.it\/wp-content\/uploads\/2024\/01\/37209-1.webp",500,349,false],"meccarouselthumb":["https:\/\/imagazine.it\/wp-content\/uploads\/2024\/01\/37209-1.webp",465,324,false],"gridsquare":["https:\/\/imagazine.it\/wp-content\/uploads\/2024\/01\/37209-1.webp",373,260,false],"tileview":["https:\/\/imagazine.it\/wp-content\/uploads\/2024\/01\/37209-1.webp",300,209,false],"1536x1536":["https:\/\/imagazine.it\/wp-content\/uploads\/2024\/01\/37209-1.webp",800,558,false],"2048x2048":["https:\/\/imagazine.it\/wp-content\/uploads\/2024\/01\/37209-1.webp",800,558,false],"newsup-slider-full":["https:\/\/imagazine.it\/wp-content\/uploads\/2024\/01\/37209-1.webp",800,558,false],"newsup-featured":["https:\/\/imagazine.it\/wp-content\/uploads\/2024\/01\/37209-1.webp",800,558,false],"newsup-medium":["https:\/\/imagazine.it\/wp-content\/uploads\/2024\/01\/37209-1-720x380.webp",720,380,true],"tptn_thumbnail":["https:\/\/imagazine.it\/wp-content\/uploads\/2024\/01\/37209-1.webp",250,174,false],"sow-carousel-default":["https:\/\/imagazine.it\/wp-content\/uploads\/2024\/01\/37209-1-272x182.webp",272,182,true]},"rttpg_author":{"display_name":"redazione","author_link":"https:\/\/imagazine.it\/home_desk\/author\/redazione\/"},"rttpg_comment":0,"rttpg_category":"<a href=\"https:\/\/imagazine.it\/home_desk\/category\/attualita\/\" rel=\"category tag\">ATTUALIT\u00c0<\/a>","rttpg_excerpt":"Valido fino al 15 gennaio","_links":{"self":[{"href":"https:\/\/imagazine.it\/home_desk\/wp-json\/wp\/v2\/posts\/35281","targetHints":{"allow":["GET"]}}],"collection":[{"href":"https:\/\/imagazine.it\/home_desk\/wp-json\/wp\/v2\/posts"}],"about":[{"href":"https:\/\/imagazine.it\/home_desk\/wp-json\/wp\/v2\/types\/post"}],"author":[{"embeddable":true,"href":"https:\/\/imagazine.it\/home_desk\/wp-json\/wp\/v2\/users\/28"}],"replies":[{"embeddable":true,"href":"https:\/\/imagazine.it\/home_desk\/wp-json\/wp\/v2\/comments?post=35281"}],"version-history":[{"count":0,"href":"https:\/\/imagazine.it\/home_desk\/wp-json\/wp\/v2\/posts\/35281\/revisions"}],"wp:featuredmedia":[{"embeddable":true,"href":"https:\/\/imagazine.it\/home_desk\/wp-json\/wp\/v2\/media\/35282"}],"wp:attachment":[{"href":"https:\/\/imagazine.it\/home_desk\/wp-json\/wp\/v2\/media?parent=35281"}],"wp:term":[{"taxonomy":"category","embeddable":true,"href":"https:\/\/imagazine.it\/home_desk\/wp-json\/wp\/v2\/categories?post=35281"},{"taxonomy":"post_tag","embeddable":true,"href":"https:\/\/imagazine.it\/home_desk\/wp-json\/wp\/v2\/tags?post=35281"}],"curies":[{"name":"wp","href":"https:\/\/api.w.org\/{rel}","templated":true}]}}