{"id":35277,"date":"2020-12-03T00:00:00","date_gmt":"2020-12-02T23:00:00","guid":{"rendered":"https:\/\/imagazine.it\/?p=35277"},"modified":"2020-12-03T00:00:00","modified_gmt":"2020-12-02T23:00:00","slug":"albero-dalle-mille-luci-per-il-natale-di-gorizia","status":"publish","type":"post","link":"https:\/\/imagazine.it\/home_desk\/albero-dalle-mille-luci-per-il-natale-di-gorizia\/","title":{"rendered":"Albero dalle mille luci per il Natale di Gorizia"},"content":{"rendered":"<p>Un albero a forma di cono, alto 15 metri, composto\u00a0solo da migliaia di luci verdi con festoni dorati caratterizzer\u00e0 quest\u2019anno il Natale in piazza Vittoria.<\/p>\n<p>\u00c8 una delle novit\u00e0 del Dicembre Goriziano \u201corfano\u201d di eventi, causa Covid 19, ma non di luci e colori.<\/p>\n<p>Ieri ha fatto la sua comparsa in piazza Vittoria l\u2019abete artificiale ma anche altri arredi, come pacchi, bolle ed enormi nastri che saranno accesi, insieme alle altre luminarie, sabato alle 17.30.<\/p>\n<p>Fra le novit\u00e0 anche l\u2019illuminazione di 72 platani in corso Italia e di altre piante ai Giardini pubblici, oltre alle tradizionali luminarie.<\/p>\n<p>\u201cVoglio innanzitutto ringraziare sentitamente il presidente e la giunta camerale della Cciaa Venezia Giulia che hanno consentito il\u00a0finanziamento dell\u2019albero \u2013 commenta l\u2019assessore alle attivit\u00e0 produttive, <strong>Roberto Sartori<\/strong> \u2013. In un momento come quello attuale ci \u00e8 parso doveroso cercare di rendere pi\u00f9 luminosa e colorata la citt\u00e0, non solo. Anche caratterizzarla con arredi particolari. Mi auguro davvero che i Goriziani possano apprezzare questo \u201cnuovo\u201d e coloratissimo albero che si pu\u00f2 anche attraversare\u201d.<\/p>\n<p>Sartori conferma che non ci saranno eventi e neppure la pista di ghiaccio in considerazione delle disposizioni normative collegate a Covid 19. Si era pensato di mantenere perlomeno i fuochi artificiali silenziati ma il rischio di improvvisati assembramenti in piazza ha fatto svanire questa idea.<\/p>\n<p>\u201cSaranno festivit\u00e0 decisamente diverse \u2013 rimarca Sartori \u2013 ma dobbiamo fare il possibile per mantenere un\u2019atmosfera natalizia, per i bambini ma anche per noi adulti e se possiamo aiutiamo chi si trova in difficolt\u00e0\u201d.<\/p>\n<p>In contemporanea all\u2019accensione delle luci, sempre sabato, sar\u00e0 pronto anche il primo percorso di presepi lungo via Rastello. L\u2019iniziativa, promossa da un gruppo di operatori locali, prevede l\u2019esposizione dei presepi nelle vetrine dei negozi vuoti che saranno addobbate per l\u2019occasione.<\/p>\n","protected":false},"excerpt":{"rendered":"<p>Collocato in piazza Vittoria<\/p>\n","protected":false},"author":28,"featured_media":35278,"comment_status":"closed","ping_status":"closed","sticky":false,"template":"","format":"standard","meta":{"dwc-title":[],"dwc-content":[],"footnotes":""},"categories":[5],"tags":[],"class_list":["post-35277","post","type-post","status-publish","format-standard","has-post-thumbnail","hentry","category-attualita"],"rttpg_featured_image_url":{"full":["https:\/\/imagazine.it\/wp-content\/uploads\/2024\/01\/37206-1.webp",1000,666,false],"landscape":["https:\/\/imagazine.it\/wp-content\/uploads\/2024\/01\/37206-1.webp",1000,666,false],"portraits":["https:\/\/imagazine.it\/wp-content\/uploads\/2024\/01\/37206-1.webp",1000,666,false],"thumbnail":["https:\/\/imagazine.it\/wp-content\/uploads\/2024\/01\/37206-1-150x150.webp",150,150,true],"medium":["https:\/\/imagazine.it\/wp-content\/uploads\/2024\/01\/37206-1-300x200.webp",300,200,true],"large":["https:\/\/imagazine.it\/wp-content\/uploads\/2024\/01\/37206-1.webp",640,426,false],"thumblist":["https:\/\/imagazine.it\/wp-content\/uploads\/2024\/01\/37206-1.webp",300,200,false],"thumbrelated":["https:\/\/imagazine.it\/wp-content\/uploads\/2024\/01\/37206-1.webp",500,333,false],"meccarouselthumb":["https:\/\/imagazine.it\/wp-content\/uploads\/2024\/01\/37206-1.webp",474,316,false],"gridsquare":["https:\/\/imagazine.it\/wp-content\/uploads\/2024\/01\/37206-1.webp",391,260,false],"tileview":["https:\/\/imagazine.it\/wp-content\/uploads\/2024\/01\/37206-1.webp",300,200,false],"1536x1536":["https:\/\/imagazine.it\/wp-content\/uploads\/2024\/01\/37206-1.webp",1000,666,false],"2048x2048":["https:\/\/imagazine.it\/wp-content\/uploads\/2024\/01\/37206-1.webp",1000,666,false],"newsup-slider-full":["https:\/\/imagazine.it\/wp-content\/uploads\/2024\/01\/37206-1.webp",1000,666,false],"newsup-featured":["https:\/\/imagazine.it\/wp-content\/uploads\/2024\/01\/37206-1.webp",1000,666,false],"newsup-medium":["https:\/\/imagazine.it\/wp-content\/uploads\/2024\/01\/37206-1-720x380.webp",720,380,true],"tptn_thumbnail":["https:\/\/imagazine.it\/wp-content\/uploads\/2024\/01\/37206-1.webp",250,167,false],"sow-carousel-default":["https:\/\/imagazine.it\/wp-content\/uploads\/2024\/01\/37206-1-272x182.webp",272,182,true]},"rttpg_author":{"display_name":"redazione","author_link":"https:\/\/imagazine.it\/home_desk\/author\/redazione\/"},"rttpg_comment":0,"rttpg_category":"<a href=\"https:\/\/imagazine.it\/home_desk\/category\/attualita\/\" rel=\"category tag\">ATTUALIT\u00c0<\/a>","rttpg_excerpt":"Collocato in piazza Vittoria","_links":{"self":[{"href":"https:\/\/imagazine.it\/home_desk\/wp-json\/wp\/v2\/posts\/35277","targetHints":{"allow":["GET"]}}],"collection":[{"href":"https:\/\/imagazine.it\/home_desk\/wp-json\/wp\/v2\/posts"}],"about":[{"href":"https:\/\/imagazine.it\/home_desk\/wp-json\/wp\/v2\/types\/post"}],"author":[{"embeddable":true,"href":"https:\/\/imagazine.it\/home_desk\/wp-json\/wp\/v2\/users\/28"}],"replies":[{"embeddable":true,"href":"https:\/\/imagazine.it\/home_desk\/wp-json\/wp\/v2\/comments?post=35277"}],"version-history":[{"count":0,"href":"https:\/\/imagazine.it\/home_desk\/wp-json\/wp\/v2\/posts\/35277\/revisions"}],"wp:featuredmedia":[{"embeddable":true,"href":"https:\/\/imagazine.it\/home_desk\/wp-json\/wp\/v2\/media\/35278"}],"wp:attachment":[{"href":"https:\/\/imagazine.it\/home_desk\/wp-json\/wp\/v2\/media?parent=35277"}],"wp:term":[{"taxonomy":"category","embeddable":true,"href":"https:\/\/imagazine.it\/home_desk\/wp-json\/wp\/v2\/categories?post=35277"},{"taxonomy":"post_tag","embeddable":true,"href":"https:\/\/imagazine.it\/home_desk\/wp-json\/wp\/v2\/tags?post=35277"}],"curies":[{"name":"wp","href":"https:\/\/api.w.org\/{rel}","templated":true}]}}