{"id":35275,"date":"2020-12-03T00:00:00","date_gmt":"2020-12-02T23:00:00","guid":{"rendered":"https:\/\/imagazine.it\/?p=35275"},"modified":"2020-12-03T00:00:00","modified_gmt":"2020-12-02T23:00:00","slug":"coronavirus-cala-in-fvg-lindice-rt-fedriga-non-abbassiamo-la-guardia","status":"publish","type":"post","link":"https:\/\/imagazine.it\/home_desk\/coronavirus-cala-in-fvg-lindice-rt-fedriga-non-abbassiamo-la-guardia\/","title":{"rendered":"Coronavirus, cala in FVG l&#8217;indice Rt. Fedriga: &#8220;Non abbassiamo la guardia&#8221;"},"content":{"rendered":"<p>In Friuli Venezia Giulia, nella settimana dal 23 al 29 novembre, la percentuale di tamponi positivi (escluse le attivit\u00e0 di screening e di retesting) si \u00e8 attestata al 27,7% (4.009 su 14.452) contro il 34,3% (3.793 su 11.704) del periodo tra il 16 e il 22 novembre.<\/p>\n<p>Inoltre, la percentuale di tamponi positivi nell&#39;ambito territoriale rispetto al totale \u00e8 scesa al 28,4% (contro il 35,9%) e quella nell&#39;ambito ospedaliero rispetto al totale al 22,6% (contro il 26,4%). Si \u00e8 infine registrato un calo sul versante del tempo medio trascorso tra la data d&#39;inizio dei sintomi e la diagnosi di Covid-19.<\/p>\n<p>Lo conferma la Regione Friuli Venezia Giulia, sulla base dei dati contenuti nella bozza di report settimanale sul monitoraggio della Fase 2 dell&#39;emergenza sanitaria stilato dall&#39;Istituto superiore di sanit\u00e0.<\/p>\n<p>Lo studio rimarca un calo del 20,5% dei casi nella settimana dal 23 al 29 novembre rispetto alla settimana precedente (4.934 contro 6.024) che evidenzia quindi un trend settimanale in diminuzione o stabile.<\/p>\n<p>Similmente, i casi riportati giornalmente alla sorveglianza integrata Covid-19 hanno fatto registrare una contrazione del 13% (3.851 casi per data diagnosi\/prelievo contro i 4.428 della settimana precedente).<\/p>\n<p>Un ulteriore dato rilevante \u00e8 l&#39;indice Rt, che pone l&#39;accento sul livello di contagiosit\u00e0 del virus tra la popolazione, che \u00e8 passato da 1,09 (con intervallo 1,04-1,13) a 0,92 (con intervallo 0,89-0,96), con una contrazione del numero di focolai di trasmissione attivi che passa da 2.297 del report precedente a 1.856 di quello attuale.<\/p>\n<p><a href=\"http:\/\/imagazinevideotruck.it\/outlet\/relink_euro.html\" target=\"_top\" rel=\"noopener\"><img loading=\"lazy\" decoding=\"async\" align=\"LEFT\" height=\"250\" src=\"http:\/\/imagazinevideotruck.it\/outlet\/euromobili_banner_art.jpg\" width=\"300\" alt=\"\" title=\"\"><\/a><\/p>\n<p>\u00a0<\/p>\n<p>\u00a0<\/p>\n<p>\u00a0<\/p>\n<p>\u00a0<\/p>\n<p>\u00a0<\/p>\n<p>\u00a0<\/p>\n<p>\u00a0<\/p>\n<p>\u00a0<\/p>\n<p>\u00a0<\/p>\n<p>L&#39;analisi compiuta sulla situazione della pandemia in Friuli Venezia Giulia sottolinea, infine, un ulteriore miglioramento della capacit\u00e0 e qualit\u00e0 del monitoraggio dell&#39;epidemia: nel 99,8% (rispetto al 93,4%) dei casi viene segnalata la data di inizio sintomi e il 100% dei casi per cui si rende necessario il ricovero \u00e8 portato all&#39;attenzione del Ministero della salute.<\/p>\n<p>&#8220;I dati dell&#39;Istituto superiore di sanit\u00e0, e in particolare la riduzione dell&#39;indice Rt a 0,92, evidenziano i passi in avanti compiuti in Friuli Venezia Giulia nella lotta al Covid-19, ma non devono portare a un abbassamento della soglia di attenzione da parte dei cittadini, poich\u00e9 il sistema sanitario si trova ancora sotto pressione&#8221;, sottolinea il governatore <strong>Massimiliano Fedriga<\/strong>.<\/p>\n<p>&#8220;In questo contesto di forte incertezza &#8211; prosegue &#8211; \u00e8 pertanto fondamentale evitare contatti non necessari con persone non conviventi, momenti di aggregazione e, in generale, ogni situazione che possa favorire la diffusione del virus.\u00a0Comprendo bene i sacrifici che stanno compiendo i cittadini\u00a0ma l&#39;emergenza ci impone di stringere ancora i denti per superare assieme, come comunit\u00e0, questo momento difficile.&#8221;<\/p>\n","protected":false},"excerpt":{"rendered":"<p>Secondo il report dell&#8217;Istituto Superiore di Sanit\u00e0<\/p>\n","protected":false},"author":28,"featured_media":35276,"comment_status":"closed","ping_status":"closed","sticky":false,"template":"","format":"standard","meta":{"dwc-title":[],"dwc-content":[],"footnotes":""},"categories":[5],"tags":[],"class_list":["post-35275","post","type-post","status-publish","format-standard","has-post-thumbnail","hentry","category-attualita"],"rttpg_featured_image_url":{"full":["https:\/\/imagazine.it\/wp-content\/uploads\/2024\/01\/37205-1.webp",1000,669,false],"landscape":["https:\/\/imagazine.it\/wp-content\/uploads\/2024\/01\/37205-1.webp",1000,669,false],"portraits":["https:\/\/imagazine.it\/wp-content\/uploads\/2024\/01\/37205-1.webp",1000,669,false],"thumbnail":["https:\/\/imagazine.it\/wp-content\/uploads\/2024\/01\/37205-1-150x150.webp",150,150,true],"medium":["https:\/\/imagazine.it\/wp-content\/uploads\/2024\/01\/37205-1-300x201.webp",300,201,true],"large":["https:\/\/imagazine.it\/wp-content\/uploads\/2024\/01\/37205-1.webp",640,428,false],"thumblist":["https:\/\/imagazine.it\/wp-content\/uploads\/2024\/01\/37205-1.webp",300,201,false],"thumbrelated":["https:\/\/imagazine.it\/wp-content\/uploads\/2024\/01\/37205-1.webp",500,335,false],"meccarouselthumb":["https:\/\/imagazine.it\/wp-content\/uploads\/2024\/01\/37205-1.webp",474,317,false],"gridsquare":["https:\/\/imagazine.it\/wp-content\/uploads\/2024\/01\/37205-1.webp",389,260,false],"tileview":["https:\/\/imagazine.it\/wp-content\/uploads\/2024\/01\/37205-1.webp",300,201,false],"1536x1536":["https:\/\/imagazine.it\/wp-content\/uploads\/2024\/01\/37205-1.webp",1000,669,false],"2048x2048":["https:\/\/imagazine.it\/wp-content\/uploads\/2024\/01\/37205-1.webp",1000,669,false],"newsup-slider-full":["https:\/\/imagazine.it\/wp-content\/uploads\/2024\/01\/37205-1.webp",1000,669,false],"newsup-featured":["https:\/\/imagazine.it\/wp-content\/uploads\/2024\/01\/37205-1.webp",1000,669,false],"newsup-medium":["https:\/\/imagazine.it\/wp-content\/uploads\/2024\/01\/37205-1-720x380.webp",720,380,true],"tptn_thumbnail":["https:\/\/imagazine.it\/wp-content\/uploads\/2024\/01\/37205-1.webp",250,167,false],"sow-carousel-default":["https:\/\/imagazine.it\/wp-content\/uploads\/2024\/01\/37205-1-272x182.webp",272,182,true]},"rttpg_author":{"display_name":"redazione","author_link":"https:\/\/imagazine.it\/home_desk\/author\/redazione\/"},"rttpg_comment":0,"rttpg_category":"<a href=\"https:\/\/imagazine.it\/home_desk\/category\/attualita\/\" rel=\"category tag\">ATTUALIT\u00c0<\/a>","rttpg_excerpt":"Secondo il report dell'Istituto Superiore di Sanit\u00e0","_links":{"self":[{"href":"https:\/\/imagazine.it\/home_desk\/wp-json\/wp\/v2\/posts\/35275","targetHints":{"allow":["GET"]}}],"collection":[{"href":"https:\/\/imagazine.it\/home_desk\/wp-json\/wp\/v2\/posts"}],"about":[{"href":"https:\/\/imagazine.it\/home_desk\/wp-json\/wp\/v2\/types\/post"}],"author":[{"embeddable":true,"href":"https:\/\/imagazine.it\/home_desk\/wp-json\/wp\/v2\/users\/28"}],"replies":[{"embeddable":true,"href":"https:\/\/imagazine.it\/home_desk\/wp-json\/wp\/v2\/comments?post=35275"}],"version-history":[{"count":0,"href":"https:\/\/imagazine.it\/home_desk\/wp-json\/wp\/v2\/posts\/35275\/revisions"}],"wp:featuredmedia":[{"embeddable":true,"href":"https:\/\/imagazine.it\/home_desk\/wp-json\/wp\/v2\/media\/35276"}],"wp:attachment":[{"href":"https:\/\/imagazine.it\/home_desk\/wp-json\/wp\/v2\/media?parent=35275"}],"wp:term":[{"taxonomy":"category","embeddable":true,"href":"https:\/\/imagazine.it\/home_desk\/wp-json\/wp\/v2\/categories?post=35275"},{"taxonomy":"post_tag","embeddable":true,"href":"https:\/\/imagazine.it\/home_desk\/wp-json\/wp\/v2\/tags?post=35275"}],"curies":[{"name":"wp","href":"https:\/\/api.w.org\/{rel}","templated":true}]}}