{"id":35263,"date":"2020-12-02T00:00:00","date_gmt":"2020-12-01T23:00:00","guid":{"rendered":"https:\/\/imagazine.it\/?p=35263"},"modified":"2020-12-02T00:00:00","modified_gmt":"2020-12-01T23:00:00","slug":"capitale-europea-della-cultura-2025-partito-il-conto-alla-rovescia","status":"publish","type":"post","link":"https:\/\/imagazine.it\/home_desk\/capitale-europea-della-cultura-2025-partito-il-conto-alla-rovescia\/","title":{"rendered":"Capitale Europea della Cultura 2025: partito il conto alla rovescia"},"content":{"rendered":"<p>Con la presentazione del secondo libro di candidatura \u00e8 iniziata la fase finale della <strong>candidatura di Nova Gorica con Gorizia a Capitale Europea della Cultura<\/strong> (CEC). Il 18 dicembre la Commissione europea annuncer\u00e0 il destinatario del titolo.<\/p>\n<p>&#8220;La Candidatura \u2013 ha affermato l\u2019assessore regionale alla cultura, <strong>Tiziana Gibelli<\/strong> \u2013 \u00e8 un progetto che ricostruisce una comunit\u00e0 a suo tempo improvvisamente divisa e che ora si ritrova su un percorso comune. L&#39;intervento quasi all&#39;unisono dei due sindaci rappresenta un&#39;occasione storica, in quanto ci ha proposto un&#39;immagine che \u00e8 l&#39;emblema di un percorso condiviso dalla Regione fin dalle prime battute&#8221;.<\/p>\n<p>Sabato 12 dicembre \u00e8 attesa la visita della giuria internazionale, mentre Quattro giorni pi\u00f9 tardi dovr\u00e0 essere consegnata la presentazione finale della candidatura.<\/p>\n<p>Venerd\u00ec 18 dicembre sar\u00e0 ufficializzato il verdetto.<\/p>\n<p><a href=\"http:\/\/imagazinevideotruck.it\/outlet\/relink.html\" target=\"_top\" rel=\"noopener\"><img loading=\"lazy\" decoding=\"async\" align=\"LEFT\" height=\"250\" src=\"http:\/\/imagazinevideotruck.it\/outlet\/outlet30.gif\" width=\"300\" alt=\"\" title=\"\"><\/a><\/p>\n<p>\u00a0<\/p>\n<p>\u00a0<\/p>\n<p>\u00a0<\/p>\n<p>\u00a0<\/p>\n<p>\u00a0<\/p>\n<p>\u00a0<\/p>\n<p>\u00a0<\/p>\n<p>\u00a0<\/p>\n<p>\u00a0<\/p>\n<p>\u201cIl futuro \u2013 ha dichiarato il sindaco di Nova Gorica, <strong>Klemen Miklavi\u010d<\/strong> \u2013 \u00e8 comune e l&#39;integrazione \u00e8 fondamentale per lo sviluppo della regione. La candidatura alla CEC \u00e8 un catalizzatore di questo processo e un logico passo avanti nella cooperazione tra le due citt\u00e0. Con la CEC, speriamo di diventare un esempio per l&#39;Europa, aumentare l&#39;attrattiva della nostra area e innescare effetti economici, compresa la creazione di nuovi e migliori posti di lavoro\u201d.<\/p>\n<p>\u00a0\u201cIn un certo senso \u2013 ha fatto eco il sindaco di Gorizia, <strong>Rodolfo Ziberna<\/strong> \u2013 abbiamo gi\u00e0 vinto. Perch\u00e9 pi\u00f9 di cento persone e organizzazioni hanno creato progetti comuni e collaborato a un livello che sarebbe stato difficile da raggiungere senza questa candidatura. La CEC dimostrer\u00e0 che non siamo solo una citt\u00e0 a 100 chilometri da Lubiana o Venezia, ma un&#39;area di rilevanza europea con un&#39;identit\u00e0 unica\u201d.<\/p>\n","protected":false},"excerpt":{"rendered":"<p>L&#8217;annuncio il 18 dicembre<\/p>\n","protected":false},"author":28,"featured_media":35264,"comment_status":"closed","ping_status":"closed","sticky":false,"template":"","format":"standard","meta":{"dwc-title":[],"dwc-content":[],"footnotes":""},"categories":[5],"tags":[],"class_list":["post-35263","post","type-post","status-publish","format-standard","has-post-thumbnail","hentry","category-attualita"],"rttpg_featured_image_url":{"full":["https:\/\/imagazine.it\/wp-content\/uploads\/2024\/01\/37187-1.webp",1000,667,false],"landscape":["https:\/\/imagazine.it\/wp-content\/uploads\/2024\/01\/37187-1.webp",1000,667,false],"portraits":["https:\/\/imagazine.it\/wp-content\/uploads\/2024\/01\/37187-1.webp",1000,667,false],"thumbnail":["https:\/\/imagazine.it\/wp-content\/uploads\/2024\/01\/37187-1-150x150.webp",150,150,true],"medium":["https:\/\/imagazine.it\/wp-content\/uploads\/2024\/01\/37187-1-300x200.webp",300,200,true],"large":["https:\/\/imagazine.it\/wp-content\/uploads\/2024\/01\/37187-1.webp",640,427,false],"thumblist":["https:\/\/imagazine.it\/wp-content\/uploads\/2024\/01\/37187-1.webp",300,200,false],"thumbrelated":["https:\/\/imagazine.it\/wp-content\/uploads\/2024\/01\/37187-1.webp",500,334,false],"meccarouselthumb":["https:\/\/imagazine.it\/wp-content\/uploads\/2024\/01\/37187-1.webp",474,316,false],"gridsquare":["https:\/\/imagazine.it\/wp-content\/uploads\/2024\/01\/37187-1.webp",391,260,false],"tileview":["https:\/\/imagazine.it\/wp-content\/uploads\/2024\/01\/37187-1.webp",300,200,false],"1536x1536":["https:\/\/imagazine.it\/wp-content\/uploads\/2024\/01\/37187-1.webp",1000,667,false],"2048x2048":["https:\/\/imagazine.it\/wp-content\/uploads\/2024\/01\/37187-1.webp",1000,667,false],"newsup-slider-full":["https:\/\/imagazine.it\/wp-content\/uploads\/2024\/01\/37187-1.webp",1000,667,false],"newsup-featured":["https:\/\/imagazine.it\/wp-content\/uploads\/2024\/01\/37187-1.webp",1000,667,false],"newsup-medium":["https:\/\/imagazine.it\/wp-content\/uploads\/2024\/01\/37187-1-720x380.webp",720,380,true],"tptn_thumbnail":["https:\/\/imagazine.it\/wp-content\/uploads\/2024\/01\/37187-1.webp",250,167,false],"sow-carousel-default":["https:\/\/imagazine.it\/wp-content\/uploads\/2024\/01\/37187-1-272x182.webp",272,182,true]},"rttpg_author":{"display_name":"redazione","author_link":"https:\/\/imagazine.it\/home_desk\/author\/redazione\/"},"rttpg_comment":0,"rttpg_category":"<a href=\"https:\/\/imagazine.it\/home_desk\/category\/attualita\/\" rel=\"category tag\">ATTUALIT\u00c0<\/a>","rttpg_excerpt":"L'annuncio il 18 dicembre","_links":{"self":[{"href":"https:\/\/imagazine.it\/home_desk\/wp-json\/wp\/v2\/posts\/35263","targetHints":{"allow":["GET"]}}],"collection":[{"href":"https:\/\/imagazine.it\/home_desk\/wp-json\/wp\/v2\/posts"}],"about":[{"href":"https:\/\/imagazine.it\/home_desk\/wp-json\/wp\/v2\/types\/post"}],"author":[{"embeddable":true,"href":"https:\/\/imagazine.it\/home_desk\/wp-json\/wp\/v2\/users\/28"}],"replies":[{"embeddable":true,"href":"https:\/\/imagazine.it\/home_desk\/wp-json\/wp\/v2\/comments?post=35263"}],"version-history":[{"count":0,"href":"https:\/\/imagazine.it\/home_desk\/wp-json\/wp\/v2\/posts\/35263\/revisions"}],"wp:featuredmedia":[{"embeddable":true,"href":"https:\/\/imagazine.it\/home_desk\/wp-json\/wp\/v2\/media\/35264"}],"wp:attachment":[{"href":"https:\/\/imagazine.it\/home_desk\/wp-json\/wp\/v2\/media?parent=35263"}],"wp:term":[{"taxonomy":"category","embeddable":true,"href":"https:\/\/imagazine.it\/home_desk\/wp-json\/wp\/v2\/categories?post=35263"},{"taxonomy":"post_tag","embeddable":true,"href":"https:\/\/imagazine.it\/home_desk\/wp-json\/wp\/v2\/tags?post=35263"}],"curies":[{"name":"wp","href":"https:\/\/api.w.org\/{rel}","templated":true}]}}