{"id":35251,"date":"2020-12-01T00:00:00","date_gmt":"2020-11-30T23:00:00","guid":{"rendered":"https:\/\/imagazine.it\/?p=35251"},"modified":"2020-12-01T00:00:00","modified_gmt":"2020-11-30T23:00:00","slug":"covid-19-e-psa-crolla-il-prezzo-della-carne-suina","status":"publish","type":"post","link":"https:\/\/imagazine.it\/home_desk\/covid-19-e-psa-crolla-il-prezzo-della-carne-suina\/","title":{"rendered":"Covid-19 e Psa: crolla il prezzo della carne suina"},"content":{"rendered":"<p>\u00abIn soli 30 giorni, a novembre, il prezzo della carne suina \u00e8 crollato del 20%\u00bb, \u00e8 la denuncia di <strong>David Pontello<\/strong>, coordinatore della Sezione economica suinicoltura di Confagricoltura Fvg.<\/p>\n<p>\u00abSu base annuale, il valore \u00e8 sceso in maniera ancora pi\u00f9 sensibile: di oltre il 30%. Un anno fa, infatti, la carne di suino valeva 1,80 euro al chilo circa. Ora siamo a 1,22 euro al chilo (con tendenza verso l\u2019euro), molto al disotto della convenienza economica per l\u2019allevatore\u00bb, aggiunge Pontello.<\/p>\n<p>In questa condizione si trovano tutti i 765 suinicoltori regionali che, ogni anno, allevano oltre 245 mila suini.<\/p>\n<p><a href=\"http:\/\/imagazinevideotruck.it\/outlet\/relink_euro.html\" target=\"_top\" rel=\"noopener\"><img loading=\"lazy\" decoding=\"async\" align=\"LEFT\" height=\"250\" src=\"http:\/\/imagazinevideotruck.it\/outlet\/euromobili_banner_art.jpg\" width=\"300\" alt=\"\" title=\"\"><\/a><\/p>\n<p>\u00a0<\/p>\n<p>\u00a0<\/p>\n<p>\u00a0<\/p>\n<p>\u00a0<\/p>\n<p>\u00a0<\/p>\n<p>\u00a0<\/p>\n<p>\u00a0<\/p>\n<p>\u00a0<\/p>\n<p>\u00a0<\/p>\n<p>\u00abL\u2019attuale situazione ha origine in Germania dove, da settembre, sono scoppiati un paio di focolai di Peste Suina Africana (PSA). Di conseguenza, sono scattate alcune misure di contrasto alla pandemia e i Paesi asiatici (Cina in testa), hanno smesso di acquistare la carne suina tedesca \u2013 spiega Pontello \u2013 che si \u00e8 riversata sul mercato italiano facendo crollare i prezzi. A questo grave fatto si \u00e8 aggiunta la chiusura del canale Horeca a causa dei nuovi confinamenti conseguenti alla seconda ondata di Covid-19 che ha ulteriormente ristretto le opportunit\u00e0 di mercato. Durante tutti questi mesi difficili gli allevatori hanno garantito i rifornimenti di carne su tutti i mercati disponibili, in quantit\u00e0 e qualit\u00e0, pur tra mille difficolt\u00e0. Nelle prossime settimane, dunque, confidiamo che il nostro appello di acquistare carne allevata e macellata in Italia venga ampiamente accolto dall\u2019opinione pubblica e dai consumatori, nel tentativo di dare qualche soddisfazione agli allevatori e alle filiere nazionali. Purtroppo le nuove etichette sull\u2019origine delle carni sono entrate in vigore con una deroga che le rende veramente visibili ai consumatori solo a partire dall\u20191 febbraio 2021. Ma sul mercato si trovano gi\u00e0 molti prodotti completamente \u201cMade in Italy\u201d, a cominciare dai prosciutti a Dop\u00bb.<\/p>\n","protected":false},"excerpt":{"rendered":"<p>Appello ai consumatori da parte di Confagricoltura Fvg<\/p>\n","protected":false},"author":28,"featured_media":35252,"comment_status":"closed","ping_status":"closed","sticky":false,"template":"","format":"standard","meta":{"dwc-title":[],"dwc-content":[],"footnotes":""},"categories":[5],"tags":[],"class_list":["post-35251","post","type-post","status-publish","format-standard","has-post-thumbnail","hentry","category-attualita"],"rttpg_featured_image_url":{"full":["https:\/\/imagazine.it\/wp-content\/uploads\/2024\/01\/37171-1.webp",1000,818,false],"landscape":["https:\/\/imagazine.it\/wp-content\/uploads\/2024\/01\/37171-1.webp",1000,818,false],"portraits":["https:\/\/imagazine.it\/wp-content\/uploads\/2024\/01\/37171-1.webp",1000,818,false],"thumbnail":["https:\/\/imagazine.it\/wp-content\/uploads\/2024\/01\/37171-1-150x150.webp",150,150,true],"medium":["https:\/\/imagazine.it\/wp-content\/uploads\/2024\/01\/37171-1-300x245.webp",300,245,true],"large":["https:\/\/imagazine.it\/wp-content\/uploads\/2024\/01\/37171-1.webp",640,524,false],"thumblist":["https:\/\/imagazine.it\/wp-content\/uploads\/2024\/01\/37171-1.webp",300,245,false],"thumbrelated":["https:\/\/imagazine.it\/wp-content\/uploads\/2024\/01\/37171-1.webp",500,409,false],"meccarouselthumb":["https:\/\/imagazine.it\/wp-content\/uploads\/2024\/01\/37171-1.webp",396,324,false],"gridsquare":["https:\/\/imagazine.it\/wp-content\/uploads\/2024\/01\/37171-1.webp",318,260,false],"tileview":["https:\/\/imagazine.it\/wp-content\/uploads\/2024\/01\/37171-1.webp",300,245,false],"1536x1536":["https:\/\/imagazine.it\/wp-content\/uploads\/2024\/01\/37171-1.webp",1000,818,false],"2048x2048":["https:\/\/imagazine.it\/wp-content\/uploads\/2024\/01\/37171-1.webp",1000,818,false],"newsup-slider-full":["https:\/\/imagazine.it\/wp-content\/uploads\/2024\/01\/37171-1-1000x720.webp",1000,720,true],"newsup-featured":["https:\/\/imagazine.it\/wp-content\/uploads\/2024\/01\/37171-1.webp",1000,818,false],"newsup-medium":["https:\/\/imagazine.it\/wp-content\/uploads\/2024\/01\/37171-1-720x380.webp",720,380,true],"tptn_thumbnail":["https:\/\/imagazine.it\/wp-content\/uploads\/2024\/01\/37171-1.webp",250,205,false],"sow-carousel-default":["https:\/\/imagazine.it\/wp-content\/uploads\/2024\/01\/37171-1-272x182.webp",272,182,true]},"rttpg_author":{"display_name":"redazione","author_link":"https:\/\/imagazine.it\/home_desk\/author\/redazione\/"},"rttpg_comment":0,"rttpg_category":"<a href=\"https:\/\/imagazine.it\/home_desk\/category\/attualita\/\" rel=\"category tag\">ATTUALIT\u00c0<\/a>","rttpg_excerpt":"Appello ai consumatori da parte di Confagricoltura Fvg","_links":{"self":[{"href":"https:\/\/imagazine.it\/home_desk\/wp-json\/wp\/v2\/posts\/35251","targetHints":{"allow":["GET"]}}],"collection":[{"href":"https:\/\/imagazine.it\/home_desk\/wp-json\/wp\/v2\/posts"}],"about":[{"href":"https:\/\/imagazine.it\/home_desk\/wp-json\/wp\/v2\/types\/post"}],"author":[{"embeddable":true,"href":"https:\/\/imagazine.it\/home_desk\/wp-json\/wp\/v2\/users\/28"}],"replies":[{"embeddable":true,"href":"https:\/\/imagazine.it\/home_desk\/wp-json\/wp\/v2\/comments?post=35251"}],"version-history":[{"count":0,"href":"https:\/\/imagazine.it\/home_desk\/wp-json\/wp\/v2\/posts\/35251\/revisions"}],"wp:featuredmedia":[{"embeddable":true,"href":"https:\/\/imagazine.it\/home_desk\/wp-json\/wp\/v2\/media\/35252"}],"wp:attachment":[{"href":"https:\/\/imagazine.it\/home_desk\/wp-json\/wp\/v2\/media?parent=35251"}],"wp:term":[{"taxonomy":"category","embeddable":true,"href":"https:\/\/imagazine.it\/home_desk\/wp-json\/wp\/v2\/categories?post=35251"},{"taxonomy":"post_tag","embeddable":true,"href":"https:\/\/imagazine.it\/home_desk\/wp-json\/wp\/v2\/tags?post=35251"}],"curies":[{"name":"wp","href":"https:\/\/api.w.org\/{rel}","templated":true}]}}