{"id":35247,"date":"2020-12-01T00:00:00","date_gmt":"2020-11-30T23:00:00","guid":{"rendered":"https:\/\/imagazine.it\/?p=35247"},"modified":"2020-12-01T00:00:00","modified_gmt":"2020-11-30T23:00:00","slug":"in-fvg-nuovi-contributi-per-lacquisto-di-veicoli-ecologici","status":"publish","type":"post","link":"https:\/\/imagazine.it\/home_desk\/in-fvg-nuovi-contributi-per-lacquisto-di-veicoli-ecologici\/","title":{"rendered":"In FVG nuovi contributi per l&#8217;acquisto di veicoli ecologici"},"content":{"rendered":"<p>Nel <strong>triennio 2021-2023<\/strong> saranno stanziati dalla Regione <strong>tre milioni di euro per l&#39;acquisto di veicoli ecologici nuovi<\/strong> e la contestuale rottamazione dei veicoli usati.<br \/> La norma, che sar\u00e0 contenuta in un emendamento alla legge regionale di Stabilit\u00e0, \u00e8 stata annunciata alla I Commissione integrata del Consiglio regionale dall&#39;assessore alla Difesa dell&#39;Ambiente, all&#39;Energia e allo Sviluppo sostenibile <strong>Fabio Scoccimarro<\/strong>.<\/p>\n<p>&#8220;Con questa nuova linea contributiva &#8211; ha spiegato Scoccimarro &#8211; introduciamo nuovi criteri per l&#39;attribuzione degli incentivi. Si terr\u00e0 conto, oltre che delle fasce di emissioni inquinanti in cui sono inseriti il veicolo da rottamare e il veicolo nuovo e della cilindrata del veicolo nuovo, anche della fascia di reddito del soggetto richiedente&#8221;.<\/p>\n<p>I contributi alle persone fisiche riguarderanno la <strong>rottamazione di veicoli usati di classe da Euro 0 a Euro 3<\/strong> e il conseguente <strong>acquisto di veicoli di categoria M1, nuovi o usati a &#8220;Km 0&#8221;, rientranti nella classe Euro 6 o con alimentazione ibrida o con alimentazione elettrica<\/strong>.<\/p>\n<p>Entro sessanta giorni dall&#39;entrata in vigore della legge di stabilit\u00e0 un regolamento definir\u00e0 la graduazione dei contributi, l&#39;ammontare massimo del singolo contributo, le fasce reddituali che consentono di accedere al contributo, le fasce di emissioni inquinanti dei veicoli da rottamare e dei veicoli nuovi, la cilindrata massima dei nuovi veicoli, a esclusione di quelli elettrici e il termine massimo entro il quale devono essere effettuati la rottamazione del veicolo usato e l&#39;acquisto di quello nuovo.<\/p>\n<p><a href=\"http:\/\/imagazinevideotruck.it\/outlet\/relink_euro.html\" target=\"_top\" rel=\"noopener\"><img loading=\"lazy\" decoding=\"async\" align=\"LEFT\" height=\"250\" src=\"http:\/\/imagazinevideotruck.it\/outlet\/euromobili_banner_art.jpg\" width=\"300\" alt=\"\" title=\"\"><\/a><\/p>\n<p>\u00a0<\/p>\n<p>\u00a0<\/p>\n<p>\u00a0<\/p>\n<p>\u00a0<\/p>\n<p>\u00a0<\/p>\n<p>\u00a0<\/p>\n<p>\u00a0<\/p>\n<p>\u00a0<\/p>\n<p>\u00a0<\/p>\n<p>Inoltre il regolamento stabilir\u00e0 criteri e le modalit\u00e0 per l&#39;assegnazione alle Camere di commercio, delle risorse finanziarie destinate alle attivit\u00e0 di gestione delle pratiche contributive, pari a 150 mila euro nel triennio.<\/p>\n<p>&#8220;Con questa misura &#8211; ha concluso Scoccimarro &#8211; diamo nuova linfa alla lotta all&#39;inquinamento atmosferico, supportiamo le fasce pi\u00f9 deboli della popolazione regionale nell&#39;acquisto di un bene fondamentale per la vita di ogni giorno e nel contempo offriamo nuovi stimoli all&#39;importante mercato degli autoveicoli&#8221;.<\/p>\n<p>La norma, entrando in vigore, chiuder\u00e0 l&#39;attuale linea contributiva istituita dall&#39;articolo 4, comma 32 della legge regionale 45\/2017.<\/p>\n","protected":false},"excerpt":{"rendered":"<p>Emendamento alla legge regionale di Stabilit\u00e0<\/p>\n","protected":false},"author":28,"featured_media":35248,"comment_status":"closed","ping_status":"closed","sticky":false,"template":"","format":"standard","meta":{"dwc-title":[],"dwc-content":[],"footnotes":""},"categories":[5],"tags":[],"class_list":["post-35247","post","type-post","status-publish","format-standard","has-post-thumbnail","hentry","category-attualita"],"rttpg_featured_image_url":{"full":["https:\/\/imagazine.it\/wp-content\/uploads\/2024\/01\/37167-1.webp",1000,668,false],"landscape":["https:\/\/imagazine.it\/wp-content\/uploads\/2024\/01\/37167-1.webp",1000,668,false],"portraits":["https:\/\/imagazine.it\/wp-content\/uploads\/2024\/01\/37167-1.webp",1000,668,false],"thumbnail":["https:\/\/imagazine.it\/wp-content\/uploads\/2024\/01\/37167-1-150x150.webp",150,150,true],"medium":["https:\/\/imagazine.it\/wp-content\/uploads\/2024\/01\/37167-1-300x200.webp",300,200,true],"large":["https:\/\/imagazine.it\/wp-content\/uploads\/2024\/01\/37167-1.webp",640,428,false],"thumblist":["https:\/\/imagazine.it\/wp-content\/uploads\/2024\/01\/37167-1.webp",300,200,false],"thumbrelated":["https:\/\/imagazine.it\/wp-content\/uploads\/2024\/01\/37167-1.webp",500,334,false],"meccarouselthumb":["https:\/\/imagazine.it\/wp-content\/uploads\/2024\/01\/37167-1.webp",474,317,false],"gridsquare":["https:\/\/imagazine.it\/wp-content\/uploads\/2024\/01\/37167-1.webp",389,260,false],"tileview":["https:\/\/imagazine.it\/wp-content\/uploads\/2024\/01\/37167-1.webp",300,200,false],"1536x1536":["https:\/\/imagazine.it\/wp-content\/uploads\/2024\/01\/37167-1.webp",1000,668,false],"2048x2048":["https:\/\/imagazine.it\/wp-content\/uploads\/2024\/01\/37167-1.webp",1000,668,false],"newsup-slider-full":["https:\/\/imagazine.it\/wp-content\/uploads\/2024\/01\/37167-1.webp",1000,668,false],"newsup-featured":["https:\/\/imagazine.it\/wp-content\/uploads\/2024\/01\/37167-1.webp",1000,668,false],"newsup-medium":["https:\/\/imagazine.it\/wp-content\/uploads\/2024\/01\/37167-1-720x380.webp",720,380,true],"tptn_thumbnail":["https:\/\/imagazine.it\/wp-content\/uploads\/2024\/01\/37167-1.webp",250,167,false],"sow-carousel-default":["https:\/\/imagazine.it\/wp-content\/uploads\/2024\/01\/37167-1-272x182.webp",272,182,true]},"rttpg_author":{"display_name":"redazione","author_link":"https:\/\/imagazine.it\/home_desk\/author\/redazione\/"},"rttpg_comment":0,"rttpg_category":"<a href=\"https:\/\/imagazine.it\/home_desk\/category\/attualita\/\" rel=\"category tag\">ATTUALIT\u00c0<\/a>","rttpg_excerpt":"Emendamento alla legge regionale di Stabilit\u00e0","_links":{"self":[{"href":"https:\/\/imagazine.it\/home_desk\/wp-json\/wp\/v2\/posts\/35247","targetHints":{"allow":["GET"]}}],"collection":[{"href":"https:\/\/imagazine.it\/home_desk\/wp-json\/wp\/v2\/posts"}],"about":[{"href":"https:\/\/imagazine.it\/home_desk\/wp-json\/wp\/v2\/types\/post"}],"author":[{"embeddable":true,"href":"https:\/\/imagazine.it\/home_desk\/wp-json\/wp\/v2\/users\/28"}],"replies":[{"embeddable":true,"href":"https:\/\/imagazine.it\/home_desk\/wp-json\/wp\/v2\/comments?post=35247"}],"version-history":[{"count":0,"href":"https:\/\/imagazine.it\/home_desk\/wp-json\/wp\/v2\/posts\/35247\/revisions"}],"wp:featuredmedia":[{"embeddable":true,"href":"https:\/\/imagazine.it\/home_desk\/wp-json\/wp\/v2\/media\/35248"}],"wp:attachment":[{"href":"https:\/\/imagazine.it\/home_desk\/wp-json\/wp\/v2\/media?parent=35247"}],"wp:term":[{"taxonomy":"category","embeddable":true,"href":"https:\/\/imagazine.it\/home_desk\/wp-json\/wp\/v2\/categories?post=35247"},{"taxonomy":"post_tag","embeddable":true,"href":"https:\/\/imagazine.it\/home_desk\/wp-json\/wp\/v2\/tags?post=35247"}],"curies":[{"name":"wp","href":"https:\/\/api.w.org\/{rel}","templated":true}]}}