{"id":35245,"date":"2020-12-01T00:00:00","date_gmt":"2020-11-30T23:00:00","guid":{"rendered":"https:\/\/imagazine.it\/?p=35245"},"modified":"2020-12-01T00:00:00","modified_gmt":"2020-11-30T23:00:00","slug":"gorizia-900-mila-euro-per-sostenere-economia-e-famiglie","status":"publish","type":"post","link":"https:\/\/imagazine.it\/home_desk\/gorizia-900-mila-euro-per-sostenere-economia-e-famiglie\/","title":{"rendered":"Gorizia, 900 mila euro per sostenere economia e famiglie"},"content":{"rendered":"<p>Approvata ieri dal Consiglio comunale di Gorizia l\u2019ultima variazione di bilancio del 2020, che prevede anche interventi collegati alle conseguenze dell\u2019epidemia di Covid-19.<\/p>\n<p>Destinati <strong>400 mila euro per l\u2019abbattimento della Tari<\/strong>, ovvero dell\u201980% della parte variabile delle bollette di alcune categorie economiche ma anche altri <strong>260<\/strong> mila per <strong>evitare ogni aumento per le utenze domestiche<\/strong>.<\/p>\n<p>Ancora <strong>45 mila<\/strong> euro per le misure anti Covid-19 per i servizi di doposcuola e degli asili nido e altri <strong>17 mila<\/strong> per analoghi servizi, fra cui l\u2019acquisto di 10 mila tamponi rapidi per i dipendenti dell\u2019ente (fra cui gli operatori delle scuole comunali).<\/p>\n<p>Previsti anche fondi per il sociale (<strong>50 mila<\/strong> euro che si vanno a sommare a tutti gli altri gi\u00e0 stanziati fino a oggi) e per lo sport (<strong>30 mila<\/strong> euro, collegati alle misure anti contagio della piscina comunale). Altre risorse sono state stanziate in settori diversi ma sempre collegate agli interventi a tutela della salute.<\/p>\n<p><a href=\"http:\/\/imagazinevideotruck.it\/outlet\/relink.html\" target=\"_top\" rel=\"noopener\"><img loading=\"lazy\" decoding=\"async\" align=\"LEFT\" height=\"250\" src=\"http:\/\/imagazinevideotruck.it\/outlet\/outlet30.gif\" width=\"300\" alt=\"\" title=\"\"><\/a><\/p>\n<p>\u00a0<\/p>\n<p>\u00a0<\/p>\n<p>\u00a0<\/p>\n<p>\u00a0<\/p>\n<p>\u00a0<\/p>\n<p>\u00a0<\/p>\n<p>\u00a0<\/p>\n<p>\u00a0<\/p>\n<p>\u00a0<\/p>\n<p>\u201cRingrazio molto le forze politiche e tutti i consiglieri di maggioranza e opposizione che, dimostrando grande senso di responsabilit\u00e0, hanno contribuito alla costruzione di questo provvedimento e alla sua condivisione &#8211; rimarca il sindaco, <strong>Rodolfo Ziberna<\/strong> -. \u00c8 un messaggio importante che viene dato ai Goriziani, ovvero che nell\u2019emergenza la politica locale sa unirsi nell\u2019interesse della citt\u00e0 pur nell\u2019ambito\u00a0dei rispettivi ruoli. Ringrazio anche gli uffici finanziari del Comune che ci hanno assistito con professionalit\u00e0 ma anche con sensibilit\u00e0, in questo frangente.\u00a0Non \u00e8 un momento facile e ci apprestiamo a vivere un Natale diverso da quelli cui siamo abituati. C\u2019\u00e8 tanto disagio, tanta sofferenza e il nostro primo pensiero non pu\u00f2 che essere rivolto alle persone pi\u00f9 in difficolt\u00e0, da chi \u00e8 ricoverato in ospedale ai nonni nelle case di riposo, da chi ha problemi a pagare le bollette a chi \u00e8 costretto a vivere distante dai propri cari. Per questo sono dell\u2019avviso che le istituzioni devono dare il massimo e anche di pi\u00f9 per essere vicine ai cittadini, con aiuti economici ma anche, com\u2019\u00e8 accaduto con l\u2019approvazione dell\u2019ultima variazione con il messaggio che, quando serve, si devono superare, responsabilmente, divisioni e visioni di parte. Non tutti hanno condiviso questa linea, e mi dispiace, ma\u00a0per Gorizia \u00e8 comunque stata una bella pagina politica\u201d.<\/p>\n","protected":false},"excerpt":{"rendered":"<p>Via libera del Consiglio comunale<\/p>\n","protected":false},"author":28,"featured_media":35246,"comment_status":"closed","ping_status":"closed","sticky":false,"template":"","format":"standard","meta":{"dwc-title":[],"dwc-content":[],"footnotes":""},"categories":[5],"tags":[],"class_list":["post-35245","post","type-post","status-publish","format-standard","has-post-thumbnail","hentry","category-attualita"],"rttpg_featured_image_url":{"full":["https:\/\/imagazine.it\/wp-content\/uploads\/2024\/01\/37165-1.webp",1891,1248,false],"landscape":["https:\/\/imagazine.it\/wp-content\/uploads\/2024\/01\/37165-1.webp",1891,1248,false],"portraits":["https:\/\/imagazine.it\/wp-content\/uploads\/2024\/01\/37165-1.webp",1891,1248,false],"thumbnail":["https:\/\/imagazine.it\/wp-content\/uploads\/2024\/01\/37165-1-150x150.webp",150,150,true],"medium":["https:\/\/imagazine.it\/wp-content\/uploads\/2024\/01\/37165-1-300x198.webp",300,198,true],"large":["https:\/\/imagazine.it\/wp-content\/uploads\/2024\/01\/37165-1-1024x676.webp",640,423,true],"thumblist":["https:\/\/imagazine.it\/wp-content\/uploads\/2024\/01\/37165-1.webp",300,198,false],"thumbrelated":["https:\/\/imagazine.it\/wp-content\/uploads\/2024\/01\/37165-1.webp",500,330,false],"meccarouselthumb":["https:\/\/imagazine.it\/wp-content\/uploads\/2024\/01\/37165-1.webp",474,313,false],"gridsquare":["https:\/\/imagazine.it\/wp-content\/uploads\/2024\/01\/37165-1.webp",391,258,false],"tileview":["https:\/\/imagazine.it\/wp-content\/uploads\/2024\/01\/37165-1.webp",300,198,false],"1536x1536":["https:\/\/imagazine.it\/wp-content\/uploads\/2024\/01\/37165-1-1536x1014.webp",1536,1014,true],"2048x2048":["https:\/\/imagazine.it\/wp-content\/uploads\/2024\/01\/37165-1.webp",1891,1248,false],"newsup-slider-full":["https:\/\/imagazine.it\/wp-content\/uploads\/2024\/01\/37165-1-1280x720.webp",1280,720,true],"newsup-featured":["https:\/\/imagazine.it\/wp-content\/uploads\/2024\/01\/37165-1-1024x676.webp",1024,676,true],"newsup-medium":["https:\/\/imagazine.it\/wp-content\/uploads\/2024\/01\/37165-1-720x380.webp",720,380,true],"tptn_thumbnail":["https:\/\/imagazine.it\/wp-content\/uploads\/2024\/01\/37165-1.webp",250,165,false],"sow-carousel-default":["https:\/\/imagazine.it\/wp-content\/uploads\/2024\/01\/37165-1-272x182.webp",272,182,true]},"rttpg_author":{"display_name":"redazione","author_link":"https:\/\/imagazine.it\/home_desk\/author\/redazione\/"},"rttpg_comment":0,"rttpg_category":"<a href=\"https:\/\/imagazine.it\/home_desk\/category\/attualita\/\" rel=\"category tag\">ATTUALIT\u00c0<\/a>","rttpg_excerpt":"Via libera del Consiglio comunale","_links":{"self":[{"href":"https:\/\/imagazine.it\/home_desk\/wp-json\/wp\/v2\/posts\/35245","targetHints":{"allow":["GET"]}}],"collection":[{"href":"https:\/\/imagazine.it\/home_desk\/wp-json\/wp\/v2\/posts"}],"about":[{"href":"https:\/\/imagazine.it\/home_desk\/wp-json\/wp\/v2\/types\/post"}],"author":[{"embeddable":true,"href":"https:\/\/imagazine.it\/home_desk\/wp-json\/wp\/v2\/users\/28"}],"replies":[{"embeddable":true,"href":"https:\/\/imagazine.it\/home_desk\/wp-json\/wp\/v2\/comments?post=35245"}],"version-history":[{"count":0,"href":"https:\/\/imagazine.it\/home_desk\/wp-json\/wp\/v2\/posts\/35245\/revisions"}],"wp:featuredmedia":[{"embeddable":true,"href":"https:\/\/imagazine.it\/home_desk\/wp-json\/wp\/v2\/media\/35246"}],"wp:attachment":[{"href":"https:\/\/imagazine.it\/home_desk\/wp-json\/wp\/v2\/media?parent=35245"}],"wp:term":[{"taxonomy":"category","embeddable":true,"href":"https:\/\/imagazine.it\/home_desk\/wp-json\/wp\/v2\/categories?post=35245"},{"taxonomy":"post_tag","embeddable":true,"href":"https:\/\/imagazine.it\/home_desk\/wp-json\/wp\/v2\/tags?post=35245"}],"curies":[{"name":"wp","href":"https:\/\/api.w.org\/{rel}","templated":true}]}}