{"id":35239,"date":"2020-12-01T00:00:00","date_gmt":"2020-11-30T23:00:00","guid":{"rendered":"https:\/\/imagazine.it\/?p=35239"},"modified":"2020-12-01T00:00:00","modified_gmt":"2020-11-30T23:00:00","slug":"partono-da-aquileia-i-nuovi-viaggi-digitali-dautore-in-fvg","status":"publish","type":"post","link":"https:\/\/imagazine.it\/home_desk\/partono-da-aquileia-i-nuovi-viaggi-digitali-dautore-in-fvg\/","title":{"rendered":"Partono da Aquileia i nuovi viaggi digitali d&#8217;autore in FVG"},"content":{"rendered":"<p>Con\u00a0<strong>due itinerari<\/strong>\u00a0in luoghi iconici del Friuli Venezia Giulia \u2013\u00a0<strong>la citt\u00e0 romana di Aquileia e le Alpi della Carnia\u00a0<\/strong>\u2013\u00a0<strong>riparte, sabato 5 dicembre<\/strong>, il format dei\u00a0<strong>Viaggi digitali d\u2019autore<\/strong>\u00a0promosso\u00a0da<strong>\u00a0Fondazione Pordenonelegge\u00a0<\/strong>con la<strong>\u00a0Regione\u00a0Friuli Venezia Giulia\u00a0e PromoTurismoFVG<\/strong>.<\/p>\n<p>Si intitola \u201c<strong>Friuli Venezia Giulia terra di scrittori. Alla scoperta dei luoghi che li hanno ispirati\u201d\u00a0<\/strong>il<strong>\u00a0progetto\u00a0<\/strong>ancora una volta<strong>\u00a0affidato ad autori del nostro tempo<\/strong>, che diventano Cicerone speciale dei loro luoghi del cuore. Un modo per approfondire la conoscenza del territorio attraverso la voce, le esperienze e la visione di scrittori che sanno trasmetterci emozioni e sensazioni legate a una regione da conoscere e magari riscoprire.<\/p>\n<p>Novit\u00e0 di questa nuova edizione: i viaggi digitali saranno realizzati in Lis (Lingua Italiana dei segni).\u00a0<strong>Sabato 5 dicembre <\/strong>sar\u00e0 lo scrittore e storico<strong> Valerio Massimo Manfredi\u00a0<\/strong>a guidare in un emozionante viaggio nello spazio e nel tempo, alla riscoperta dell\u2019<strong>Aquileia romana;\u00a0sabato 19 dicembre<\/strong> il testimone passer\u00e0 alla scrittrice<strong> Ilaria Tuti<\/strong>, che condurr\u00e0 alla scoperta della \u201csue\u201d montagne friulane, dalla Carnia alla val Resia.<\/p>\n<p>Nel\u00a0<strong>2021<\/strong>\u00a0sono poi in arrivo quattro ulteriori viaggi digitali: sulle tracce di\u00a0<strong>Carlo Sgorlon, Biagio Marin e Carlo Emilio Gadda<\/strong>, mentre lo scrittore\u00a0<strong>Enrico Galiano<\/strong>\u00a0guider\u00e0 alla scoperta della \u201csua\u201d\u00a0<strong>Pordenone<\/strong>.<\/p>\n<p>Itinerari che completano quelli gi\u00e0 proposti nel 2020 nella\u00a0pianura friulana raccontata dal Nievo e riletta da\u00a0<strong>Angelo Floramo<\/strong>, nel Friuli Venezia Giulia pi\u00f9 contadino di Padre Turoldo ripercorso da\u00a0<strong>Gian Mario Villalta<\/strong>, a\u00a0<strong>Lignano<\/strong>\u00a0<strong>Sabbiadoro<\/strong>, piccola Florida nel cuore di Ernest Hemingway riletta da\u00a0<strong>Alberto Garlini<\/strong>; e ancora nella\u00a0<strong>Valcellina\u00a0<\/strong>magica raccontata da\u00a0<strong>Mauro Corona<\/strong>, nella\u00a0<strong>Valvasone<\/strong>\u00a0medievale cara a\u00a0<strong>Tullio Avoledo<\/strong>, nella\u00a0<strong>Trieste\u00a0<\/strong>di\u00a0<strong>Veit Heinichen<\/strong>, lungo le trincee ungarettiane della Grande Guerra rilette da\u00a0<strong>Alessandro Marzo Magno<\/strong>, nella\u00a0<strong>Casarsa<\/strong>\u00a0nat\u00eca di Pier Paolo Pasolini riscoperta con la guida di\u00a0<strong>Roberto Carnero<\/strong>.<\/p>\n<p>\u00c8 possibile rivedere gli itinerari gi\u00e0 percorsi sul canale\u00a0<u><a href=\"http:\/\/www.youtube.com\/watch?v=PkGOKbKgRho&#038;list=PL1p-dVECNVAmijMPDm7RrBbNMkuMHF-En\" target=\"_blank\" rel=\"noopener\">Youtube<\/a><\/u>\u00a0di pordenonelegge e sul sito\u00a0<u><a href=\"https:\/\/www.turismofvg.it\/poi\/map?Filter=3569#PagerStartIndex=0\" target=\"_blank\" rel=\"noopener\">turismofvg.it<\/a><\/u>.<\/p>\n<p><a href=\"http:\/\/imagazinevideotruck.it\/outlet\/relink_euro.html\" target=\"_top\" rel=\"noopener\"><img loading=\"lazy\" decoding=\"async\" align=\"LEFT\" height=\"250\" src=\"http:\/\/imagazinevideotruck.it\/outlet\/euromobili_banner_art.jpg\" width=\"300\" alt=\"\" title=\"\"><\/a><\/p>\n<p>\u00a0<\/p>\n<p>\u00a0<\/p>\n<p>\u00a0<\/p>\n<p>\u00a0<\/p>\n<p>\u00a0<\/p>\n<p>\u00a0<\/p>\n<p>\u00a0<\/p>\n<p>\u00a0<\/p>\n<p>\u00a0<\/p>\n<p>\u00abNei mesi in cui ci \u00e8 precluso spostarci con l\u2019animo sereno del turista \u2013\u00a0<strong>spiega il presidente di Fondazione Pordenonelegge, Michelangelo Agrusti\u00a0<\/strong>\u2013\u00a0abbiamo voluto riportare alcuni dei pi\u00f9 suggestivi itinerari del territorio regionale direttamente nelle case, narrati da guide d\u2019eccezione:\u00a0gli stessi scrittori che quei luoghi hanno raccontato,\u00a0intrecciando nei loro libri trame e paesaggi. Gli autori sanno diventare straordinari \u201cinfluencer\u201d dei luoghi nei quali si muovono i loro personaggi: lo ha dimostrato\u00a0il viaggio digitale che Veit Heinichen ha dedicato a Trieste, gi\u00e0 tradotto e utilizzato a beneficio dell\u2019incoming di lingua tedesca\u00bb.<\/p>\n<p>\u201c<strong>Pordenonelegge<\/strong>, grazie alla lungimiranza della sua Fondazione \u2013 dichiara\u00a0l\u2019assessore al Turismo e alle Attivit\u00e0 produttive della Regione Friuli Venezia Giulia,<strong> Sergio Emidio Bini<\/strong>\u00a0\u2013 \u00e8 una di quelle realt\u00e0 che in un periodo storico cos\u00ec particolare\u00a0<strong>ha saputo reinventarsi, offrendo l\u2019elevata qualit\u00e0 a cui siamo sempre stati abituati.<\/strong>\u00a0L\u2019iniziativa \u201cViaggi digitali d\u2019autore\u201d ne \u00e8 la riprova ed \u00e8 uno strumento che pu\u00f2 continuare il racconto del Friuli Venezia Giulia, dando a un pubblico nazionale e internazionale una forte motivazione di viaggio quando ce ne sar\u00e0 nuovamente la possibilit\u00e0\u201d.<\/p>\n","protected":false},"excerpt":{"rendered":"<p>Da sabato 5 dicembre<\/p>\n","protected":false},"author":28,"featured_media":35240,"comment_status":"closed","ping_status":"closed","sticky":false,"template":"","format":"standard","meta":{"dwc-title":[],"dwc-content":[],"footnotes":""},"categories":[8],"tags":[],"class_list":["post-35239","post","type-post","status-publish","format-standard","has-post-thumbnail","hentry","category-turismo"],"rttpg_featured_image_url":{"full":["https:\/\/imagazine.it\/wp-content\/uploads\/2024\/01\/37159-1.webp",800,466,false],"landscape":["https:\/\/imagazine.it\/wp-content\/uploads\/2024\/01\/37159-1.webp",800,466,false],"portraits":["https:\/\/imagazine.it\/wp-content\/uploads\/2024\/01\/37159-1.webp",800,466,false],"thumbnail":["https:\/\/imagazine.it\/wp-content\/uploads\/2024\/01\/37159-1-150x150.webp",150,150,true],"medium":["https:\/\/imagazine.it\/wp-content\/uploads\/2024\/01\/37159-1-300x175.webp",300,175,true],"large":["https:\/\/imagazine.it\/wp-content\/uploads\/2024\/01\/37159-1.webp",640,373,false],"thumblist":["https:\/\/imagazine.it\/wp-content\/uploads\/2024\/01\/37159-1.webp",300,175,false],"thumbrelated":["https:\/\/imagazine.it\/wp-content\/uploads\/2024\/01\/37159-1.webp",500,291,false],"meccarouselthumb":["https:\/\/imagazine.it\/wp-content\/uploads\/2024\/01\/37159-1.webp",474,276,false],"gridsquare":["https:\/\/imagazine.it\/wp-content\/uploads\/2024\/01\/37159-1.webp",391,228,false],"tileview":["https:\/\/imagazine.it\/wp-content\/uploads\/2024\/01\/37159-1.webp",300,175,false],"1536x1536":["https:\/\/imagazine.it\/wp-content\/uploads\/2024\/01\/37159-1.webp",800,466,false],"2048x2048":["https:\/\/imagazine.it\/wp-content\/uploads\/2024\/01\/37159-1.webp",800,466,false],"newsup-slider-full":["https:\/\/imagazine.it\/wp-content\/uploads\/2024\/01\/37159-1.webp",800,466,false],"newsup-featured":["https:\/\/imagazine.it\/wp-content\/uploads\/2024\/01\/37159-1.webp",800,466,false],"newsup-medium":["https:\/\/imagazine.it\/wp-content\/uploads\/2024\/01\/37159-1-720x380.webp",720,380,true],"tptn_thumbnail":["https:\/\/imagazine.it\/wp-content\/uploads\/2024\/01\/37159-1.webp",250,146,false],"sow-carousel-default":["https:\/\/imagazine.it\/wp-content\/uploads\/2024\/01\/37159-1-272x182.webp",272,182,true]},"rttpg_author":{"display_name":"redazione","author_link":"https:\/\/imagazine.it\/home_desk\/author\/redazione\/"},"rttpg_comment":0,"rttpg_category":"<a href=\"https:\/\/imagazine.it\/home_desk\/category\/turismo\/\" rel=\"category tag\">TURISMO<\/a>","rttpg_excerpt":"Da sabato 5 dicembre","_links":{"self":[{"href":"https:\/\/imagazine.it\/home_desk\/wp-json\/wp\/v2\/posts\/35239","targetHints":{"allow":["GET"]}}],"collection":[{"href":"https:\/\/imagazine.it\/home_desk\/wp-json\/wp\/v2\/posts"}],"about":[{"href":"https:\/\/imagazine.it\/home_desk\/wp-json\/wp\/v2\/types\/post"}],"author":[{"embeddable":true,"href":"https:\/\/imagazine.it\/home_desk\/wp-json\/wp\/v2\/users\/28"}],"replies":[{"embeddable":true,"href":"https:\/\/imagazine.it\/home_desk\/wp-json\/wp\/v2\/comments?post=35239"}],"version-history":[{"count":0,"href":"https:\/\/imagazine.it\/home_desk\/wp-json\/wp\/v2\/posts\/35239\/revisions"}],"wp:featuredmedia":[{"embeddable":true,"href":"https:\/\/imagazine.it\/home_desk\/wp-json\/wp\/v2\/media\/35240"}],"wp:attachment":[{"href":"https:\/\/imagazine.it\/home_desk\/wp-json\/wp\/v2\/media?parent=35239"}],"wp:term":[{"taxonomy":"category","embeddable":true,"href":"https:\/\/imagazine.it\/home_desk\/wp-json\/wp\/v2\/categories?post=35239"},{"taxonomy":"post_tag","embeddable":true,"href":"https:\/\/imagazine.it\/home_desk\/wp-json\/wp\/v2\/tags?post=35239"}],"curies":[{"name":"wp","href":"https:\/\/api.w.org\/{rel}","templated":true}]}}