{"id":35233,"date":"2020-12-01T00:00:00","date_gmt":"2020-11-30T23:00:00","guid":{"rendered":"https:\/\/imagazine.it\/?p=35233"},"modified":"2020-12-01T00:00:00","modified_gmt":"2020-11-30T23:00:00","slug":"dipendente-in-smart-working-attacco-hacker-ad-azienda-friulana","status":"publish","type":"post","link":"https:\/\/imagazine.it\/home_desk\/dipendente-in-smart-working-attacco-hacker-ad-azienda-friulana\/","title":{"rendered":"Dipendente in smart working, attacco hacker ad azienda friulana"},"content":{"rendered":"<p>Un attacco informatico capace di penetrare in un rodato sistema di sicurezza: \u00e8 ci\u00f2 che ha dovuto subire Eurolls, l\u2019azienda di origine friulana leader nella produzione di rulli in acciaio e carburo di tungsteno.\u00a0<\/p>\n<p>Mentre l\u2019azienda si trova in un momento di grande lavoro grazie a una commessa vinta negli Stati Uniti da 12 milioni di euro con la decisione di un ampliamento nella filale produttiva di Villa Santina, il sistema informatico e tutta la posta elettronica aziendale sono stati paralizzati per quasi un mese, a causa di un hacker che \u00e8 riuscito a violare le maglie di sicurezza attraverso il computer di un dipendente dell\u2019azienda che stava lavorando in smart working. Un attacco dai contorni ancora da definire nelle sue origini e finalit\u00e0, posto che, assicurano dall\u2019azienda, \u00absin qui non \u00e8 stato chiesto alcun riscatto in bitcoin, come di solito avviene in questi casi\u00bb.<\/p>\n<p><a href=\"http:\/\/imagazinevideotruck.it\/outlet\/relink.html\" target=\"_top\" rel=\"noopener\"><img loading=\"lazy\" decoding=\"async\" align=\"LEFT\" height=\"250\" src=\"http:\/\/imagazinevideotruck.it\/outlet\/outlet30.gif\" width=\"300\" alt=\"\" title=\"\"><\/a><\/p>\n<p>\u00a0<\/p>\n<p>\u00a0<\/p>\n<p>\u00a0<\/p>\n<p>\u00a0<\/p>\n<p>\u00a0<\/p>\n<p>\u00a0<\/p>\n<p>\u00a0<\/p>\n<p>\u00a0<\/p>\n<p>\u00a0<\/p>\n<p>Con 149 dipendenti e 29 milioni di fatturato, Eurollos, che ha il quartier generale ad Attimis, la sede di Villa Santina e quelle estere in Messico e Brasile, ha messo in atto subito tutte le azioni per mettere in sicurezza i beni intangibili dell\u2019azienda, blindare la propria rete informatica e reagire nel pi\u00f9 breve tempo possibile al danno provocato dall\u2019intrusione.\u00a0<\/p>\n<p>\u201cPur essendo una necessit\u00e0 e una validissima opportunit\u00e0 in tempo di necessario distanziamento sociale causa Covid, lo smartworking rivela una certa vulnerabilit\u00e0 cui gli specialisti della sicurezza dovranno dare al pi\u00f9 presto risposte sempre pi\u00f9 stringenti ed efficaci\u201d, considerano i vertici aziendali.<\/p>\n","protected":false},"excerpt":{"rendered":"<p>Alla Eurolls di Attimis<\/p>\n","protected":false},"author":28,"featured_media":35234,"comment_status":"closed","ping_status":"closed","sticky":false,"template":"","format":"standard","meta":{"dwc-title":[],"dwc-content":[],"footnotes":""},"categories":[5],"tags":[],"class_list":["post-35233","post","type-post","status-publish","format-standard","has-post-thumbnail","hentry","category-attualita"],"rttpg_featured_image_url":{"full":["https:\/\/imagazine.it\/wp-content\/uploads\/2024\/01\/37154-1.webp",800,533,false],"landscape":["https:\/\/imagazine.it\/wp-content\/uploads\/2024\/01\/37154-1.webp",800,533,false],"portraits":["https:\/\/imagazine.it\/wp-content\/uploads\/2024\/01\/37154-1.webp",800,533,false],"thumbnail":["https:\/\/imagazine.it\/wp-content\/uploads\/2024\/01\/37154-1-150x150.webp",150,150,true],"medium":["https:\/\/imagazine.it\/wp-content\/uploads\/2024\/01\/37154-1-300x200.webp",300,200,true],"large":["https:\/\/imagazine.it\/wp-content\/uploads\/2024\/01\/37154-1.webp",640,426,false],"thumblist":["https:\/\/imagazine.it\/wp-content\/uploads\/2024\/01\/37154-1.webp",300,200,false],"thumbrelated":["https:\/\/imagazine.it\/wp-content\/uploads\/2024\/01\/37154-1.webp",500,333,false],"meccarouselthumb":["https:\/\/imagazine.it\/wp-content\/uploads\/2024\/01\/37154-1.webp",474,316,false],"gridsquare":["https:\/\/imagazine.it\/wp-content\/uploads\/2024\/01\/37154-1.webp",391,260,false],"tileview":["https:\/\/imagazine.it\/wp-content\/uploads\/2024\/01\/37154-1.webp",300,200,false],"1536x1536":["https:\/\/imagazine.it\/wp-content\/uploads\/2024\/01\/37154-1.webp",800,533,false],"2048x2048":["https:\/\/imagazine.it\/wp-content\/uploads\/2024\/01\/37154-1.webp",800,533,false],"newsup-slider-full":["https:\/\/imagazine.it\/wp-content\/uploads\/2024\/01\/37154-1.webp",800,533,false],"newsup-featured":["https:\/\/imagazine.it\/wp-content\/uploads\/2024\/01\/37154-1.webp",800,533,false],"newsup-medium":["https:\/\/imagazine.it\/wp-content\/uploads\/2024\/01\/37154-1-720x380.webp",720,380,true],"tptn_thumbnail":["https:\/\/imagazine.it\/wp-content\/uploads\/2024\/01\/37154-1.webp",250,167,false],"sow-carousel-default":["https:\/\/imagazine.it\/wp-content\/uploads\/2024\/01\/37154-1-272x182.webp",272,182,true]},"rttpg_author":{"display_name":"redazione","author_link":"https:\/\/imagazine.it\/home_desk\/author\/redazione\/"},"rttpg_comment":0,"rttpg_category":"<a href=\"https:\/\/imagazine.it\/home_desk\/category\/attualita\/\" rel=\"category tag\">ATTUALIT\u00c0<\/a>","rttpg_excerpt":"Alla Eurolls di Attimis","_links":{"self":[{"href":"https:\/\/imagazine.it\/home_desk\/wp-json\/wp\/v2\/posts\/35233","targetHints":{"allow":["GET"]}}],"collection":[{"href":"https:\/\/imagazine.it\/home_desk\/wp-json\/wp\/v2\/posts"}],"about":[{"href":"https:\/\/imagazine.it\/home_desk\/wp-json\/wp\/v2\/types\/post"}],"author":[{"embeddable":true,"href":"https:\/\/imagazine.it\/home_desk\/wp-json\/wp\/v2\/users\/28"}],"replies":[{"embeddable":true,"href":"https:\/\/imagazine.it\/home_desk\/wp-json\/wp\/v2\/comments?post=35233"}],"version-history":[{"count":0,"href":"https:\/\/imagazine.it\/home_desk\/wp-json\/wp\/v2\/posts\/35233\/revisions"}],"wp:featuredmedia":[{"embeddable":true,"href":"https:\/\/imagazine.it\/home_desk\/wp-json\/wp\/v2\/media\/35234"}],"wp:attachment":[{"href":"https:\/\/imagazine.it\/home_desk\/wp-json\/wp\/v2\/media?parent=35233"}],"wp:term":[{"taxonomy":"category","embeddable":true,"href":"https:\/\/imagazine.it\/home_desk\/wp-json\/wp\/v2\/categories?post=35233"},{"taxonomy":"post_tag","embeddable":true,"href":"https:\/\/imagazine.it\/home_desk\/wp-json\/wp\/v2\/tags?post=35233"}],"curies":[{"name":"wp","href":"https:\/\/api.w.org\/{rel}","templated":true}]}}