{"id":35231,"date":"2020-11-29T00:00:00","date_gmt":"2020-11-28T23:00:00","guid":{"rendered":"https:\/\/imagazine.it\/?p=35231"},"modified":"2020-11-29T00:00:00","modified_gmt":"2020-11-28T23:00:00","slug":"ronchi-unita-contro-la-violenza-sulle-donne","status":"publish","type":"post","link":"https:\/\/imagazine.it\/home_desk\/ronchi-unita-contro-la-violenza-sulle-donne\/","title":{"rendered":"Ronchi unita contro la violenza sulle donne"},"content":{"rendered":"<p>In tutto il mondo, il 25 novembre, \u00e8 stata celebrata \u201c<strong>La Giornata Internazionale Contro La Violenza Sulle Donne<\/strong>\u201d.<\/p>\n<p>Anche il circolo ACLI Beato Giuseppe Toniolo di <strong>Ronchi dei Legionari<\/strong> ha voluto ricordare, partecipando a questa ricorrenza con un gesto simbolico e uno concreto.<\/p>\n<p>Il segno simbolico si \u00e8 svolto in una semplice cerimonia alla quale, oltre al presidente delle Acli <strong>Franco Miniussi<\/strong>, il vice <strong>Elvio D&#39;Orlando<\/strong> e <strong>Fiorenzo Boscarol<\/strong>, era presente la responsabile provinciale del coordinamento donne, <strong>Silvia Paoletti<\/strong> (l\u2019evento \u00e8 stato limitato a poche persone per rispetto alle norme anti Covid-19). All\u2019ingresso del Circolo \u00e8 stata posta una sedia dipinta di rosso con sopra un paio di scarpe rosse, simbolo di questa campagna di sensibilizzazione, e per alcune sere l\u2019ingresso \u00e8 stato illuminato da un potente faro bianco.<\/p>\n<p>L&#39;altro aspetto, pi\u00f9 concreto, \u00e8 stato quello di elargire alla locale \u201cCARITAS San Lorenzo\u201d un contributo di 500 euro, finalizzato a sostenere le donne vittime di violenza.<\/p>\n<p><a href=\"http:\/\/imagazinevideotruck.it\/outlet\/relink_euro.html\" target=\"_top\" rel=\"noopener\"><img loading=\"lazy\" decoding=\"async\" align=\"LEFT\" height=\"250\" src=\"http:\/\/imagazinevideotruck.it\/outlet\/euromobili_banner_art.jpg\" width=\"300\" alt=\"\" title=\"\"><\/a><\/p>\n<p>\u00a0<\/p>\n<p>\u00a0<\/p>\n<p>\u00a0<\/p>\n<p>\u00a0<\/p>\n<p>\u00a0<\/p>\n<p>\u00a0<\/p>\n<p>\u00a0<\/p>\n<p>\u00a0<\/p>\n<p>\u00a0<\/p>\n<p>Sabato 28 novembre, nella vicina chiesa arcipretale di San Lorenzo \u00e8 stata celebrata dal parroco <strong>don Renzo Boscarol<\/strong> la messa in ricordo delle tante donne che sono state uccise, maltrattate, alcune delle quali anche del paese.<\/p>\n<p>Quello che si \u00e8 voluto sottolineare \u00e8 la necessit\u00e0 di avere sempre rispetto, tolleranza verso tutti, in qualunque situazione.<\/p>\n","protected":false},"excerpt":{"rendered":"<p>Simbolico posizionamento di una sedia rossa<\/p>\n","protected":false},"author":22,"featured_media":35232,"comment_status":"closed","ping_status":"closed","sticky":false,"template":"","format":"standard","meta":{"dwc-title":[],"dwc-content":[],"footnotes":""},"categories":[5],"tags":[],"class_list":["post-35231","post","type-post","status-publish","format-standard","has-post-thumbnail","hentry","category-attualita"],"rttpg_featured_image_url":{"full":["https:\/\/imagazine.it\/wp-content\/uploads\/2024\/01\/37145-1.webp",1000,750,false],"landscape":["https:\/\/imagazine.it\/wp-content\/uploads\/2024\/01\/37145-1.webp",1000,750,false],"portraits":["https:\/\/imagazine.it\/wp-content\/uploads\/2024\/01\/37145-1.webp",1000,750,false],"thumbnail":["https:\/\/imagazine.it\/wp-content\/uploads\/2024\/01\/37145-1-150x150.webp",150,150,true],"medium":["https:\/\/imagazine.it\/wp-content\/uploads\/2024\/01\/37145-1-300x225.webp",300,225,true],"large":["https:\/\/imagazine.it\/wp-content\/uploads\/2024\/01\/37145-1.webp",640,480,false],"thumblist":["https:\/\/imagazine.it\/wp-content\/uploads\/2024\/01\/37145-1.webp",300,225,false],"thumbrelated":["https:\/\/imagazine.it\/wp-content\/uploads\/2024\/01\/37145-1.webp",500,375,false],"meccarouselthumb":["https:\/\/imagazine.it\/wp-content\/uploads\/2024\/01\/37145-1.webp",432,324,false],"gridsquare":["https:\/\/imagazine.it\/wp-content\/uploads\/2024\/01\/37145-1.webp",347,260,false],"tileview":["https:\/\/imagazine.it\/wp-content\/uploads\/2024\/01\/37145-1.webp",300,225,false],"1536x1536":["https:\/\/imagazine.it\/wp-content\/uploads\/2024\/01\/37145-1.webp",1000,750,false],"2048x2048":["https:\/\/imagazine.it\/wp-content\/uploads\/2024\/01\/37145-1.webp",1000,750,false],"newsup-slider-full":["https:\/\/imagazine.it\/wp-content\/uploads\/2024\/01\/37145-1-1000x720.webp",1000,720,true],"newsup-featured":["https:\/\/imagazine.it\/wp-content\/uploads\/2024\/01\/37145-1.webp",1000,750,false],"newsup-medium":["https:\/\/imagazine.it\/wp-content\/uploads\/2024\/01\/37145-1-720x380.webp",720,380,true],"tptn_thumbnail":["https:\/\/imagazine.it\/wp-content\/uploads\/2024\/01\/37145-1.webp",250,188,false],"sow-carousel-default":["https:\/\/imagazine.it\/wp-content\/uploads\/2024\/01\/37145-1-272x182.webp",272,182,true]},"rttpg_author":{"display_name":"Livio Nonis","author_link":"https:\/\/imagazine.it\/home_desk\/author\/nonis\/"},"rttpg_comment":0,"rttpg_category":"<a href=\"https:\/\/imagazine.it\/home_desk\/category\/attualita\/\" rel=\"category tag\">ATTUALIT\u00c0<\/a>","rttpg_excerpt":"Simbolico posizionamento di una sedia rossa","_links":{"self":[{"href":"https:\/\/imagazine.it\/home_desk\/wp-json\/wp\/v2\/posts\/35231","targetHints":{"allow":["GET"]}}],"collection":[{"href":"https:\/\/imagazine.it\/home_desk\/wp-json\/wp\/v2\/posts"}],"about":[{"href":"https:\/\/imagazine.it\/home_desk\/wp-json\/wp\/v2\/types\/post"}],"author":[{"embeddable":true,"href":"https:\/\/imagazine.it\/home_desk\/wp-json\/wp\/v2\/users\/22"}],"replies":[{"embeddable":true,"href":"https:\/\/imagazine.it\/home_desk\/wp-json\/wp\/v2\/comments?post=35231"}],"version-history":[{"count":0,"href":"https:\/\/imagazine.it\/home_desk\/wp-json\/wp\/v2\/posts\/35231\/revisions"}],"wp:featuredmedia":[{"embeddable":true,"href":"https:\/\/imagazine.it\/home_desk\/wp-json\/wp\/v2\/media\/35232"}],"wp:attachment":[{"href":"https:\/\/imagazine.it\/home_desk\/wp-json\/wp\/v2\/media?parent=35231"}],"wp:term":[{"taxonomy":"category","embeddable":true,"href":"https:\/\/imagazine.it\/home_desk\/wp-json\/wp\/v2\/categories?post=35231"},{"taxonomy":"post_tag","embeddable":true,"href":"https:\/\/imagazine.it\/home_desk\/wp-json\/wp\/v2\/tags?post=35231"}],"curies":[{"name":"wp","href":"https:\/\/api.w.org\/{rel}","templated":true}]}}