{"id":35229,"date":"2020-11-30T00:00:00","date_gmt":"2020-11-29T23:00:00","guid":{"rendered":"https:\/\/imagazine.it\/?p=35229"},"modified":"2020-11-30T00:00:00","modified_gmt":"2020-11-29T23:00:00","slug":"coronavirus-un-centinaio-di-posti-letto-in-hotel-per-pazienti-negativi-in-isolamento","status":"publish","type":"post","link":"https:\/\/imagazine.it\/home_desk\/coronavirus-un-centinaio-di-posti-letto-in-hotel-per-pazienti-negativi-in-isolamento\/","title":{"rendered":"Coronavirus, un centinaio di posti letto in hotel per pazienti negativi in isolamento"},"content":{"rendered":"<p>Completata la procedura in capo alla Protezione Civile regionale per individuare le strutture in cui dare <strong>alloggio alle persone in isolamento ma negative<\/strong> al Covid-19.<\/p>\n<p>\u201cVenti posti \u2013 informa l\u2019assessore regionale alla Sanit\u00e0, <strong>Riccardo Riccardi<\/strong> \u2013 sono utilizzabili a Pordenone, mentre a Udine ci saranno altri 20 posti. Infine a Trieste, grazie a una rete formata da un&#39;associazione temporanea di impresa, i posti saranno in totale 50&#8243;.<\/p>\n<p>Diversa invece la situazione per quanto riguarda invece l&#39;individuazione degli alberghi sanitari, ovvero strutture in capo alla gestione diretta dei Dipartimenti di prevenzione, in cui <strong>dare ospitalit\u00e0 a persone positive al Coronavirus e in corso di negativizzazione<\/strong>, che necessitano di una bassa intensit\u00e0 di cure.<\/p>\n<p><a href=\"http:\/\/imagazinevideotruck.it\/outlet\/relink_euro.html\" target=\"_top\" rel=\"noopener\"><img loading=\"lazy\" decoding=\"async\" align=\"LEFT\" height=\"250\" src=\"http:\/\/imagazinevideotruck.it\/outlet\/euromobili_banner_art.jpg\" width=\"300\" alt=\"\" title=\"\"><\/a><\/p>\n<p>\u00a0<\/p>\n<p>\u00a0<\/p>\n<p>\u00a0<\/p>\n<p>\u00a0<\/p>\n<p>\u00a0<\/p>\n<p>\u00a0<\/p>\n<p>\u00a0<\/p>\n<p>\u00a0<\/p>\n<p>\u00a0<\/p>\n<p>&#8220;In questo caso &#8211; ha spiegato ancora il vicegovernatore &#8211; su Pordenone la gara \u00e8 andata deserta e quindi ora stiamo riformulando la procedura attraverso la trattativa privata al fine di individuare una struttura. Nel caso in cui anche questo secondo tentativo andasse deserto, la palla passerebbe in mano al commissario Arcuri il quale, in base ai suoi attuali poteri, potr\u00e0 agire direttamente, eventualmente requisendo una struttura idonea allo scopo. Per quanto riguarda invece il resto della regione, a Udine nella struttura diocesana Castellerio c&#39;\u00e8 una disponibilit\u00e0 di 25 posti, all&#39;interno della quale proprio oggi viene ospitato il primo paziente. Infine per Trieste sono gi\u00e0 stati contrattualizzati altri 25 posti letto in una struttura a Muggia&#8221;.<\/p>\n","protected":false},"excerpt":{"rendered":"<p>L&#8217;annuncio dell&#8217;assessore Riccardi<\/p>\n","protected":false},"author":28,"featured_media":35230,"comment_status":"closed","ping_status":"closed","sticky":false,"template":"","format":"standard","meta":{"dwc-title":[],"dwc-content":[],"footnotes":""},"categories":[5],"tags":[],"class_list":["post-35229","post","type-post","status-publish","format-standard","has-post-thumbnail","hentry","category-attualita"],"rttpg_featured_image_url":{"full":["https:\/\/imagazine.it\/wp-content\/uploads\/2024\/01\/37144-1.webp",1000,667,false],"landscape":["https:\/\/imagazine.it\/wp-content\/uploads\/2024\/01\/37144-1.webp",1000,667,false],"portraits":["https:\/\/imagazine.it\/wp-content\/uploads\/2024\/01\/37144-1.webp",1000,667,false],"thumbnail":["https:\/\/imagazine.it\/wp-content\/uploads\/2024\/01\/37144-1-150x150.webp",150,150,true],"medium":["https:\/\/imagazine.it\/wp-content\/uploads\/2024\/01\/37144-1-300x200.webp",300,200,true],"large":["https:\/\/imagazine.it\/wp-content\/uploads\/2024\/01\/37144-1.webp",640,427,false],"thumblist":["https:\/\/imagazine.it\/wp-content\/uploads\/2024\/01\/37144-1.webp",300,200,false],"thumbrelated":["https:\/\/imagazine.it\/wp-content\/uploads\/2024\/01\/37144-1.webp",500,334,false],"meccarouselthumb":["https:\/\/imagazine.it\/wp-content\/uploads\/2024\/01\/37144-1.webp",474,316,false],"gridsquare":["https:\/\/imagazine.it\/wp-content\/uploads\/2024\/01\/37144-1.webp",391,260,false],"tileview":["https:\/\/imagazine.it\/wp-content\/uploads\/2024\/01\/37144-1.webp",300,200,false],"1536x1536":["https:\/\/imagazine.it\/wp-content\/uploads\/2024\/01\/37144-1.webp",1000,667,false],"2048x2048":["https:\/\/imagazine.it\/wp-content\/uploads\/2024\/01\/37144-1.webp",1000,667,false],"newsup-slider-full":["https:\/\/imagazine.it\/wp-content\/uploads\/2024\/01\/37144-1.webp",1000,667,false],"newsup-featured":["https:\/\/imagazine.it\/wp-content\/uploads\/2024\/01\/37144-1.webp",1000,667,false],"newsup-medium":["https:\/\/imagazine.it\/wp-content\/uploads\/2024\/01\/37144-1-720x380.webp",720,380,true],"tptn_thumbnail":["https:\/\/imagazine.it\/wp-content\/uploads\/2024\/01\/37144-1.webp",250,167,false],"sow-carousel-default":["https:\/\/imagazine.it\/wp-content\/uploads\/2024\/01\/37144-1-272x182.webp",272,182,true]},"rttpg_author":{"display_name":"redazione","author_link":"https:\/\/imagazine.it\/home_desk\/author\/redazione\/"},"rttpg_comment":0,"rttpg_category":"<a href=\"https:\/\/imagazine.it\/home_desk\/category\/attualita\/\" rel=\"category tag\">ATTUALIT\u00c0<\/a>","rttpg_excerpt":"L'annuncio dell'assessore Riccardi","_links":{"self":[{"href":"https:\/\/imagazine.it\/home_desk\/wp-json\/wp\/v2\/posts\/35229","targetHints":{"allow":["GET"]}}],"collection":[{"href":"https:\/\/imagazine.it\/home_desk\/wp-json\/wp\/v2\/posts"}],"about":[{"href":"https:\/\/imagazine.it\/home_desk\/wp-json\/wp\/v2\/types\/post"}],"author":[{"embeddable":true,"href":"https:\/\/imagazine.it\/home_desk\/wp-json\/wp\/v2\/users\/28"}],"replies":[{"embeddable":true,"href":"https:\/\/imagazine.it\/home_desk\/wp-json\/wp\/v2\/comments?post=35229"}],"version-history":[{"count":0,"href":"https:\/\/imagazine.it\/home_desk\/wp-json\/wp\/v2\/posts\/35229\/revisions"}],"wp:featuredmedia":[{"embeddable":true,"href":"https:\/\/imagazine.it\/home_desk\/wp-json\/wp\/v2\/media\/35230"}],"wp:attachment":[{"href":"https:\/\/imagazine.it\/home_desk\/wp-json\/wp\/v2\/media?parent=35229"}],"wp:term":[{"taxonomy":"category","embeddable":true,"href":"https:\/\/imagazine.it\/home_desk\/wp-json\/wp\/v2\/categories?post=35229"},{"taxonomy":"post_tag","embeddable":true,"href":"https:\/\/imagazine.it\/home_desk\/wp-json\/wp\/v2\/tags?post=35229"}],"curies":[{"name":"wp","href":"https:\/\/api.w.org\/{rel}","templated":true}]}}