{"id":35211,"date":"2020-11-30T00:00:00","date_gmt":"2020-11-29T23:00:00","guid":{"rendered":"https:\/\/imagazine.it\/?p=35211"},"modified":"2020-11-30T00:00:00","modified_gmt":"2020-11-29T23:00:00","slug":"trieste-rafforzata-cooperazione-tra-asugi-e-ordine-delle-professioni-infermieristiche","status":"publish","type":"post","link":"https:\/\/imagazine.it\/home_desk\/trieste-rafforzata-cooperazione-tra-asugi-e-ordine-delle-professioni-infermieristiche\/","title":{"rendered":"Trieste, rafforzata cooperazione tra ASUGI e Ordine delle Professioni Infermieristiche"},"content":{"rendered":"<p>I vertici dell\u2019Azienda Sanitaria Universitaria Giuliano-Isontina (ASUGI) hanno incontrato in questi giorni i vertici dell\u2019Ordine delle Professioni Infermieristiche (OPI) della provincia di Trieste\u00a0che ha da poco rinnovato le sue cariche e il suo direttivo, in seguito alle elezioni dello scorso settembre.\u00a0<\/p>\n<p>Nella sede di Villa Renner, che accoglie la Direzione Generale ASUGI, sono intervenuti, con la presidente OPI Trieste<strong> Cristina Brandolin<\/strong>, la vicepresidente <strong>Donatella Radini<\/strong>, il segretario <strong>Cinzia Decorti<\/strong> e il tesoriere <strong>Lorena Castellani<\/strong>, mentre\u00a0per la Direzione Strategica di ASUGI erano presenti il direttore generale<strong> Antonio Poggiana<\/strong>, il direttore sanitario <strong>Andrea Longanesi<\/strong>, il direttore amministrativo <strong>Eugenio Possamai<\/strong>, il direttore dei Servizi Socio Sanitari <strong>Maria Chiara Corti<\/strong> e la dirigente della Direzione Infermieristica e Ostetrica <strong>Consuelo Consales<\/strong>.\u00a0\u00a0<\/p>\n<p>Questo primo tavolo di lavoro si \u00e8 sviluppato per coordinare strategie che garantiscano ai cittadini l\u2019ottimale assistenza\u00a0in queste settimane ad alta criticit\u00e0 pandemica.<\/p>\n<p>Va in questa direzione\u00a0<strong>la collaborazione sviluppata due settimane fa in occasione della laurea in infermieristica di 66 giovani professionisti, subito immessi nelle \u201cprime linee\u201d sanitarie<\/strong>:\u00a0 proprio\u00a0<strong>dai vertici ASUGI \u00e8 arrivato il ringraziamento all\u2019Ordine di Trieste per aver supportato la velocizzazione delle lauree e l\u2019apprezzamento per la rapida attivazione di OPI,<\/strong>\u00a0<strong>che ha iscritto a tempi record 52 neolaureati di propria pertinenza<\/strong>, in modo da consentire l\u2019immediato inserimento negli organici dell\u2019Azienda sanitaria.<\/p>\n<p>\u00abOPI proseguir\u00e0 nella sua collaborazione e confronto con ASUGI, a tutela della qualit\u00e0 e sicurezza delle cure fornite ai cittadini, cos\u00ec come dei propri iscritti e dei valori professionali\u00bb, ha\u00a0dichiarato la neoeletta presidente Cristina Brandolin, sottolineando anche\u00a0\u00abil\u00a0grande impegno profuso dal personale dei servizi distrettuali, ambulatoriali e dipartimentali per garantire una risposta ai bisogni di salute dei cittadini, siano essi COVID positivi che affetti da altre patologie.\u00a0La speranza \u2013 hanno osservato ancora le altre rappresentanti dell\u2019OPI, \u2013 \u00e8 che l\u2019Azienda possa mantenere aperta l\u2019attivit\u00e0 specialistica ambulatoriale delle diverse discipline anche nelle prossime settimane\u00bb.<\/p>\n<p><a href=\"http:\/\/imagazinevideotruck.it\/outlet\/relink_euro.html\" target=\"_top\" rel=\"noopener\"><img loading=\"lazy\" decoding=\"async\" align=\"LEFT\" height=\"250\" src=\"http:\/\/imagazinevideotruck.it\/outlet\/euromobili_banner_art.jpg\" width=\"300\" alt=\"\" title=\"\"><\/a><\/p>\n<p>\u00a0<\/p>\n<p>\u00a0<\/p>\n<p>\u00a0<\/p>\n<p>\u00a0<\/p>\n<p>\u00a0<\/p>\n<p>\u00a0<\/p>\n<p>\u00a0<\/p>\n<p>\u00a0<\/p>\n<p>\u00a0<\/p>\n<p>Un auspicio accolto dal direttore generale Antonio Poggiana,\u00a0che ha confermato l\u2019impegno di ASUGI per tenere aperti i servizi rimasti chiusi nella prima fase pandemica, riconoscendone l&#39;importanza sia in ambito ospedaliero che territoriale.\u00a0<\/p>\n<p>\u00abGli infermieri sono\u00a0da molti mesi impegnati a fronteggiare la pandemia \u2013 ha ricordato la presidente Brandolin \u2013.\u00a0<strong>L\u2019OPI di Trieste vede oggi iscritti oltre 2.200 infermieri.<\/strong>\u00a0A tutti va la nostra vicinanza, senza dimenticare quanti operano fuori dai reparti, nelle strutture per anziani extra aziendali presso le quali sono state accolte le persone con maggiore fragilit\u00e0.\u00a0<strong>Il nuovo OPI Trieste \u2013 ha spiegato Brandolin \u2013 \u00e8 costituito da 30 infermieri attivamente impegnati in diverse realt\u00e0 e setting assistenziali:\u00a0<\/strong>sono rappresentati gli infermieri, gli infermieri pediatrici e la libera professione. Tra i nostri obiettivi, l\u2019incontro con i colleghi che operano nelle diverse sedi aziendali, inclusi i reparti \u201cCOVID\u201d, la calendarizzazione delle presenze sar\u00e0 preparata di concerto con ASUGI\u00bb.<\/p>\n<p>Fra i temi di confronto anche quelli legati alla valorizzazione del capitale umano e professionale impegnato nell&#39;assistenza diretta e nell&#39;organizzazione sanitaria,\u00a0la formazione del personale neoassunto e neo assegnato, la garanzia delle adeguate forniture di DPI (Dispositivi di Protezione Individuale) e cambi vestiario aziendale, la sicurezza dei percorsi \u201cCOVID\u201d e non.<\/p>\n<p>\u00abSiamo lieti di apprendere \u2013 ha concluso la presidente OPI Brandolin \u2013 che ASUGI ha gi\u00e0\u00a0provveduto a garantire una fornitura adeguata dei DPI per i prossimi 3 mesi\u00a0e sta valutando di estendere la disponibilit\u00e0 a 4 mesi\u00bb.\u00a0<\/p>\n<p>Il direttore generale Poggiana ha anche anticipato il prossimo allestimento di aree di de-tensione all\u2019interno dei nuovi reparti covid\u00a0oltre alla gi\u00e0 presente offerta di supporto psicologico di ASUGI a cui a breve andr\u00e0 ad aggiungersi anche l\u2019offerta di\u00a0Opi Trieste con progettualit\u00e0 rivolte ai propri iscritti. Nei prossimi mesi OPI Trieste e ASUGI saranno impegnati insieme anche nella promozione di una formazione che permetta ai professionisti di mettere a frutto le esperienze e le competenze innovative testate nell\u2019emergenza pandemica, anche attraverso eventi formativi congiunti, da estendere al personale delle case di riposo.\u00a0<\/p>\n","protected":false},"excerpt":{"rendered":"<p>Incontro tra i vertici a Villa Renner<\/p>\n","protected":false},"author":28,"featured_media":35212,"comment_status":"closed","ping_status":"closed","sticky":false,"template":"","format":"standard","meta":{"dwc-title":[],"dwc-content":[],"footnotes":""},"categories":[5],"tags":[],"class_list":["post-35211","post","type-post","status-publish","format-standard","has-post-thumbnail","hentry","category-attualita"],"rttpg_featured_image_url":{"full":["https:\/\/imagazine.it\/wp-content\/uploads\/2024\/01\/37133-1.webp",1000,635,false],"landscape":["https:\/\/imagazine.it\/wp-content\/uploads\/2024\/01\/37133-1.webp",1000,635,false],"portraits":["https:\/\/imagazine.it\/wp-content\/uploads\/2024\/01\/37133-1.webp",1000,635,false],"thumbnail":["https:\/\/imagazine.it\/wp-content\/uploads\/2024\/01\/37133-1-150x150.webp",150,150,true],"medium":["https:\/\/imagazine.it\/wp-content\/uploads\/2024\/01\/37133-1-300x191.webp",300,191,true],"large":["https:\/\/imagazine.it\/wp-content\/uploads\/2024\/01\/37133-1.webp",640,406,false],"thumblist":["https:\/\/imagazine.it\/wp-content\/uploads\/2024\/01\/37133-1.webp",300,191,false],"thumbrelated":["https:\/\/imagazine.it\/wp-content\/uploads\/2024\/01\/37133-1.webp",500,318,false],"meccarouselthumb":["https:\/\/imagazine.it\/wp-content\/uploads\/2024\/01\/37133-1.webp",474,301,false],"gridsquare":["https:\/\/imagazine.it\/wp-content\/uploads\/2024\/01\/37133-1.webp",391,248,false],"tileview":["https:\/\/imagazine.it\/wp-content\/uploads\/2024\/01\/37133-1.webp",300,191,false],"1536x1536":["https:\/\/imagazine.it\/wp-content\/uploads\/2024\/01\/37133-1.webp",1000,635,false],"2048x2048":["https:\/\/imagazine.it\/wp-content\/uploads\/2024\/01\/37133-1.webp",1000,635,false],"newsup-slider-full":["https:\/\/imagazine.it\/wp-content\/uploads\/2024\/01\/37133-1.webp",1000,635,false],"newsup-featured":["https:\/\/imagazine.it\/wp-content\/uploads\/2024\/01\/37133-1.webp",1000,635,false],"newsup-medium":["https:\/\/imagazine.it\/wp-content\/uploads\/2024\/01\/37133-1-720x380.webp",720,380,true],"tptn_thumbnail":["https:\/\/imagazine.it\/wp-content\/uploads\/2024\/01\/37133-1.webp",250,159,false],"sow-carousel-default":["https:\/\/imagazine.it\/wp-content\/uploads\/2024\/01\/37133-1-272x182.webp",272,182,true]},"rttpg_author":{"display_name":"redazione","author_link":"https:\/\/imagazine.it\/home_desk\/author\/redazione\/"},"rttpg_comment":0,"rttpg_category":"<a href=\"https:\/\/imagazine.it\/home_desk\/category\/attualita\/\" rel=\"category tag\">ATTUALIT\u00c0<\/a>","rttpg_excerpt":"Incontro tra i vertici a Villa Renner","_links":{"self":[{"href":"https:\/\/imagazine.it\/home_desk\/wp-json\/wp\/v2\/posts\/35211","targetHints":{"allow":["GET"]}}],"collection":[{"href":"https:\/\/imagazine.it\/home_desk\/wp-json\/wp\/v2\/posts"}],"about":[{"href":"https:\/\/imagazine.it\/home_desk\/wp-json\/wp\/v2\/types\/post"}],"author":[{"embeddable":true,"href":"https:\/\/imagazine.it\/home_desk\/wp-json\/wp\/v2\/users\/28"}],"replies":[{"embeddable":true,"href":"https:\/\/imagazine.it\/home_desk\/wp-json\/wp\/v2\/comments?post=35211"}],"version-history":[{"count":0,"href":"https:\/\/imagazine.it\/home_desk\/wp-json\/wp\/v2\/posts\/35211\/revisions"}],"wp:featuredmedia":[{"embeddable":true,"href":"https:\/\/imagazine.it\/home_desk\/wp-json\/wp\/v2\/media\/35212"}],"wp:attachment":[{"href":"https:\/\/imagazine.it\/home_desk\/wp-json\/wp\/v2\/media?parent=35211"}],"wp:term":[{"taxonomy":"category","embeddable":true,"href":"https:\/\/imagazine.it\/home_desk\/wp-json\/wp\/v2\/categories?post=35211"},{"taxonomy":"post_tag","embeddable":true,"href":"https:\/\/imagazine.it\/home_desk\/wp-json\/wp\/v2\/tags?post=35211"}],"curies":[{"name":"wp","href":"https:\/\/api.w.org\/{rel}","templated":true}]}}