{"id":35199,"date":"2020-11-27T00:00:00","date_gmt":"2020-11-26T23:00:00","guid":{"rendered":"https:\/\/imagazine.it\/?p=35199"},"modified":"2020-11-27T00:00:00","modified_gmt":"2020-11-26T23:00:00","slug":"solidarieta-e-spettacolo-per-il-natale-di-staranzano","status":"publish","type":"post","link":"https:\/\/imagazine.it\/home_desk\/solidarieta-e-spettacolo-per-il-natale-di-staranzano\/","title":{"rendered":"Solidariet\u00e0 e spettacolo per il Natale di Staranzano"},"content":{"rendered":"<p><strong>\u201ccondividiAMO IL NATALE\u201d<\/strong> : questa la denominazione delle iniziative per le festivit\u00e0 natalizie 2020 che l&#39;amministrazione comunale di Staranzano ha elaborato insieme alle associazioni per condividerle con tutto il suo territorio e stringersi assieme alla cittadinanza, in questo momento di emergenza sanitaria e di difficolt\u00e0 per le persone e per tutte le attivit\u00e0, sostenendo progetti volti alla solidariet\u00e0 e al tessuto economico-sociale locale.<\/p>\n<p><strong>\u201cUna borsa per amica\u201d<\/strong> \u00e8 la proposta lanciata dal Comune insieme all\u2019associazione commercianti Staranzano INN e altre associazioni, a sostegno del progetto di microcredito fondo di rotazione &#8220;<strong>Sosteniamo il Territorio<\/strong>&#8221; promosso dal circolo ACLI e nato per portare aiuto alle famiglie in difficolt\u00e0 con piccoli prestiti a tasso zero, gestito in collaborazione con il Comune e diverse altre associazioni di Staranzano.<\/p>\n<p>L\u2019iniziativa, i cui ricavati della vendita delle borse ecologiche negli esercizi commerciali staranzanesi\u00a0 confluiranno nel fondo di solidariet\u00e0 e sostenibilit\u00e0 sociale, \u00a0porta all\u2019attenzione anche il tema della sostenibilit\u00e0 ambientale, perch\u00e9 invita ad eliminare il consumo di plastica e carta per l\u2019asporto della spesa, all&#39;interno del Centro Naturale Commerciale di Staranzano e non solo.<\/p>\n<p>Proseguir\u00e0 in questo dicembre 2020 fino alla primavera 2021 l\u2019iniziativa <strong>\u201cAdotta una pianta\u201d, <\/strong>gi\u00e0 avviata con successo lo scorso Natale, grazie alla quale i cittadini anche quest\u2019anno potranno regalare piante ed alberi ai loro cari che poi verranno collocate nelle aree verdi comunali, ad arricchire giardini ed aiuole. Gli omaggi potranno venire acquistati presso alcuni negozi del circuito Staranzano INN e la Pro Loco, aderenti al progetto.<\/p>\n<p>Insieme al tema della solidariet\u00e0 e sostenibilit\u00e0 sociale ed ambientale, l\u2019amministrazione ha voluto in questo anno cos\u00ec difficile dare anche ampio spazio alla creativit\u00e0 artistica nelle sue varie espressioni, riconoscendo nell\u2019arte la sublime forma in cui l\u2019attivit\u00e0 umana riesce a portare conforto agli animi. \u00a0\u00a0<\/p>\n<p><a href=\"http:\/\/imagazinevideotruck.it\/outlet\/relink_euro.html\" target=\"_top\" rel=\"noopener\"><img loading=\"lazy\" decoding=\"async\" align=\"LEFT\" height=\"250\" src=\"http:\/\/imagazinevideotruck.it\/outlet\/euromobili_banner_art.jpg\" width=\"300\" alt=\"\" title=\"\"><\/a><\/p>\n<p>\u00a0<\/p>\n<p>\u00a0<\/p>\n<p>\u00a0<\/p>\n<p>\u00a0<\/p>\n<p>\u00a0<\/p>\n<p>\u00a0<\/p>\n<p>\u00a0<\/p>\n<p>\u00a0<\/p>\n<p>\u00a0<\/p>\n<p>Insieme a Staranzano INN con l\u2019iniziativa <strong>\u201ccoloriAMO IL NATALE\u201d<\/strong> le attivit\u00e0 commerciali staranzanesi doneranno un po\u2019 di colore al Natale cittadino decorando le proprie vetrine con disegni COMICS.<\/p>\n<p>Le principali vie del centro cittadino saranno decorate con luminarie natalizie che arricchiranno anche i rioni presso le chiesette di Bistrigna e Dobbia a cura dell&#39;amministrazione comunale.\u00a0<\/p>\n<p>Nella piazza del centro, sulla facciata del Municipio verranno proiettati ogni giorno a partire al 5 dicembre 2020, dalle 17.00 alle 22.00, sino al 6 gennaio 2021, <strong>Spettacoli digitali musicali in videomapping e Christmas Mood<\/strong>, offerti a titolo gratuito dall\u2019agenzia digitale staranzanese IKON.<\/p>\n<p>In concomitanza, dalle ore 17.00 alle 18.00 del 5 dicembre 2020, presso la Sala del Bianco saranno proiettati video che ripercorrono le iniziative artistiche realizzate dall&#39;Associazione TransMedia Arti Visive nell&#39;arco del 2020, durante la rassegna contemporanea di <strong>Arte Open 2020<\/strong>, nella giornata internazionale AMACI.<\/p>\n<p>Sempre in piazza verr\u00e0 installato l&#39;albero di Natale, quest\u2019anno decorato dai lavori realizzati dalle bambine e dai bambini delle scuole primarie di Staranzano e sar\u00e0 inaugurato l\u20198 dicembre 2020 alle ore 16.30 alla presenza del Sindaco Riccardo Marchesan, mentre nel medesimo orario si illuminer\u00e0 anche l\u2019albero di Natale a cura dell\u2019associaizone Staranzano Ducks presso il campo di baseball.<\/p>\n<p>Al mattino invece, alle ore 10.00, per i bambini in video streaming vi sar\u00e0 un saluto di San Nicol\u00f2 a cura della Mutua di Assistenza del Credito Cooperativo con <strong>lettura animata di \u201cLaila e il Corona Virus\u201d.<\/strong><\/p>\n<p>Nell&#39;arco delle festivit\u00e0 verranno proposti <strong>\u201cI concerti del Consiglio\u201d,<\/strong> mini esibizioni, realizzate dalle giovani promesse dell&#39;Istituto Scolastico ad indirizzo\u00a0 musicale Dante Alighieri di Staranzano e dalle associazioni musicali cittadine: AUDITE NOVA, INCONTRO, VAL ISONZO, DOBBIA LAB. \u00a0I concerti verranno filmati e trasmessi in streaming sui maggiori canali web, grazie al supporto dell&#39;associazione ATTIC, tutti i gioved\u00ec di dicembre dalle 20.00 alle 21.00, in diretta dalla Sala del Consiglio Comunale (restrizioni covid permettendo).<\/p>\n<p>Il 12 dicembre presso la Riserva Naturale Foce dell\u2019Isonzo i bambini potranno creare tutti insieme un calendario dell\u2019avvento dedicato alla natura, grazie alla guida degli esperti operatori della cooperativa Rogos, con prenotazioni da effettuare tramite mail presso il sito della Riserva.<br \/> Il 19 dicembre, sotto il Bobolar in piazza Dante Alighieri, avverr\u00e0 poi l\u2019inaugurazione del Presepio, a cura della Pro Loco, la Parrocchia e l\u2019associazione Basket de Raza.<\/p>\n<p>A chiusura delle festivit\u00e0, alla vigilia dell\u2019Epifania, il 5 gennaio 2021, la Pro Loco in collaborazione con l&#39;amministrazione comunale ha organizzato con le associazioni locali giri in carrozza nei rioni staranzanesi per bambine e bambini, per andare <strong>\u201cA spasso con la Befana\u201d.<\/strong> Obbligatorie le prenotazioni per realizzare al meglio l&#39;iniziativa, secondo le norme COVID, da effettuare presso la Pro Loco.<\/p>\n<p>Infine anche quest\u2019anno non poteva mancare il tradizionale appuntamento della consegna del Bobolar d\u2019Oro e del Sigillo Terenziano che si svolger\u00e0 il 9 gennaio alle ore 11.00 in Sala Del Bianco, promossi dalla Pro Loco in collaborazione con il Comune di Staranzano.<\/p>\n<p><img decoding=\"async\" alt=\"\" src=\"\/ckeditor_assets\/pictures\/1149\/content_locandina_natale_stampatello_finale.jpg\" style=\"width: 600px; height: 857px;\" title=\"\"><\/p>\n","protected":false},"excerpt":{"rendered":"<p>Ufficializzato il calendario degli eventi<\/p>\n","protected":false},"author":22,"featured_media":35200,"comment_status":"closed","ping_status":"closed","sticky":false,"template":"","format":"standard","meta":{"dwc-title":[],"dwc-content":[],"footnotes":""},"categories":[5],"tags":[],"class_list":["post-35199","post","type-post","status-publish","format-standard","has-post-thumbnail","hentry","category-attualita"],"rttpg_featured_image_url":{"full":["https:\/\/imagazine.it\/wp-content\/uploads\/2024\/01\/37179-1.webp",800,450,false],"landscape":["https:\/\/imagazine.it\/wp-content\/uploads\/2024\/01\/37179-1.webp",800,450,false],"portraits":["https:\/\/imagazine.it\/wp-content\/uploads\/2024\/01\/37179-1.webp",800,450,false],"thumbnail":["https:\/\/imagazine.it\/wp-content\/uploads\/2024\/01\/37179-1-150x150.webp",150,150,true],"medium":["https:\/\/imagazine.it\/wp-content\/uploads\/2024\/01\/37179-1-300x169.webp",300,169,true],"large":["https:\/\/imagazine.it\/wp-content\/uploads\/2024\/01\/37179-1.webp",640,360,false],"thumblist":["https:\/\/imagazine.it\/wp-content\/uploads\/2024\/01\/37179-1.webp",300,169,false],"thumbrelated":["https:\/\/imagazine.it\/wp-content\/uploads\/2024\/01\/37179-1.webp",500,281,false],"meccarouselthumb":["https:\/\/imagazine.it\/wp-content\/uploads\/2024\/01\/37179-1.webp",474,267,false],"gridsquare":["https:\/\/imagazine.it\/wp-content\/uploads\/2024\/01\/37179-1.webp",391,220,false],"tileview":["https:\/\/imagazine.it\/wp-content\/uploads\/2024\/01\/37179-1.webp",300,169,false],"1536x1536":["https:\/\/imagazine.it\/wp-content\/uploads\/2024\/01\/37179-1.webp",800,450,false],"2048x2048":["https:\/\/imagazine.it\/wp-content\/uploads\/2024\/01\/37179-1.webp",800,450,false],"newsup-slider-full":["https:\/\/imagazine.it\/wp-content\/uploads\/2024\/01\/37179-1.webp",800,450,false],"newsup-featured":["https:\/\/imagazine.it\/wp-content\/uploads\/2024\/01\/37179-1.webp",800,450,false],"newsup-medium":["https:\/\/imagazine.it\/wp-content\/uploads\/2024\/01\/37179-1-720x380.webp",720,380,true],"tptn_thumbnail":["https:\/\/imagazine.it\/wp-content\/uploads\/2024\/01\/37179-1.webp",250,141,false],"sow-carousel-default":["https:\/\/imagazine.it\/wp-content\/uploads\/2024\/01\/37179-1-272x182.webp",272,182,true]},"rttpg_author":{"display_name":"Livio Nonis","author_link":"https:\/\/imagazine.it\/home_desk\/author\/nonis\/"},"rttpg_comment":0,"rttpg_category":"<a href=\"https:\/\/imagazine.it\/home_desk\/category\/attualita\/\" rel=\"category tag\">ATTUALIT\u00c0<\/a>","rttpg_excerpt":"Ufficializzato il calendario degli eventi","_links":{"self":[{"href":"https:\/\/imagazine.it\/home_desk\/wp-json\/wp\/v2\/posts\/35199","targetHints":{"allow":["GET"]}}],"collection":[{"href":"https:\/\/imagazine.it\/home_desk\/wp-json\/wp\/v2\/posts"}],"about":[{"href":"https:\/\/imagazine.it\/home_desk\/wp-json\/wp\/v2\/types\/post"}],"author":[{"embeddable":true,"href":"https:\/\/imagazine.it\/home_desk\/wp-json\/wp\/v2\/users\/22"}],"replies":[{"embeddable":true,"href":"https:\/\/imagazine.it\/home_desk\/wp-json\/wp\/v2\/comments?post=35199"}],"version-history":[{"count":0,"href":"https:\/\/imagazine.it\/home_desk\/wp-json\/wp\/v2\/posts\/35199\/revisions"}],"wp:featuredmedia":[{"embeddable":true,"href":"https:\/\/imagazine.it\/home_desk\/wp-json\/wp\/v2\/media\/35200"}],"wp:attachment":[{"href":"https:\/\/imagazine.it\/home_desk\/wp-json\/wp\/v2\/media?parent=35199"}],"wp:term":[{"taxonomy":"category","embeddable":true,"href":"https:\/\/imagazine.it\/home_desk\/wp-json\/wp\/v2\/categories?post=35199"},{"taxonomy":"post_tag","embeddable":true,"href":"https:\/\/imagazine.it\/home_desk\/wp-json\/wp\/v2\/tags?post=35199"}],"curies":[{"name":"wp","href":"https:\/\/api.w.org\/{rel}","templated":true}]}}