{"id":35195,"date":"2020-11-27T00:00:00","date_gmt":"2020-11-26T23:00:00","guid":{"rendered":"https:\/\/imagazine.it\/?p=35195"},"modified":"2020-11-27T00:00:00","modified_gmt":"2020-11-26T23:00:00","slug":"da-trieste-si-snoda-il-filo-della-solidarieta","status":"publish","type":"post","link":"https:\/\/imagazine.it\/home_desk\/da-trieste-si-snoda-il-filo-della-solidarieta\/","title":{"rendered":"Da Trieste si snoda il filo della solidariet\u00e0"},"content":{"rendered":"<p>Da <strong>preziose stoffe<\/strong> e foulard inutilizzati, donati da numerosi<strong> benefattori<\/strong> tra cui la milanese <strong>Maison Curiel<\/strong> (fondata a Trieste alla fine dell\u2019Ottocento dalla capostipite Ortensia poi traferitasi nella capitale meneghina), sapienti mani artigiane di un gruppo di volontarie guidate da <strong>Anna Soldano<\/strong> hanno realizzato una gamma di <strong>borse, principalmente rivolte alla donna<\/strong>, ma alcune adatte anche all\u2019utilizzo maschile, dal nome <strong>La Borsa che Dona<\/strong>.<\/p>\n<p>Una storia di solidariet\u00e0 tutta al femminile, ideata e promossa a Trieste dall\u2019Associazione Goffredo de Banfield, la onlus \u2013 oggi rappresentata nella conferenza stampa di presentazione del progetto dalla vicepresidente <strong>Teresa Squarcina<\/strong> \u2013 che da pi\u00f9 di trent\u2019anni si occupa di assistenza e cura delle <strong>persone anziane fragili<\/strong>, o affetti da <strong>Alzheimer, <\/strong>e delle loro famiglie.<\/p>\n<p>La genesi di questa borsa \u00e8 tutta legata alla<strong> solidariet\u00e0 e al dono<\/strong>. \u00c9 il risultato della decisione di tante persone di dar vita, <strong>attraverso il dono,<\/strong> a un progetto solidale a favore della vecchiaia vulnerabile. Tutto \u00e8 cominciato con un riconoscimento, il \u201cPremio della Bont\u00e0 Hazel Marie Cole\u201d, che ogni anno viene assegnato a chi compie particolari atti di generosit\u00e0 nei confronti delle persone meno fortunate della citt\u00e0 di Trieste. Ad aggiudicarselo nel 2019 \u00e8 stato il <strong>gruppo di volontarie dell\u2019emporio della Solidariet\u00e0<\/strong> della <strong>onlus de Banfield<\/strong> che da oltre vent\u2019anni supporta con costanza e impegno le attivit\u00e0 dell\u2019Associazione raccogliendo fondi con oggetti di stoffa, decorazioni e idee regalo fatte a mano.<\/p>\n<p>La somma di denaro ricevuta con questo premio e la decisione delle volontarie di utilizzarla per acquistare \u201cago e filo\u201d necessari a creare questo progetto, a cui hanno <strong>donato il loro tempo <\/strong>e la loro sapienza, che \u00e8 proseguito con<strong> il dono <\/strong>da parte di tanti amici benefattori della onlus di <strong>foulard di pregio e tessuti di seta <\/strong>rimasti inutilizzati in un cassetto. Le stoffe <strong>sono state generosamente regalate per essere riutilizzate<\/strong>, affinch\u00e9 acquistassero una nuova, buona vita.<\/p>\n<p><strong>Tra i donatori <\/strong>che hanno creduto al progetto ci sono, come detto,<strong> Raffaella e Gigliola Curiel, della Maison Curiel<\/strong> (anch\u2019essa una storia tutta al femminile), che hanno inviato alcuni bellissimi tessuti. Arrivate nelle<strong> sapienti mani delle volontarie, le stoffe sono state misurate, tagliate, cucite<\/strong>. Ore di tempo e passione le hanno trasformate in <strong>esclusive borse fatte a mano<\/strong>.<\/p>\n<p>La serie di borse realizzate per l\u2019iniziativa \u2013 146 in tutto, una diversa dall\u2019altra \u2013 tutte denominate<strong> \u201cLa Borsa che Dona\u201d, <\/strong>fatta di<strong> oggetti artigianali unici <\/strong>che legano la tradizione alla sostenibilit\u00e0 per uno scopo solidale, sar\u00e0 resa <strong>disponibile online<\/strong> a partire da <strong>marted\u00ec 1^ dicembre<\/strong>, in occasione della <strong>Giornata Mondiale del Dono<\/strong>, <u><a href=\"http:\/\/www.debanfield.it\" target=\"_blank\" rel=\"noopener\">fino ad esaurimento sul <\/a><\/u><strong><u><a href=\"http:\/\/www.debanfield.it\" target=\"_blank\" rel=\"noopener\">sito della onlus<\/a><\/u> <\/strong>sar\u00e0 eventualmente possibile vederle presso la sede di via di Casa Viola in via Filizi, solo su appuntamento nel rispetto di tutte le normative vigenti in materia di Covid.<\/p>\n<p><a href=\"http:\/\/imagazinevideotruck.it\/outlet\/relink_euro.html\" target=\"_top\" rel=\"noopener\"><img loading=\"lazy\" decoding=\"async\" align=\"LEFT\" height=\"250\" src=\"http:\/\/imagazinevideotruck.it\/outlet\/euromobili_banner_art.jpg\" width=\"300\" alt=\"\" title=\"\"><\/a><\/p>\n<p>\u00a0<\/p>\n<p>\u00a0<\/p>\n<p>\u00a0<\/p>\n<p>\u00a0<\/p>\n<p>\u00a0<\/p>\n<p>\u00a0<\/p>\n<p>\u00a0<\/p>\n<p>\u00a0<\/p>\n<p>\u00a0<\/p>\n<p>Ad accompagnare il progetto <strong>tre volti noti<\/strong> della scena triestina, e non solo: l\u2019attrice <strong>Ariella Reggio<\/strong>, protagonista del palcoscenico cos\u00ec come nota per le partecipazioni a fiction tv e film; <strong>Barbara Franchin<\/strong>, ideatrice di <strong>ITS<\/strong> \u2013 il contest internazionale di moda \u201cInternational Talent Support\u201d che si svolge ogni anno a Trieste \u2013 e il presidente della regata velica triestina \u201cBarcolana\u201d <strong>Mitja Gialuz<\/strong>. Tutti e tre hanno deciso di sostenere il progetto donando il loro tempo e \u201cmettendoci la faccia\u201d: a ritrarli in una serie di foto dove indossano la Borsa che Dona, la fotografa <strong>Lisa Zachettin<\/strong> che ha donato all\u2019iniziativa il suo talento.<\/p>\n<p>Ognuna delle borse si tradurr\u00e0 <strong>in visite a domicilio delle infermiere e delle operatrici sanitarie<\/strong> della onlus alle <strong>persone anziane fragili<\/strong> permettendo loro di essere accuditi in modo protetto a casa propria.<\/p>\n<p><u><a href=\"http:\/\/www.debanfield.it\" target=\"_blank\" rel=\"noopener\">Sul sito della De Banfield<\/a><\/u> sono spiegate le modalit\u00e0 di adesione e acquisto delle Borse e relativo impiego dei proventi.<\/p>\n","protected":false},"excerpt":{"rendered":"<p>Progetto &#8220;La Borsa che Dona&#8221;<\/p>\n","protected":false},"author":28,"featured_media":35196,"comment_status":"closed","ping_status":"closed","sticky":false,"template":"","format":"standard","meta":{"dwc-title":[],"dwc-content":[],"footnotes":""},"categories":[6],"tags":[],"class_list":["post-35195","post","type-post","status-publish","format-standard","has-post-thumbnail","hentry","category-societa"],"rttpg_featured_image_url":{"full":["https:\/\/imagazine.it\/wp-content\/uploads\/2024\/01\/37114-1.webp",1000,667,false],"landscape":["https:\/\/imagazine.it\/wp-content\/uploads\/2024\/01\/37114-1.webp",1000,667,false],"portraits":["https:\/\/imagazine.it\/wp-content\/uploads\/2024\/01\/37114-1.webp",1000,667,false],"thumbnail":["https:\/\/imagazine.it\/wp-content\/uploads\/2024\/01\/37114-1-150x150.webp",150,150,true],"medium":["https:\/\/imagazine.it\/wp-content\/uploads\/2024\/01\/37114-1-300x200.webp",300,200,true],"large":["https:\/\/imagazine.it\/wp-content\/uploads\/2024\/01\/37114-1.webp",640,427,false],"thumblist":["https:\/\/imagazine.it\/wp-content\/uploads\/2024\/01\/37114-1.webp",300,200,false],"thumbrelated":["https:\/\/imagazine.it\/wp-content\/uploads\/2024\/01\/37114-1.webp",500,334,false],"meccarouselthumb":["https:\/\/imagazine.it\/wp-content\/uploads\/2024\/01\/37114-1.webp",474,316,false],"gridsquare":["https:\/\/imagazine.it\/wp-content\/uploads\/2024\/01\/37114-1.webp",391,260,false],"tileview":["https:\/\/imagazine.it\/wp-content\/uploads\/2024\/01\/37114-1.webp",300,200,false],"1536x1536":["https:\/\/imagazine.it\/wp-content\/uploads\/2024\/01\/37114-1.webp",1000,667,false],"2048x2048":["https:\/\/imagazine.it\/wp-content\/uploads\/2024\/01\/37114-1.webp",1000,667,false],"newsup-slider-full":["https:\/\/imagazine.it\/wp-content\/uploads\/2024\/01\/37114-1.webp",1000,667,false],"newsup-featured":["https:\/\/imagazine.it\/wp-content\/uploads\/2024\/01\/37114-1.webp",1000,667,false],"newsup-medium":["https:\/\/imagazine.it\/wp-content\/uploads\/2024\/01\/37114-1-720x380.webp",720,380,true],"tptn_thumbnail":["https:\/\/imagazine.it\/wp-content\/uploads\/2024\/01\/37114-1.webp",250,167,false],"sow-carousel-default":["https:\/\/imagazine.it\/wp-content\/uploads\/2024\/01\/37114-1-272x182.webp",272,182,true]},"rttpg_author":{"display_name":"redazione","author_link":"https:\/\/imagazine.it\/home_desk\/author\/redazione\/"},"rttpg_comment":0,"rttpg_category":"<a href=\"https:\/\/imagazine.it\/home_desk\/category\/societa\/\" rel=\"category tag\">SOCIET\u00c0<\/a>","rttpg_excerpt":"Progetto \"La Borsa che Dona\"","_links":{"self":[{"href":"https:\/\/imagazine.it\/home_desk\/wp-json\/wp\/v2\/posts\/35195","targetHints":{"allow":["GET"]}}],"collection":[{"href":"https:\/\/imagazine.it\/home_desk\/wp-json\/wp\/v2\/posts"}],"about":[{"href":"https:\/\/imagazine.it\/home_desk\/wp-json\/wp\/v2\/types\/post"}],"author":[{"embeddable":true,"href":"https:\/\/imagazine.it\/home_desk\/wp-json\/wp\/v2\/users\/28"}],"replies":[{"embeddable":true,"href":"https:\/\/imagazine.it\/home_desk\/wp-json\/wp\/v2\/comments?post=35195"}],"version-history":[{"count":0,"href":"https:\/\/imagazine.it\/home_desk\/wp-json\/wp\/v2\/posts\/35195\/revisions"}],"wp:featuredmedia":[{"embeddable":true,"href":"https:\/\/imagazine.it\/home_desk\/wp-json\/wp\/v2\/media\/35196"}],"wp:attachment":[{"href":"https:\/\/imagazine.it\/home_desk\/wp-json\/wp\/v2\/media?parent=35195"}],"wp:term":[{"taxonomy":"category","embeddable":true,"href":"https:\/\/imagazine.it\/home_desk\/wp-json\/wp\/v2\/categories?post=35195"},{"taxonomy":"post_tag","embeddable":true,"href":"https:\/\/imagazine.it\/home_desk\/wp-json\/wp\/v2\/tags?post=35195"}],"curies":[{"name":"wp","href":"https:\/\/api.w.org\/{rel}","templated":true}]}}