{"id":35189,"date":"2020-11-27T00:00:00","date_gmt":"2020-11-26T23:00:00","guid":{"rendered":"https:\/\/imagazine.it\/?p=35189"},"modified":"2020-11-27T00:00:00","modified_gmt":"2020-11-26T23:00:00","slug":"lannuncio-di-fedriga-il-fvg-non-sara-zona-rossa","status":"publish","type":"post","link":"https:\/\/imagazine.it\/home_desk\/lannuncio-di-fedriga-il-fvg-non-sara-zona-rossa\/","title":{"rendered":"L&#8217;annuncio di Fedriga: &#8220;Il FVG non sar\u00e0 zona rossa&#8221;"},"content":{"rendered":"<p>&#8220;Ho sentito per le vie brevi il ministro Speranza, che mi ha confermato, anche alla luce delle rilevazioni nazionali, il miglioramento dei dati in Friuli Venezia Giulia. Questo comporta che ogni ipotesi di passaggio in zona rossa sia esclusa. Inoltre, se le statistiche continueranno a migliorare, con il nuovo Dpcm la Regione torner\u00e0 in zona gialla: una condizione che, numeri alla mano, sarebbe gi\u00e0 realt\u00e0, ma che, ai sensi dell&#39;ultimo decreto, necessita di 14 giorni per diventare esecutiva&#8221;.<\/p>\n<p><a href=\"http:\/\/imagazinevideotruck.it\/outlet\/relink_euro.html\" target=\"_top\" rel=\"noopener\"><img loading=\"lazy\" decoding=\"async\" align=\"LEFT\" height=\"250\" src=\"http:\/\/imagazinevideotruck.it\/outlet\/euromobili_banner_art.jpg\" width=\"300\" alt=\"\" title=\"\"><\/a><\/p>\n<p>\u00a0<\/p>\n<p>\u00a0<\/p>\n<p>\u00a0<\/p>\n<p>\u00a0<\/p>\n<p>\u00a0<\/p>\n<p>\u00a0<\/p>\n<p>\u00a0<\/p>\n<p>\u00a0<\/p>\n<p>\u00a0<\/p>\n<p>Lo annuncia il governatore del Friuli Venezia Giulia, <strong>Massimiliano Fedriga<\/strong>, al termine di un confronto avuto stamane con il Ministero della Salute.<\/p>\n<p> &#8220;Al di l\u00e0 di questa buona notizia &#8211; prosegue il governatore &#8211; dobbiamo continuare a mettere in campo tutto l&#39;impegno possibile a tutela della salute e delle attivit\u00e0 economiche. Per questo, gli sforzi che faremo tutti insieme nei prossimi giorni saranno fondamentali per tornare in area gialla e, pi\u00f9 nel lungo periodo, per tutelarci vicendevolmente e impedire che la curva dei contagi torni a salire&#8221;.<\/p>\n","protected":false},"excerpt":{"rendered":"<p>Dopo un colloquio con il Ministro della Salute<\/p>\n","protected":false},"author":28,"featured_media":35190,"comment_status":"closed","ping_status":"closed","sticky":false,"template":"","format":"standard","meta":{"dwc-title":[],"dwc-content":[],"footnotes":""},"categories":[5],"tags":[],"class_list":["post-35189","post","type-post","status-publish","format-standard","has-post-thumbnail","hentry","category-attualita"],"rttpg_featured_image_url":{"full":["https:\/\/imagazine.it\/wp-content\/uploads\/2024\/01\/37108-1.webp",1447,1091,false],"landscape":["https:\/\/imagazine.it\/wp-content\/uploads\/2024\/01\/37108-1.webp",1447,1091,false],"portraits":["https:\/\/imagazine.it\/wp-content\/uploads\/2024\/01\/37108-1.webp",1447,1091,false],"thumbnail":["https:\/\/imagazine.it\/wp-content\/uploads\/2024\/01\/37108-1-150x150.webp",150,150,true],"medium":["https:\/\/imagazine.it\/wp-content\/uploads\/2024\/01\/37108-1-300x226.webp",300,226,true],"large":["https:\/\/imagazine.it\/wp-content\/uploads\/2024\/01\/37108-1-1024x772.webp",640,483,true],"thumblist":["https:\/\/imagazine.it\/wp-content\/uploads\/2024\/01\/37108-1.webp",300,226,false],"thumbrelated":["https:\/\/imagazine.it\/wp-content\/uploads\/2024\/01\/37108-1.webp",500,377,false],"meccarouselthumb":["https:\/\/imagazine.it\/wp-content\/uploads\/2024\/01\/37108-1.webp",430,324,false],"gridsquare":["https:\/\/imagazine.it\/wp-content\/uploads\/2024\/01\/37108-1.webp",345,260,false],"tileview":["https:\/\/imagazine.it\/wp-content\/uploads\/2024\/01\/37108-1.webp",300,226,false],"1536x1536":["https:\/\/imagazine.it\/wp-content\/uploads\/2024\/01\/37108-1.webp",1447,1091,false],"2048x2048":["https:\/\/imagazine.it\/wp-content\/uploads\/2024\/01\/37108-1.webp",1447,1091,false],"newsup-slider-full":["https:\/\/imagazine.it\/wp-content\/uploads\/2024\/01\/37108-1-1280x720.webp",1280,720,true],"newsup-featured":["https:\/\/imagazine.it\/wp-content\/uploads\/2024\/01\/37108-1-1024x772.webp",1024,772,true],"newsup-medium":["https:\/\/imagazine.it\/wp-content\/uploads\/2024\/01\/37108-1-720x380.webp",720,380,true],"tptn_thumbnail":["https:\/\/imagazine.it\/wp-content\/uploads\/2024\/01\/37108-1.webp",250,188,false],"sow-carousel-default":["https:\/\/imagazine.it\/wp-content\/uploads\/2024\/01\/37108-1-272x182.webp",272,182,true]},"rttpg_author":{"display_name":"redazione","author_link":"https:\/\/imagazine.it\/home_desk\/author\/redazione\/"},"rttpg_comment":0,"rttpg_category":"<a href=\"https:\/\/imagazine.it\/home_desk\/category\/attualita\/\" rel=\"category tag\">ATTUALIT\u00c0<\/a>","rttpg_excerpt":"Dopo un colloquio con il Ministro della Salute","_links":{"self":[{"href":"https:\/\/imagazine.it\/home_desk\/wp-json\/wp\/v2\/posts\/35189","targetHints":{"allow":["GET"]}}],"collection":[{"href":"https:\/\/imagazine.it\/home_desk\/wp-json\/wp\/v2\/posts"}],"about":[{"href":"https:\/\/imagazine.it\/home_desk\/wp-json\/wp\/v2\/types\/post"}],"author":[{"embeddable":true,"href":"https:\/\/imagazine.it\/home_desk\/wp-json\/wp\/v2\/users\/28"}],"replies":[{"embeddable":true,"href":"https:\/\/imagazine.it\/home_desk\/wp-json\/wp\/v2\/comments?post=35189"}],"version-history":[{"count":0,"href":"https:\/\/imagazine.it\/home_desk\/wp-json\/wp\/v2\/posts\/35189\/revisions"}],"wp:featuredmedia":[{"embeddable":true,"href":"https:\/\/imagazine.it\/home_desk\/wp-json\/wp\/v2\/media\/35190"}],"wp:attachment":[{"href":"https:\/\/imagazine.it\/home_desk\/wp-json\/wp\/v2\/media?parent=35189"}],"wp:term":[{"taxonomy":"category","embeddable":true,"href":"https:\/\/imagazine.it\/home_desk\/wp-json\/wp\/v2\/categories?post=35189"},{"taxonomy":"post_tag","embeddable":true,"href":"https:\/\/imagazine.it\/home_desk\/wp-json\/wp\/v2\/tags?post=35189"}],"curies":[{"name":"wp","href":"https:\/\/api.w.org\/{rel}","templated":true}]}}