{"id":35179,"date":"2020-11-26T00:00:00","date_gmt":"2020-11-25T23:00:00","guid":{"rendered":"https:\/\/imagazine.it\/?p=35179"},"modified":"2020-11-26T00:00:00","modified_gmt":"2020-11-25T23:00:00","slug":"gorizia-sfregiata-la-panchina-delle-donne-vittime-di-violenza","status":"publish","type":"post","link":"https:\/\/imagazine.it\/home_desk\/gorizia-sfregiata-la-panchina-delle-donne-vittime-di-violenza\/","title":{"rendered":"Gorizia, sfregiata la Panchina delle donne vittime di violenza"},"content":{"rendered":"<p>Sfregiata a Gorizia la panchina delle donne vittime di violenza, inaugurata un anno fa ai Giardini pubblici cittadini. Il fatto \u00e8 stato scoperto all\u2019alba di oggi.<\/p>\n<p>\u201c\u00c8 uno sfregio a tutta la nostra comunit\u00e0, un&#39;offesa che pu\u00f2 essere stata scritta solo da una mente malata \u2013 afferma il sindaco <strong>Rodolfo Ziberna<\/strong> \u2013 che proprio nella giornata contro la violenza sulle donne ha voluto dimostrare quanta strada ci sia ancora da fare. Un bullismo che Gorizia e il Paese tutto non possono che condannare, insieme ai purtroppo recenti episodi di femminicidio come quello avvenuto proprio oggi vicino a noi, nel pordenonese. Dobbiamo fare di pi\u00f9. Non \u00e8 accettabile questo massacro continuo\u201d.<\/p>\n<p>Il sindaco Ziberna e l&#39;assessore alle pari opportunit\u00e0 <strong>Marilena Bernobich<\/strong> hanno voluto ringraziare gli uffici comunali, in particolare la polizia locale e il settore manutenzioni e verde pubblico, per il pronto intervento che ha consentito gi\u00e0 nelle prime ore del mattino di ripristinare il decoro della panchina. La scritta, realizzata con un pennarello bianco, \u00e8 stata cancellata alle 8.45 con l&#39;uso di un semplice diluente.<\/p>\n<p>In mattinata, poi, il sindaco ha depositato una segnalazione indirizzata al questore di Gorizia, <strong>Paolo Gropuzzo<\/strong>, in cui si chiede \u201cmassima collaborazione per ricercare i colpevoli\u201d e di mettere in opera \u201cogni attivit\u00e0 affinch\u00e9 simili atti non si ripetano in futuro\u201d. Gli autori del gesto rimangono per il momento ignoti anche se sul posto \u00e8 attiva una telecamera mobile del sistema di videosorveglianza della Polizia locale, che sta setacciando le immagini alla ricerca di indizi utili per risalire all&#39;identit\u00e0 del colpevole o almeno a ricostruirne i movimenti.<\/p>\n<p><a href=\"http:\/\/imagazinevideotruck.it\/outlet\/relink.html\" target=\"_top\" rel=\"noopener\"><img loading=\"lazy\" decoding=\"async\" align=\"LEFT\" height=\"250\" src=\"http:\/\/imagazinevideotruck.it\/outlet\/outlet30.gif\" width=\"300\" alt=\"\" title=\"\"><\/a><\/p>\n<p>\u00a0<\/p>\n<p>\u00a0<\/p>\n<p>\u00a0<\/p>\n<p>\u00a0<\/p>\n<p>\u00a0<\/p>\n<p>\u00a0<\/p>\n<p>\u00a0<\/p>\n<p>\u00a0<\/p>\n<p>\u00a0<\/p>\n<p>La panchina rossa era stata inaugurata un anno fa, il 22 novembre 2019, in collaborazione tra l&#39;assessorato alle pari opportunit\u00e0 e la sezione locale di Sos Rosa.<\/p>\n<p>\u201cQuanto successo ieri notte \u00e8 inaccettabile \u2013 aggiunge l&#39;assessore alle pari opportunit\u00e0, Marilena Bernobich \u2013 una vera e propria profanazione di un oggetto che per le donne e fortunatamente anche per moltissimi uomini di Gorizia \u00e8 un simbolo che non pu\u00f2 e non deve essere violato. La frase che siamo stati costretti a leggere \u00e8 impensabile in una societ\u00e0 civile, ma dobbiamo prendere atto con coraggio che concetti vergognosamente simili a quello si sentono pronunciare ancora troppo spesso. Tanto lavoro \u00e8 stato fatto per tutelare le donne, ma \u00e8 evidente che tanto rimane ancora da fare e ci impegneremo per questo\u201d.<\/p>\n","protected":false},"excerpt":{"rendered":"<p>Gi\u00e0 sistemata dagli operai comunali<\/p>\n","protected":false},"author":28,"featured_media":35180,"comment_status":"closed","ping_status":"closed","sticky":false,"template":"","format":"standard","meta":{"dwc-title":[],"dwc-content":[],"footnotes":""},"categories":[5],"tags":[],"class_list":["post-35179","post","type-post","status-publish","format-standard","has-post-thumbnail","hentry","category-attualita"],"rttpg_featured_image_url":{"full":["https:\/\/imagazine.it\/wp-content\/uploads\/2024\/01\/37099-1.webp",1000,798,false],"landscape":["https:\/\/imagazine.it\/wp-content\/uploads\/2024\/01\/37099-1.webp",1000,798,false],"portraits":["https:\/\/imagazine.it\/wp-content\/uploads\/2024\/01\/37099-1.webp",1000,798,false],"thumbnail":["https:\/\/imagazine.it\/wp-content\/uploads\/2024\/01\/37099-1-150x150.webp",150,150,true],"medium":["https:\/\/imagazine.it\/wp-content\/uploads\/2024\/01\/37099-1-300x239.webp",300,239,true],"large":["https:\/\/imagazine.it\/wp-content\/uploads\/2024\/01\/37099-1.webp",640,511,false],"thumblist":["https:\/\/imagazine.it\/wp-content\/uploads\/2024\/01\/37099-1.webp",300,239,false],"thumbrelated":["https:\/\/imagazine.it\/wp-content\/uploads\/2024\/01\/37099-1.webp",500,399,false],"meccarouselthumb":["https:\/\/imagazine.it\/wp-content\/uploads\/2024\/01\/37099-1.webp",406,324,false],"gridsquare":["https:\/\/imagazine.it\/wp-content\/uploads\/2024\/01\/37099-1.webp",326,260,false],"tileview":["https:\/\/imagazine.it\/wp-content\/uploads\/2024\/01\/37099-1.webp",300,239,false],"1536x1536":["https:\/\/imagazine.it\/wp-content\/uploads\/2024\/01\/37099-1.webp",1000,798,false],"2048x2048":["https:\/\/imagazine.it\/wp-content\/uploads\/2024\/01\/37099-1.webp",1000,798,false],"newsup-slider-full":["https:\/\/imagazine.it\/wp-content\/uploads\/2024\/01\/37099-1-1000x720.webp",1000,720,true],"newsup-featured":["https:\/\/imagazine.it\/wp-content\/uploads\/2024\/01\/37099-1.webp",1000,798,false],"newsup-medium":["https:\/\/imagazine.it\/wp-content\/uploads\/2024\/01\/37099-1-720x380.webp",720,380,true],"tptn_thumbnail":["https:\/\/imagazine.it\/wp-content\/uploads\/2024\/01\/37099-1.webp",250,200,false],"sow-carousel-default":["https:\/\/imagazine.it\/wp-content\/uploads\/2024\/01\/37099-1-272x182.webp",272,182,true]},"rttpg_author":{"display_name":"redazione","author_link":"https:\/\/imagazine.it\/home_desk\/author\/redazione\/"},"rttpg_comment":0,"rttpg_category":"<a href=\"https:\/\/imagazine.it\/home_desk\/category\/attualita\/\" rel=\"category tag\">ATTUALIT\u00c0<\/a>","rttpg_excerpt":"Gi\u00e0 sistemata dagli operai comunali","_links":{"self":[{"href":"https:\/\/imagazine.it\/home_desk\/wp-json\/wp\/v2\/posts\/35179","targetHints":{"allow":["GET"]}}],"collection":[{"href":"https:\/\/imagazine.it\/home_desk\/wp-json\/wp\/v2\/posts"}],"about":[{"href":"https:\/\/imagazine.it\/home_desk\/wp-json\/wp\/v2\/types\/post"}],"author":[{"embeddable":true,"href":"https:\/\/imagazine.it\/home_desk\/wp-json\/wp\/v2\/users\/28"}],"replies":[{"embeddable":true,"href":"https:\/\/imagazine.it\/home_desk\/wp-json\/wp\/v2\/comments?post=35179"}],"version-history":[{"count":0,"href":"https:\/\/imagazine.it\/home_desk\/wp-json\/wp\/v2\/posts\/35179\/revisions"}],"wp:featuredmedia":[{"embeddable":true,"href":"https:\/\/imagazine.it\/home_desk\/wp-json\/wp\/v2\/media\/35180"}],"wp:attachment":[{"href":"https:\/\/imagazine.it\/home_desk\/wp-json\/wp\/v2\/media?parent=35179"}],"wp:term":[{"taxonomy":"category","embeddable":true,"href":"https:\/\/imagazine.it\/home_desk\/wp-json\/wp\/v2\/categories?post=35179"},{"taxonomy":"post_tag","embeddable":true,"href":"https:\/\/imagazine.it\/home_desk\/wp-json\/wp\/v2\/tags?post=35179"}],"curies":[{"name":"wp","href":"https:\/\/api.w.org\/{rel}","templated":true}]}}