{"id":35177,"date":"2020-11-26T00:00:00","date_gmt":"2020-11-25T23:00:00","guid":{"rendered":"https:\/\/imagazine.it\/?p=35177"},"modified":"2020-11-26T00:00:00","modified_gmt":"2020-11-25T23:00:00","slug":"tapogliano-locande-chiuse-nel-presepe-al-tempo-del-covid","status":"publish","type":"post","link":"https:\/\/imagazine.it\/home_desk\/tapogliano-locande-chiuse-nel-presepe-al-tempo-del-covid\/","title":{"rendered":"Tapogliano, locande chiuse nel presepe al tempo del Covid"},"content":{"rendered":"<p>Il Covid-19 si sconfigge anche con la caparbiet\u00e0 di non voler fermare le tradizioni: cos\u00ec deve aver pensato <strong>Carla Peras<\/strong>, l&#39;artista naif che ogni anno realizza a <strong>Campolongo<\/strong> <strong>Tapogliano<\/strong> un imponente presepio con i personaggi dipinti sui sassi.<\/p>\n<p>L&#39;artista va personalmente a selezionare le pietre sulle rive del Torre e ogni anno il presepio viene costruito nella <strong>chiesetta di Santa Margherita<\/strong>, a Tapogliano in piazzale Esercito.<\/p>\n<p>Per rispettare la normativa anti-Covid, l&#39;artista continuer\u00e0 la tradizione \u2013 giunta alla 19<sup>a<\/sup> edizione \u2013 realizzando la sua opera in prossimit\u00e0 della chiesetta e sotto un albero, l&#39;ulivo che ha un profondo significato simbolico in quanto emblema della pace, della forza, della fede, del trionfo, della vittoria, dell\u2019onore.<\/p>\n<p>Da come ci \u00e8 stato detto non mancheranno, oltre alla nativit\u00e0, i pastori: saranno valorizzati i contadini con fienili e tutto quello che si vede di una vecchia casa contadina; ci sar\u00e0 anche una locanda ma sar\u00e0 chiusa, simbolegger\u00e0 questo momento storico, dove tutto \u00e8 chiuso.<\/p>\n<p><a href=\"http:\/\/imagazinevideotruck.it\/outlet\/relink.html\" target=\"_top\" rel=\"noopener\"><img loading=\"lazy\" decoding=\"async\" align=\"LEFT\" height=\"250\" src=\"http:\/\/imagazinevideotruck.it\/outlet\/outlet30.gif\" width=\"300\" alt=\"\" title=\"\"><\/a><\/p>\n<p>\u00a0<\/p>\n<p>\u00a0<\/p>\n<p>\u00a0<\/p>\n<p>\u00a0<\/p>\n<p>\u00a0<\/p>\n<p>\u00a0<\/p>\n<p>\u00a0<\/p>\n<p>\u00a0<\/p>\n<p>\u00a0<\/p>\n<p>Giuseppe e Maria anche nel 2020 dovranno passare la notte in una fredda capanna. Cambier\u00e0 la scenografia, non ci saranno gli effetti speciali, l&#39;elettronica all&#39;aperto \u00e8 meglio non usarla.<\/p>\n<p>Complimenti a Carla e alla Protezione Civile di Campolongo Tapogliano che anche quest&#39;anno hanno fatto in modo che questo momento magico non venga meno. L&#39;inaugurazione \u00e8 prevista come al solito la domenica precedente al Natale, quest&#39;anno sar\u00e0 il 20 dicembre dopo la messa delle ore 11, mentre il presepe rester\u00e0 allestito fino a domenica 10 gennaio 2021. Come da tradizione sar\u00e0 sistemata anche una cassetta per le offerte che anche quest&#39;anno saranno destinate alla casa \u201cVia di Natale\u201d di Aviano.<\/p>\n","protected":false},"excerpt":{"rendered":"<p>L&#8217;opera di Carla Peras<\/p>\n","protected":false},"author":22,"featured_media":35178,"comment_status":"closed","ping_status":"closed","sticky":false,"template":"","format":"standard","meta":{"dwc-title":[],"dwc-content":[],"footnotes":""},"categories":[5],"tags":[],"class_list":["post-35177","post","type-post","status-publish","format-standard","has-post-thumbnail","hentry","category-attualita"],"rttpg_featured_image_url":{"full":["https:\/\/imagazine.it\/wp-content\/uploads\/2024\/01\/37098-1.webp",1000,560,false],"landscape":["https:\/\/imagazine.it\/wp-content\/uploads\/2024\/01\/37098-1.webp",1000,560,false],"portraits":["https:\/\/imagazine.it\/wp-content\/uploads\/2024\/01\/37098-1.webp",1000,560,false],"thumbnail":["https:\/\/imagazine.it\/wp-content\/uploads\/2024\/01\/37098-1-150x150.webp",150,150,true],"medium":["https:\/\/imagazine.it\/wp-content\/uploads\/2024\/01\/37098-1-300x168.webp",300,168,true],"large":["https:\/\/imagazine.it\/wp-content\/uploads\/2024\/01\/37098-1.webp",640,358,false],"thumblist":["https:\/\/imagazine.it\/wp-content\/uploads\/2024\/01\/37098-1.webp",300,168,false],"thumbrelated":["https:\/\/imagazine.it\/wp-content\/uploads\/2024\/01\/37098-1.webp",500,280,false],"meccarouselthumb":["https:\/\/imagazine.it\/wp-content\/uploads\/2024\/01\/37098-1.webp",474,265,false],"gridsquare":["https:\/\/imagazine.it\/wp-content\/uploads\/2024\/01\/37098-1.webp",391,219,false],"tileview":["https:\/\/imagazine.it\/wp-content\/uploads\/2024\/01\/37098-1.webp",300,168,false],"1536x1536":["https:\/\/imagazine.it\/wp-content\/uploads\/2024\/01\/37098-1.webp",1000,560,false],"2048x2048":["https:\/\/imagazine.it\/wp-content\/uploads\/2024\/01\/37098-1.webp",1000,560,false],"newsup-slider-full":["https:\/\/imagazine.it\/wp-content\/uploads\/2024\/01\/37098-1.webp",1000,560,false],"newsup-featured":["https:\/\/imagazine.it\/wp-content\/uploads\/2024\/01\/37098-1.webp",1000,560,false],"newsup-medium":["https:\/\/imagazine.it\/wp-content\/uploads\/2024\/01\/37098-1-720x380.webp",720,380,true],"tptn_thumbnail":["https:\/\/imagazine.it\/wp-content\/uploads\/2024\/01\/37098-1.webp",250,140,false],"sow-carousel-default":["https:\/\/imagazine.it\/wp-content\/uploads\/2024\/01\/37098-1-272x182.webp",272,182,true]},"rttpg_author":{"display_name":"Livio Nonis","author_link":"https:\/\/imagazine.it\/home_desk\/author\/nonis\/"},"rttpg_comment":0,"rttpg_category":"<a href=\"https:\/\/imagazine.it\/home_desk\/category\/attualita\/\" rel=\"category tag\">ATTUALIT\u00c0<\/a>","rttpg_excerpt":"L'opera di Carla Peras","_links":{"self":[{"href":"https:\/\/imagazine.it\/home_desk\/wp-json\/wp\/v2\/posts\/35177","targetHints":{"allow":["GET"]}}],"collection":[{"href":"https:\/\/imagazine.it\/home_desk\/wp-json\/wp\/v2\/posts"}],"about":[{"href":"https:\/\/imagazine.it\/home_desk\/wp-json\/wp\/v2\/types\/post"}],"author":[{"embeddable":true,"href":"https:\/\/imagazine.it\/home_desk\/wp-json\/wp\/v2\/users\/22"}],"replies":[{"embeddable":true,"href":"https:\/\/imagazine.it\/home_desk\/wp-json\/wp\/v2\/comments?post=35177"}],"version-history":[{"count":0,"href":"https:\/\/imagazine.it\/home_desk\/wp-json\/wp\/v2\/posts\/35177\/revisions"}],"wp:featuredmedia":[{"embeddable":true,"href":"https:\/\/imagazine.it\/home_desk\/wp-json\/wp\/v2\/media\/35178"}],"wp:attachment":[{"href":"https:\/\/imagazine.it\/home_desk\/wp-json\/wp\/v2\/media?parent=35177"}],"wp:term":[{"taxonomy":"category","embeddable":true,"href":"https:\/\/imagazine.it\/home_desk\/wp-json\/wp\/v2\/categories?post=35177"},{"taxonomy":"post_tag","embeddable":true,"href":"https:\/\/imagazine.it\/home_desk\/wp-json\/wp\/v2\/tags?post=35177"}],"curies":[{"name":"wp","href":"https:\/\/api.w.org\/{rel}","templated":true}]}}