{"id":35171,"date":"2020-11-26T00:00:00","date_gmt":"2020-11-25T23:00:00","guid":{"rendered":"https:\/\/imagazine.it\/?p=35171"},"modified":"2020-11-26T00:00:00","modified_gmt":"2020-11-25T23:00:00","slug":"gorizia-manuela-brezza-nominata-maestro-del-lavoro","status":"publish","type":"post","link":"https:\/\/imagazine.it\/home_desk\/gorizia-manuela-brezza-nominata-maestro-del-lavoro\/","title":{"rendered":"Gorizia, Manuela Brezza nominata &#8220;Maestro del Lavoro&#8221;"},"content":{"rendered":"<p>Poste Italiane partecipa con i suoi dipendenti per l\u2019undicesimo anno consecutivo al conferimento dell\u2019onorificenza \u201cStelle al Merito del Lavoro\u201d, assegnata dal Ministero del Lavoro e delle Politiche Sociali.\u00a0<\/p>\n<p>La Commissione nazionale istituita dal Ministero del Lavoro e delle Politiche Sociali ha deciso di assegnare ai dipendenti del Gruppo Poste Italiane 92 Stelle al Merito, su tutto il territorio nazionale, in rappresentanza della maggior parte dei mestieri presenti in azienda.<\/p>\n<p>In attesa del conferimento formale a cura della Prefettura di Gorizia per meriti \u201cdi perizia, laboriosit\u00e0 e buona condotta morale\u201d, <strong>Manuela Brezza<\/strong>, coordinatrice commerciale alle Poste centrali di Gorizia, ha ricevuto un attestato di stima e riconoscimento da parte dell\u2019azienda.<\/p>\n<p><a href=\"http:\/\/imagazinevideotruck.it\/outlet\/relink.html\" target=\"_top\" rel=\"noopener\"><img loading=\"lazy\" decoding=\"async\" align=\"LEFT\" height=\"250\" src=\"http:\/\/imagazinevideotruck.it\/outlet\/outlet30.gif\" width=\"300\" alt=\"\" title=\"\"><\/a><\/p>\n<p>\u00a0<\/p>\n<p>\u00a0<\/p>\n<p>\u00a0<\/p>\n<p>\u00a0<\/p>\n<p>\u00a0<\/p>\n<p>\u00a0<\/p>\n<p>\u00a0<\/p>\n<p>\u00a0<\/p>\n<p>\u00a0<\/p>\n<p>Le Stelle al Merito sono concesse ogni anno alle lavoratrici e ai lavoratori dipendenti di Aziende pubbliche e private, con et\u00e0 minima di 50 anni e anzianit\u00e0 lavorativa continuativa di almeno 25.<\/p>\n<p>Il 50% \u00e8 riservato a coloro che hanno iniziato la loro attivit\u00e0 dai livelli contrattuali pi\u00f9 bassi e si sono distinti per il loro contributo umano e professionale in azienda.<\/p>\n","protected":false},"excerpt":{"rendered":"<p>Riconoscimento di Poste Italiane<\/p>\n","protected":false},"author":28,"featured_media":35172,"comment_status":"closed","ping_status":"closed","sticky":false,"template":"","format":"standard","meta":{"dwc-title":[],"dwc-content":[],"footnotes":""},"categories":[5],"tags":[],"class_list":["post-35171","post","type-post","status-publish","format-standard","has-post-thumbnail","hentry","category-attualita"],"rttpg_featured_image_url":{"full":["https:\/\/imagazine.it\/wp-content\/uploads\/2024\/01\/37094-1.webp",1000,750,false],"landscape":["https:\/\/imagazine.it\/wp-content\/uploads\/2024\/01\/37094-1.webp",1000,750,false],"portraits":["https:\/\/imagazine.it\/wp-content\/uploads\/2024\/01\/37094-1.webp",1000,750,false],"thumbnail":["https:\/\/imagazine.it\/wp-content\/uploads\/2024\/01\/37094-1-150x150.webp",150,150,true],"medium":["https:\/\/imagazine.it\/wp-content\/uploads\/2024\/01\/37094-1-300x225.webp",300,225,true],"large":["https:\/\/imagazine.it\/wp-content\/uploads\/2024\/01\/37094-1.webp",640,480,false],"thumblist":["https:\/\/imagazine.it\/wp-content\/uploads\/2024\/01\/37094-1.webp",300,225,false],"thumbrelated":["https:\/\/imagazine.it\/wp-content\/uploads\/2024\/01\/37094-1.webp",500,375,false],"meccarouselthumb":["https:\/\/imagazine.it\/wp-content\/uploads\/2024\/01\/37094-1.webp",432,324,false],"gridsquare":["https:\/\/imagazine.it\/wp-content\/uploads\/2024\/01\/37094-1.webp",347,260,false],"tileview":["https:\/\/imagazine.it\/wp-content\/uploads\/2024\/01\/37094-1.webp",300,225,false],"1536x1536":["https:\/\/imagazine.it\/wp-content\/uploads\/2024\/01\/37094-1.webp",1000,750,false],"2048x2048":["https:\/\/imagazine.it\/wp-content\/uploads\/2024\/01\/37094-1.webp",1000,750,false],"newsup-slider-full":["https:\/\/imagazine.it\/wp-content\/uploads\/2024\/01\/37094-1-1000x720.webp",1000,720,true],"newsup-featured":["https:\/\/imagazine.it\/wp-content\/uploads\/2024\/01\/37094-1.webp",1000,750,false],"newsup-medium":["https:\/\/imagazine.it\/wp-content\/uploads\/2024\/01\/37094-1-720x380.webp",720,380,true],"tptn_thumbnail":["https:\/\/imagazine.it\/wp-content\/uploads\/2024\/01\/37094-1.webp",250,188,false],"sow-carousel-default":["https:\/\/imagazine.it\/wp-content\/uploads\/2024\/01\/37094-1-272x182.webp",272,182,true]},"rttpg_author":{"display_name":"redazione","author_link":"https:\/\/imagazine.it\/home_desk\/author\/redazione\/"},"rttpg_comment":0,"rttpg_category":"<a href=\"https:\/\/imagazine.it\/home_desk\/category\/attualita\/\" rel=\"category tag\">ATTUALIT\u00c0<\/a>","rttpg_excerpt":"Riconoscimento di Poste Italiane","_links":{"self":[{"href":"https:\/\/imagazine.it\/home_desk\/wp-json\/wp\/v2\/posts\/35171","targetHints":{"allow":["GET"]}}],"collection":[{"href":"https:\/\/imagazine.it\/home_desk\/wp-json\/wp\/v2\/posts"}],"about":[{"href":"https:\/\/imagazine.it\/home_desk\/wp-json\/wp\/v2\/types\/post"}],"author":[{"embeddable":true,"href":"https:\/\/imagazine.it\/home_desk\/wp-json\/wp\/v2\/users\/28"}],"replies":[{"embeddable":true,"href":"https:\/\/imagazine.it\/home_desk\/wp-json\/wp\/v2\/comments?post=35171"}],"version-history":[{"count":0,"href":"https:\/\/imagazine.it\/home_desk\/wp-json\/wp\/v2\/posts\/35171\/revisions"}],"wp:featuredmedia":[{"embeddable":true,"href":"https:\/\/imagazine.it\/home_desk\/wp-json\/wp\/v2\/media\/35172"}],"wp:attachment":[{"href":"https:\/\/imagazine.it\/home_desk\/wp-json\/wp\/v2\/media?parent=35171"}],"wp:term":[{"taxonomy":"category","embeddable":true,"href":"https:\/\/imagazine.it\/home_desk\/wp-json\/wp\/v2\/categories?post=35171"},{"taxonomy":"post_tag","embeddable":true,"href":"https:\/\/imagazine.it\/home_desk\/wp-json\/wp\/v2\/tags?post=35171"}],"curies":[{"name":"wp","href":"https:\/\/api.w.org\/{rel}","templated":true}]}}