{"id":35165,"date":"2020-11-25T00:00:00","date_gmt":"2020-11-24T23:00:00","guid":{"rendered":"https:\/\/imagazine.it\/?p=35165"},"modified":"2020-11-25T00:00:00","modified_gmt":"2020-11-24T23:00:00","slug":"terapie-intensive-il-fvg-175-posti-disponibili","status":"publish","type":"post","link":"https:\/\/imagazine.it\/home_desk\/terapie-intensive-il-fvg-175-posti-disponibili\/","title":{"rendered":"Terapie intensive, il FVG 175 posti disponibili"},"content":{"rendered":"<p>Confermata la disponibilit\u00e0 di posti letto di terapia intensiva della Regione Friuli Venezia Giulia, pari a 175. Si tratta di posti letto in parte gi\u00e0 attivi o attivabili in 24-48 ore. Gli standard definiti si basano su criteri condivisi con il ministero della Salute.<\/p>\n<p>A darne conto oggi \u00e8 stato il vicegovernatore con delega alla Salute del Friuli Venezia Giulia, <strong>Riccardo Riccardi<\/strong>, rispondendo in Aula all&#39;interrogazione a risposta immediata in merito alla situazione delle terapie intensive regionali. Riccardi ha fornito il dettaglio, per le singole Aziende, alle date del 3, 14 e 23 novembre, considerando i posti letto dedicati alla gestione dei pazienti Covid. Dal 3 novembre all&#39;11 novembre l&#39;Asugi passa da 12 a 15 posti letto raggiungendo quota 17 il 23 novembre, negli stessi periodi l&#39;Asufc ne registra 22 raggiungendo i 30 il 23 novembre, l&#39;Asfo passa da 10 a 11, il Burlo ne conta 2 il 3 e il 14 novembre e scende a 1 il 23 scorso. Il totale per tutte le Aziende \u00e8 di 46 posti letto al 3 novembre, saliti a 50 il 14 e a 59 il 23 scorso.<\/p>\n<p><a href=\"http:\/\/imagazinevideotruck.it\/outlet\/relink.html\" target=\"_top\" rel=\"noopener\"><img loading=\"lazy\" decoding=\"async\" align=\"LEFT\" height=\"250\" src=\"http:\/\/imagazinevideotruck.it\/outlet\/outlet30.gif\" width=\"300\" alt=\"\" title=\"\"><\/a><\/p>\n<p>\u00a0<\/p>\n<p>\u00a0<\/p>\n<p>\u00a0<\/p>\n<p>\u00a0<\/p>\n<p>\u00a0<\/p>\n<p>\u00a0<\/p>\n<p>\u00a0<\/p>\n<p>\u00a0<\/p>\n<p>\u00a0<\/p>\n<p>&#8220;I posti letto Covid &#8211; ha precisato Riccardi &#8211; sono stati attivati coerentemente alla necessit\u00e0 di accogliere i pazienti positivi al virus ad alta intensit\u00e0 di cura, preservando i restanti posti letto intensivi per la gestione delle altre situazioni di criticit\u00e0 vitale quali, ad esempio, i politraumi, o ad alta intensit\u00e0 di cura come la gestione di pazienti sottoposti a chirurgia maggiore. L&#39;attivazione \u00e8 stata condotta secondo le esigenze di accoglimento dei pazienti Covid e al personale necessario per gestirli. Il piano di attivazione di ulteriori posti letto prevede la conseguente e necessaria riassegnazione del personale in atto&#8221;.<\/p>\n","protected":false},"excerpt":{"rendered":"<p>La conferma dell&#8217;assessore Riccardi<\/p>\n","protected":false},"author":28,"featured_media":35166,"comment_status":"closed","ping_status":"closed","sticky":false,"template":"","format":"standard","meta":{"dwc-title":[],"dwc-content":[],"footnotes":""},"categories":[5],"tags":[],"class_list":["post-35165","post","type-post","status-publish","format-standard","has-post-thumbnail","hentry","category-attualita"],"rttpg_featured_image_url":{"full":["https:\/\/imagazine.it\/wp-content\/uploads\/2024\/01\/37089-1.webp",750,501,false],"landscape":["https:\/\/imagazine.it\/wp-content\/uploads\/2024\/01\/37089-1.webp",750,501,false],"portraits":["https:\/\/imagazine.it\/wp-content\/uploads\/2024\/01\/37089-1.webp",750,501,false],"thumbnail":["https:\/\/imagazine.it\/wp-content\/uploads\/2024\/01\/37089-1-150x150.webp",150,150,true],"medium":["https:\/\/imagazine.it\/wp-content\/uploads\/2024\/01\/37089-1-300x200.webp",300,200,true],"large":["https:\/\/imagazine.it\/wp-content\/uploads\/2024\/01\/37089-1.webp",640,428,false],"thumblist":["https:\/\/imagazine.it\/wp-content\/uploads\/2024\/01\/37089-1.webp",300,200,false],"thumbrelated":["https:\/\/imagazine.it\/wp-content\/uploads\/2024\/01\/37089-1.webp",500,334,false],"meccarouselthumb":["https:\/\/imagazine.it\/wp-content\/uploads\/2024\/01\/37089-1.webp",474,317,false],"gridsquare":["https:\/\/imagazine.it\/wp-content\/uploads\/2024\/01\/37089-1.webp",389,260,false],"tileview":["https:\/\/imagazine.it\/wp-content\/uploads\/2024\/01\/37089-1.webp",300,200,false],"1536x1536":["https:\/\/imagazine.it\/wp-content\/uploads\/2024\/01\/37089-1.webp",750,501,false],"2048x2048":["https:\/\/imagazine.it\/wp-content\/uploads\/2024\/01\/37089-1.webp",750,501,false],"newsup-slider-full":["https:\/\/imagazine.it\/wp-content\/uploads\/2024\/01\/37089-1.webp",750,501,false],"newsup-featured":["https:\/\/imagazine.it\/wp-content\/uploads\/2024\/01\/37089-1.webp",750,501,false],"newsup-medium":["https:\/\/imagazine.it\/wp-content\/uploads\/2024\/01\/37089-1-720x380.webp",720,380,true],"tptn_thumbnail":["https:\/\/imagazine.it\/wp-content\/uploads\/2024\/01\/37089-1.webp",250,167,false],"sow-carousel-default":["https:\/\/imagazine.it\/wp-content\/uploads\/2024\/01\/37089-1-272x182.webp",272,182,true]},"rttpg_author":{"display_name":"redazione","author_link":"https:\/\/imagazine.it\/home_desk\/author\/redazione\/"},"rttpg_comment":0,"rttpg_category":"<a href=\"https:\/\/imagazine.it\/home_desk\/category\/attualita\/\" rel=\"category tag\">ATTUALIT\u00c0<\/a>","rttpg_excerpt":"La conferma dell'assessore Riccardi","_links":{"self":[{"href":"https:\/\/imagazine.it\/home_desk\/wp-json\/wp\/v2\/posts\/35165","targetHints":{"allow":["GET"]}}],"collection":[{"href":"https:\/\/imagazine.it\/home_desk\/wp-json\/wp\/v2\/posts"}],"about":[{"href":"https:\/\/imagazine.it\/home_desk\/wp-json\/wp\/v2\/types\/post"}],"author":[{"embeddable":true,"href":"https:\/\/imagazine.it\/home_desk\/wp-json\/wp\/v2\/users\/28"}],"replies":[{"embeddable":true,"href":"https:\/\/imagazine.it\/home_desk\/wp-json\/wp\/v2\/comments?post=35165"}],"version-history":[{"count":0,"href":"https:\/\/imagazine.it\/home_desk\/wp-json\/wp\/v2\/posts\/35165\/revisions"}],"wp:featuredmedia":[{"embeddable":true,"href":"https:\/\/imagazine.it\/home_desk\/wp-json\/wp\/v2\/media\/35166"}],"wp:attachment":[{"href":"https:\/\/imagazine.it\/home_desk\/wp-json\/wp\/v2\/media?parent=35165"}],"wp:term":[{"taxonomy":"category","embeddable":true,"href":"https:\/\/imagazine.it\/home_desk\/wp-json\/wp\/v2\/categories?post=35165"},{"taxonomy":"post_tag","embeddable":true,"href":"https:\/\/imagazine.it\/home_desk\/wp-json\/wp\/v2\/tags?post=35165"}],"curies":[{"name":"wp","href":"https:\/\/api.w.org\/{rel}","templated":true}]}}