{"id":35163,"date":"2020-11-25T00:00:00","date_gmt":"2020-11-24T23:00:00","guid":{"rendered":"https:\/\/imagazine.it\/?p=35163"},"modified":"2020-11-25T00:00:00","modified_gmt":"2020-11-24T23:00:00","slug":"riccardo-illy-nominato-console-onorario-della-repubblica-francese-a-trieste","status":"publish","type":"post","link":"https:\/\/imagazine.it\/home_desk\/riccardo-illy-nominato-console-onorario-della-repubblica-francese-a-trieste\/","title":{"rendered":"Riccardo Illy nominato console onorario della Repubblica Francese a Trieste"},"content":{"rendered":"<p>All\u2019imprenditore triestino <strong>Riccardo Illy<\/strong> \u00e8 stato recentemente conferito il titolo di \u201c<em>Console onorario, titolare dell\u2019Ufficio consolare onorario della Repubblica Francese in Trieste<\/em>\u201d, a seguito della ratifica del Ministero italiano degli Affari Esteri e della Cooperazione Internazionale, che ne ha riconosciuto funzioni e prerogative, disponendone la diretta competenza sulla circoscrizione territoriale della citt\u00e0 giuliana per il prossimo quinquennio.<\/p>\n<p>Un legame, quello fra Trieste e la Repubblica Francese, che si radica storicamente ancora nel 1700 con la prima rappresentanza consolare presente gi\u00e0 sotto l\u2019Impero Asburgico, istituita a difesa strategica delle attivit\u00e0 mercantili e del ruolo continentale di primo piano del porto triestino.<\/p>\n<p><a name=\"_Hlk56584528\">La nomina ricevuta rinsalda ulteriormente il legame fra Riccardo Illy e la Francia, sia per storia familiare &#8211; <\/a><a name=\"_Hlk56585670\">il cognome Illy sembra infatti riferirsi alla presenza di una comunit\u00e0 francese emigrata in Ungheria, Paese di cui \u00e8 originaria la famiglia dell\u2019imprenditore <\/a>&#8211; che per attivit\u00e0 industriali, considerati gli investimenti nel sistema produttivo d\u2019oltralpe.<\/p>\n<p><a href=\"http:\/\/imagazinevideotruck.it\/outlet\/relink_euro.html\" target=\"_top\" rel=\"noopener\"><img loading=\"lazy\" decoding=\"async\" align=\"LEFT\" height=\"250\" src=\"http:\/\/imagazinevideotruck.it\/outlet\/euromobili_banner_art.jpg\" width=\"300\" alt=\"\" title=\"\"><\/a><\/p>\n<p>\u00a0<\/p>\n<p>\u00a0<\/p>\n<p>\u00a0<\/p>\n<p>\u00a0<\/p>\n<p>\u00a0<\/p>\n<p>\u00a0<\/p>\n<p>\u00a0<\/p>\n<p>\u00a0<\/p>\n<p>\u00a0<\/p>\n<p>Classe 1955, Riccardo Illy da oltre quarant\u2019anni lavora e sviluppa l\u2019attivit\u00e0 dell\u2019omonimo gruppo industriale, in cui ricopre attualmente la carica di Presidente del Polo del Gusto, la sub-holding costituita a giugno 2019 di cui fanno parte le societ\u00e0 Domori, Mastrojanni, Agrimontana, Fgel-Bonetti e la francese Dammann Fr\u00e8res.<\/p>\n<p>L\u2019investimento nella stessa societ\u00e0 di Dreux nella regione Centro \u2013 Valle della Loira, realt\u00e0 leader internazionale nella selezione, trasformazione e commercializzazione del t\u00e8, \u00e8 stata l\u2019occasione di un diretto coinvolgimento imprenditoriale del presidente Illy nell\u2019industria francese, realizzato per rilanciare e favorire l\u2019espansione di Dammann Fr\u00e8res in 60 paesi esteri.<\/p>\n<p>E proprio gli investimenti esteri in Francia sono stati argomento di confronto con il presidente francese Emmanuel Macron, in occasione di un loro recente incontro.<\/p>\n<p>\u201cRingrazio vivamente Riccardo Illy \u2013 commenta l\u2019Ambasciatore francese in Italia,<strong> Christian Masset<\/strong> \u2013 per aver accettato l\u2019importante incarico di console onorario della Repubblica francese a Trieste. Voglio rendere omaggio al suo predecessore Christia Chiaruttini Leggeri, che ha svolto la sua funzione con dedizione, rigore e cuore. La nomina di Riccardo Illy, personalit\u00e0 emblematica di Trieste e dell\u2019Italia, segna una nuova fase nel rapporto profondo e fecondo tra la Francia e questa capitale europea aperta sul mondo\u201d.<\/p>\n","protected":false},"excerpt":{"rendered":"<p>Per il prossimo quinquennio<\/p>\n","protected":false},"author":28,"featured_media":35164,"comment_status":"closed","ping_status":"closed","sticky":false,"template":"","format":"standard","meta":{"dwc-title":[],"dwc-content":[],"footnotes":""},"categories":[5],"tags":[],"class_list":["post-35163","post","type-post","status-publish","format-standard","has-post-thumbnail","hentry","category-attualita"],"rttpg_featured_image_url":{"full":["https:\/\/imagazine.it\/wp-content\/uploads\/2024\/01\/37087-1.webp",900,566,false],"landscape":["https:\/\/imagazine.it\/wp-content\/uploads\/2024\/01\/37087-1.webp",900,566,false],"portraits":["https:\/\/imagazine.it\/wp-content\/uploads\/2024\/01\/37087-1.webp",900,566,false],"thumbnail":["https:\/\/imagazine.it\/wp-content\/uploads\/2024\/01\/37087-1-150x150.webp",150,150,true],"medium":["https:\/\/imagazine.it\/wp-content\/uploads\/2024\/01\/37087-1-300x189.webp",300,189,true],"large":["https:\/\/imagazine.it\/wp-content\/uploads\/2024\/01\/37087-1.webp",640,402,false],"thumblist":["https:\/\/imagazine.it\/wp-content\/uploads\/2024\/01\/37087-1.webp",300,189,false],"thumbrelated":["https:\/\/imagazine.it\/wp-content\/uploads\/2024\/01\/37087-1.webp",500,314,false],"meccarouselthumb":["https:\/\/imagazine.it\/wp-content\/uploads\/2024\/01\/37087-1.webp",474,298,false],"gridsquare":["https:\/\/imagazine.it\/wp-content\/uploads\/2024\/01\/37087-1.webp",391,246,false],"tileview":["https:\/\/imagazine.it\/wp-content\/uploads\/2024\/01\/37087-1.webp",300,189,false],"1536x1536":["https:\/\/imagazine.it\/wp-content\/uploads\/2024\/01\/37087-1.webp",900,566,false],"2048x2048":["https:\/\/imagazine.it\/wp-content\/uploads\/2024\/01\/37087-1.webp",900,566,false],"newsup-slider-full":["https:\/\/imagazine.it\/wp-content\/uploads\/2024\/01\/37087-1.webp",900,566,false],"newsup-featured":["https:\/\/imagazine.it\/wp-content\/uploads\/2024\/01\/37087-1.webp",900,566,false],"newsup-medium":["https:\/\/imagazine.it\/wp-content\/uploads\/2024\/01\/37087-1-720x380.webp",720,380,true],"tptn_thumbnail":["https:\/\/imagazine.it\/wp-content\/uploads\/2024\/01\/37087-1.webp",250,157,false],"sow-carousel-default":["https:\/\/imagazine.it\/wp-content\/uploads\/2024\/01\/37087-1-272x182.webp",272,182,true]},"rttpg_author":{"display_name":"redazione","author_link":"https:\/\/imagazine.it\/home_desk\/author\/redazione\/"},"rttpg_comment":0,"rttpg_category":"<a href=\"https:\/\/imagazine.it\/home_desk\/category\/attualita\/\" rel=\"category tag\">ATTUALIT\u00c0<\/a>","rttpg_excerpt":"Per il prossimo quinquennio","_links":{"self":[{"href":"https:\/\/imagazine.it\/home_desk\/wp-json\/wp\/v2\/posts\/35163","targetHints":{"allow":["GET"]}}],"collection":[{"href":"https:\/\/imagazine.it\/home_desk\/wp-json\/wp\/v2\/posts"}],"about":[{"href":"https:\/\/imagazine.it\/home_desk\/wp-json\/wp\/v2\/types\/post"}],"author":[{"embeddable":true,"href":"https:\/\/imagazine.it\/home_desk\/wp-json\/wp\/v2\/users\/28"}],"replies":[{"embeddable":true,"href":"https:\/\/imagazine.it\/home_desk\/wp-json\/wp\/v2\/comments?post=35163"}],"version-history":[{"count":0,"href":"https:\/\/imagazine.it\/home_desk\/wp-json\/wp\/v2\/posts\/35163\/revisions"}],"wp:featuredmedia":[{"embeddable":true,"href":"https:\/\/imagazine.it\/home_desk\/wp-json\/wp\/v2\/media\/35164"}],"wp:attachment":[{"href":"https:\/\/imagazine.it\/home_desk\/wp-json\/wp\/v2\/media?parent=35163"}],"wp:term":[{"taxonomy":"category","embeddable":true,"href":"https:\/\/imagazine.it\/home_desk\/wp-json\/wp\/v2\/categories?post=35163"},{"taxonomy":"post_tag","embeddable":true,"href":"https:\/\/imagazine.it\/home_desk\/wp-json\/wp\/v2\/tags?post=35163"}],"curies":[{"name":"wp","href":"https:\/\/api.w.org\/{rel}","templated":true}]}}