{"id":35161,"date":"2020-11-25T00:00:00","date_gmt":"2020-11-24T23:00:00","guid":{"rendered":"https:\/\/imagazine.it\/?p=35161"},"modified":"2020-11-25T00:00:00","modified_gmt":"2020-11-24T23:00:00","slug":"confindustria-udine-acquista-18-mila-tamponi-rapidi-per-le-imprese-associate","status":"publish","type":"post","link":"https:\/\/imagazine.it\/home_desk\/confindustria-udine-acquista-18-mila-tamponi-rapidi-per-le-imprese-associate\/","title":{"rendered":"Confindustria Udine acquista 18 mila tamponi rapidi per le imprese associate"},"content":{"rendered":"<p><strong>Confindustria Udine<\/strong> acquista e distribuisce <strong>18 mila tamponi rapidi <\/strong>per le imprese associate. L\u2019Associazione degli industriali di Udine diventa cos\u00ec una centrale d\u2019acquisto per le aziende del territorio che, tramite apposite convenzioni con personale sanitario, potranno somministrare ai lavoratori i test per ottenere in tempi veloci risposte sulla situazione del contagio nei siti produttivi.<\/p>\n<p>\u201cQuesta \u2013 spiega la presidente<strong> Anna Mareschi Danieli <\/strong>\u2013 non \u00e8 esattamente la nostra mission, ma dobbiamo essere flessibili e tempestivi nel rispondere a qualsivoglia necessit\u00e0 dei nostri associati. Del resto, non \u00e8 la prima volta che accade\u201d.<\/p>\n<p>Gi\u00e0 nel mese di marzo, infatti, le imprese industriali hanno cominciato a organizzarsi per minimizzare il rischio da contagio. Lo hanno fatto applicando i Protocolli sicurezza anti Covid, adeguandoli alle loro situazioni aziendali, riorganizzando il lavoro, i tempi, gli spazi, facendosi carico di nuove e indispensabili spese per mascherine, igienizzanti, pulizie e sanificazioni.<\/p>\n<p>\u201cFin dall\u2019inizio della pandemia \u2013 sottolinea la presidente \u2013, abbiamo cercato di fare la nostra parte, muovendoci autonomamente per far fronte alle necessit\u00e0 di prevenzione e sicurezza sui luoghi di lavoro. La stessa Confindustria Udine, pur non essendo questa la sua attivit\u00e0 caratteristica, \u00e8 diventata una centrale d\u2019acquisto per mascherine e gel igienizzante a beneficio soprattutto delle piccole e medie aziende associate, che non riuscivano a reperire sul mercato tali presidi di sicurezza\u201d.<\/p>\n<p>\u201cA seguito di approfondimenti e di concerto con Confindustria Friuli Venezia Giulia, Confindustria Alto Adriatico e tutte le sigle sindacali regionali e territoriali \u2013 prosegue Mareschi Danieli \u2013, si \u00e8 deciso di optare per i\u00a0tamponi rapidi che\u00a0assicurano le seguenti prestazioni: sensibilit\u00e0 96,52%, specificit\u00e0 99,68%, risultati in 15 minuti dall\u2019esecuzione del prelievo e lettura visiva del risultato\u201d.<\/p>\n<p><a href=\"http:\/\/imagazinevideotruck.it\/outlet\/relink_euro.html\" target=\"_top\" rel=\"noopener\"><img loading=\"lazy\" decoding=\"async\" align=\"LEFT\" height=\"250\" src=\"http:\/\/imagazinevideotruck.it\/outlet\/euromobili_banner_art.jpg\" width=\"300\" alt=\"\" title=\"\"><\/a><\/p>\n<p>\u00a0<\/p>\n<p>\u00a0<\/p>\n<p>\u00a0<\/p>\n<p>\u00a0<\/p>\n<p>\u00a0<\/p>\n<p>\u00a0<\/p>\n<p>\u00a0<\/p>\n<p>\u00a0<\/p>\n<p>\u00a0<\/p>\n<p>La distribuzione alle singole imprese che avevano prenotato i 18 mila kit si \u00e8 appena conclusa, ma gi\u00e0 si annunciano nuovi acquisti. \u201cA breve \u2013 conclude la presidente di Confindustria Udine \u2013, data la necessit\u00e0 manifestata dalle aziende, provvederemo all\u2019acquisizione di altri test\u201d.<\/p>\n","protected":false},"excerpt":{"rendered":"<p>Risultati in 15 minuti dall\u2019esecuzione del prelievo<\/p>\n","protected":false},"author":28,"featured_media":35162,"comment_status":"closed","ping_status":"closed","sticky":false,"template":"","format":"standard","meta":{"dwc-title":[],"dwc-content":[],"footnotes":""},"categories":[5],"tags":[],"class_list":["post-35161","post","type-post","status-publish","format-standard","has-post-thumbnail","hentry","category-attualita"],"rttpg_featured_image_url":{"full":["https:\/\/imagazine.it\/wp-content\/uploads\/2024\/01\/37083-1.webp",1000,521,false],"landscape":["https:\/\/imagazine.it\/wp-content\/uploads\/2024\/01\/37083-1.webp",1000,521,false],"portraits":["https:\/\/imagazine.it\/wp-content\/uploads\/2024\/01\/37083-1.webp",1000,521,false],"thumbnail":["https:\/\/imagazine.it\/wp-content\/uploads\/2024\/01\/37083-1-150x150.webp",150,150,true],"medium":["https:\/\/imagazine.it\/wp-content\/uploads\/2024\/01\/37083-1-300x156.webp",300,156,true],"large":["https:\/\/imagazine.it\/wp-content\/uploads\/2024\/01\/37083-1.webp",640,333,false],"thumblist":["https:\/\/imagazine.it\/wp-content\/uploads\/2024\/01\/37083-1.webp",300,156,false],"thumbrelated":["https:\/\/imagazine.it\/wp-content\/uploads\/2024\/01\/37083-1.webp",500,261,false],"meccarouselthumb":["https:\/\/imagazine.it\/wp-content\/uploads\/2024\/01\/37083-1.webp",474,247,false],"gridsquare":["https:\/\/imagazine.it\/wp-content\/uploads\/2024\/01\/37083-1.webp",391,204,false],"tileview":["https:\/\/imagazine.it\/wp-content\/uploads\/2024\/01\/37083-1.webp",300,156,false],"1536x1536":["https:\/\/imagazine.it\/wp-content\/uploads\/2024\/01\/37083-1.webp",1000,521,false],"2048x2048":["https:\/\/imagazine.it\/wp-content\/uploads\/2024\/01\/37083-1.webp",1000,521,false],"newsup-slider-full":["https:\/\/imagazine.it\/wp-content\/uploads\/2024\/01\/37083-1.webp",1000,521,false],"newsup-featured":["https:\/\/imagazine.it\/wp-content\/uploads\/2024\/01\/37083-1.webp",1000,521,false],"newsup-medium":["https:\/\/imagazine.it\/wp-content\/uploads\/2024\/01\/37083-1-720x380.webp",720,380,true],"tptn_thumbnail":["https:\/\/imagazine.it\/wp-content\/uploads\/2024\/01\/37083-1.webp",250,130,false],"sow-carousel-default":["https:\/\/imagazine.it\/wp-content\/uploads\/2024\/01\/37083-1-272x182.webp",272,182,true]},"rttpg_author":{"display_name":"redazione","author_link":"https:\/\/imagazine.it\/home_desk\/author\/redazione\/"},"rttpg_comment":0,"rttpg_category":"<a href=\"https:\/\/imagazine.it\/home_desk\/category\/attualita\/\" rel=\"category tag\">ATTUALIT\u00c0<\/a>","rttpg_excerpt":"Risultati in 15 minuti dall\u2019esecuzione del prelievo","_links":{"self":[{"href":"https:\/\/imagazine.it\/home_desk\/wp-json\/wp\/v2\/posts\/35161","targetHints":{"allow":["GET"]}}],"collection":[{"href":"https:\/\/imagazine.it\/home_desk\/wp-json\/wp\/v2\/posts"}],"about":[{"href":"https:\/\/imagazine.it\/home_desk\/wp-json\/wp\/v2\/types\/post"}],"author":[{"embeddable":true,"href":"https:\/\/imagazine.it\/home_desk\/wp-json\/wp\/v2\/users\/28"}],"replies":[{"embeddable":true,"href":"https:\/\/imagazine.it\/home_desk\/wp-json\/wp\/v2\/comments?post=35161"}],"version-history":[{"count":0,"href":"https:\/\/imagazine.it\/home_desk\/wp-json\/wp\/v2\/posts\/35161\/revisions"}],"wp:featuredmedia":[{"embeddable":true,"href":"https:\/\/imagazine.it\/home_desk\/wp-json\/wp\/v2\/media\/35162"}],"wp:attachment":[{"href":"https:\/\/imagazine.it\/home_desk\/wp-json\/wp\/v2\/media?parent=35161"}],"wp:term":[{"taxonomy":"category","embeddable":true,"href":"https:\/\/imagazine.it\/home_desk\/wp-json\/wp\/v2\/categories?post=35161"},{"taxonomy":"post_tag","embeddable":true,"href":"https:\/\/imagazine.it\/home_desk\/wp-json\/wp\/v2\/tags?post=35161"}],"curies":[{"name":"wp","href":"https:\/\/api.w.org\/{rel}","templated":true}]}}