{"id":35155,"date":"2020-11-24T00:00:00","date_gmt":"2020-11-23T23:00:00","guid":{"rendered":"https:\/\/imagazine.it\/?p=35155"},"modified":"2020-11-24T00:00:00","modified_gmt":"2020-11-23T23:00:00","slug":"libri-anche-a-turriaco-il-prestito-a-domicilio","status":"publish","type":"post","link":"https:\/\/imagazine.it\/home_desk\/libri-anche-a-turriaco-il-prestito-a-domicilio\/","title":{"rendered":"Libri, anche a Turriaco il prestito a domicilio"},"content":{"rendered":"<p>Viste le disposizioni ministeriali che ancora una volta impongono la chiusura generalizzata delle Biblioteche Comunali come misura di contenimento della Pandemia da Covid 19, l&#39;Amministrazione Comunale di Turriaco ha deciso di proporre una soluzione alternativa che consenta di mantenere attivo il servizio a vantaggio dei propri utenti, attraverso il prestito a domicilio.<\/p>\n<p>A partire da <strong>mercoled\u00ec 25 novembre<\/strong> entrer\u00e0 in vigore il <strong>prestito a casa<\/strong>, secondo regolamento approvato dalla Giunta comunale e con la collaborazione dei volontari della Protezione Civile e del Servizio Civile Universale che opera in biblioteca.<\/p>\n<p>Gli utenti potranno richiedere, attraverso telefonata, qualsiasi libro, CD o DVD (fino a un massimo di 5 per tipologia) presente nel catalogo del sistema, consultabile all&#39;indirizzo <u><a href=\"http:\/\/www.bibliogo.it\" target=\"_blank\" rel=\"noopener\">www.bibliogo.it<\/a><\/u>; le consegne avverranno ogni mercoled\u00ec, secondo orario concordato.<\/p>\n<p>In questi ultimi mesi, la Biblioteca di Turriaco non ha interrotto la sua attivit\u00e0 di catalogazione di novit\u00e0 librarie e ha ricevuto dal Ministero dei Beni ed Attivit\u00e0 Culturali e Turistiche un contributo di 5.000 euro per acquistare libri e sostenere allo stesso tempo le librerie locali: la scelta per gli acquisti \u00e8 caduta su novit\u00e0 &#8220;mainstream&#8221; della grande distribuzione (presso UBIK Rinascita di Monfalcone), su alcuni libri fuori catalogo e di interesse locale (Linea d&#39;Ombra di Ronchi dei Legionari), su libri per bambini e ragazzi (Faidutti di Gorizia) e su opere a carattere storico generale e locale della LEG di Gorizia.<\/p>\n<p><a href=\"http:\/\/imagazinevideotruck.it\/outlet\/relink_euro.html\" target=\"_top\" rel=\"noopener\"><img loading=\"lazy\" decoding=\"async\" align=\"LEFT\" height=\"250\" src=\"http:\/\/imagazinevideotruck.it\/outlet\/euromobili_banner_art.jpg\" width=\"300\" alt=\"\" title=\"\"><\/a><\/p>\n<p>\u00a0<\/p>\n<p>\u00a0<\/p>\n<p>\u00a0<\/p>\n<p>\u00a0<\/p>\n<p>\u00a0<\/p>\n<p>\u00a0<\/p>\n<p>\u00a0<\/p>\n<p>\u00a0<\/p>\n<p>\u00a0<\/p>\n<p>Inoltre, nell&#39;ambito dell&#39;attivit\u00e0 di educazione e sensibilizzazione sul tema dei diritti civili e della promozione delle pari opportunit\u00e0, che vede l&#39;adesione del Comune di Turriaco alla rete R.E.A.D.Y., network di enti locali e associazioni impegnate nelle iniziative per l&#39;inclusione sociale delle persone omosessuali e transessuali, il contributo del MIBACT \u00e8 servito anche all&#39;allestimento di scaffale tematico, &#8220;Lo scaffale arcobaleno&#8221;, nel quale si possono trovare letture trasversali, che passano dal racconto al saggio, passando per il fumetto ed il libro per bambini. Tra i titoli a disposizione: &#8220;We will survive! Storia del movimento LGBTIQ+ in Italia&#8221;, &#8220;Io Pierre Seel, deportato omosessuale&#8221;, &#8220;Rosa, arcobaleno, azzurro. Identit\u00e0 di genere e orientamento sessuale&#8221;, &#8220;Generazione Arcobaleno. La sfida per l&#39;eguaglianza dei bambini con due mamme&#8221;, i romanzi di Andr\u00e9 Aciman &#8220;Variazioni su un tema originale&#8221;, &#8220;Cercami&#8221; e &#8220;Chiamami con il tuo nome&#8221;, il fumetto &#8220;Anestesia&#8221; di Fumettibrutti&#8230; ed altri ancora.<\/p>\n<p>E, a proposito di scaffali tematici, nella Biblioteca di Turriaco esiste da alcuni anni anche lo &#8220;scaffale multilingue&#8221;, con titoli in lingua originale, prevalentemente inglese e tedesco, per la promozione delle lingue straniere.<\/p>\n","protected":false},"excerpt":{"rendered":"<p>A partire dal 25 novembre<\/p>\n","protected":false},"author":22,"featured_media":35156,"comment_status":"closed","ping_status":"closed","sticky":false,"template":"","format":"standard","meta":{"dwc-title":[],"dwc-content":[],"footnotes":""},"categories":[5],"tags":[],"class_list":["post-35155","post","type-post","status-publish","format-standard","has-post-thumbnail","hentry","category-attualita"],"rttpg_featured_image_url":{"full":["https:\/\/imagazine.it\/wp-content\/uploads\/2024\/01\/37077-1.webp",1000,666,false],"landscape":["https:\/\/imagazine.it\/wp-content\/uploads\/2024\/01\/37077-1.webp",1000,666,false],"portraits":["https:\/\/imagazine.it\/wp-content\/uploads\/2024\/01\/37077-1.webp",1000,666,false],"thumbnail":["https:\/\/imagazine.it\/wp-content\/uploads\/2024\/01\/37077-1-150x150.webp",150,150,true],"medium":["https:\/\/imagazine.it\/wp-content\/uploads\/2024\/01\/37077-1-300x200.webp",300,200,true],"large":["https:\/\/imagazine.it\/wp-content\/uploads\/2024\/01\/37077-1.webp",640,426,false],"thumblist":["https:\/\/imagazine.it\/wp-content\/uploads\/2024\/01\/37077-1.webp",300,200,false],"thumbrelated":["https:\/\/imagazine.it\/wp-content\/uploads\/2024\/01\/37077-1.webp",500,333,false],"meccarouselthumb":["https:\/\/imagazine.it\/wp-content\/uploads\/2024\/01\/37077-1.webp",474,316,false],"gridsquare":["https:\/\/imagazine.it\/wp-content\/uploads\/2024\/01\/37077-1.webp",391,260,false],"tileview":["https:\/\/imagazine.it\/wp-content\/uploads\/2024\/01\/37077-1.webp",300,200,false],"1536x1536":["https:\/\/imagazine.it\/wp-content\/uploads\/2024\/01\/37077-1.webp",1000,666,false],"2048x2048":["https:\/\/imagazine.it\/wp-content\/uploads\/2024\/01\/37077-1.webp",1000,666,false],"newsup-slider-full":["https:\/\/imagazine.it\/wp-content\/uploads\/2024\/01\/37077-1.webp",1000,666,false],"newsup-featured":["https:\/\/imagazine.it\/wp-content\/uploads\/2024\/01\/37077-1.webp",1000,666,false],"newsup-medium":["https:\/\/imagazine.it\/wp-content\/uploads\/2024\/01\/37077-1-720x380.webp",720,380,true],"tptn_thumbnail":["https:\/\/imagazine.it\/wp-content\/uploads\/2024\/01\/37077-1.webp",250,167,false],"sow-carousel-default":["https:\/\/imagazine.it\/wp-content\/uploads\/2024\/01\/37077-1-272x182.webp",272,182,true]},"rttpg_author":{"display_name":"Livio Nonis","author_link":"https:\/\/imagazine.it\/home_desk\/author\/nonis\/"},"rttpg_comment":0,"rttpg_category":"<a href=\"https:\/\/imagazine.it\/home_desk\/category\/attualita\/\" rel=\"category tag\">ATTUALIT\u00c0<\/a>","rttpg_excerpt":"A partire dal 25 novembre","_links":{"self":[{"href":"https:\/\/imagazine.it\/home_desk\/wp-json\/wp\/v2\/posts\/35155","targetHints":{"allow":["GET"]}}],"collection":[{"href":"https:\/\/imagazine.it\/home_desk\/wp-json\/wp\/v2\/posts"}],"about":[{"href":"https:\/\/imagazine.it\/home_desk\/wp-json\/wp\/v2\/types\/post"}],"author":[{"embeddable":true,"href":"https:\/\/imagazine.it\/home_desk\/wp-json\/wp\/v2\/users\/22"}],"replies":[{"embeddable":true,"href":"https:\/\/imagazine.it\/home_desk\/wp-json\/wp\/v2\/comments?post=35155"}],"version-history":[{"count":0,"href":"https:\/\/imagazine.it\/home_desk\/wp-json\/wp\/v2\/posts\/35155\/revisions"}],"wp:featuredmedia":[{"embeddable":true,"href":"https:\/\/imagazine.it\/home_desk\/wp-json\/wp\/v2\/media\/35156"}],"wp:attachment":[{"href":"https:\/\/imagazine.it\/home_desk\/wp-json\/wp\/v2\/media?parent=35155"}],"wp:term":[{"taxonomy":"category","embeddable":true,"href":"https:\/\/imagazine.it\/home_desk\/wp-json\/wp\/v2\/categories?post=35155"},{"taxonomy":"post_tag","embeddable":true,"href":"https:\/\/imagazine.it\/home_desk\/wp-json\/wp\/v2\/tags?post=35155"}],"curies":[{"name":"wp","href":"https:\/\/api.w.org\/{rel}","templated":true}]}}