{"id":35147,"date":"2020-11-29T00:00:00","date_gmt":"2020-11-28T23:00:00","guid":{"rendered":"https:\/\/imagazine.it\/?p=35147"},"modified":"2020-11-29T00:00:00","modified_gmt":"2020-11-28T23:00:00","slug":"turriaco-un-murale-ispirato-a-bocca-di-rosa","status":"publish","type":"post","link":"https:\/\/imagazine.it\/home_desk\/turriaco-un-murale-ispirato-a-bocca-di-rosa\/","title":{"rendered":"Turriaco, un murale ispirato a &#8220;Bocca di Rosa&#8221;"},"content":{"rendered":"<p>In occasione della Giornata Internazionale contro la Violenza sulle Donne e l\u2019Amministrazione comunale di <strong>Turriaco<\/strong>\u00a0aveva avviato l&#39;iter per la realizzazione di un&#39;opera ispirata a questo tema e ideata dallo street artist <strong>Mattia Campo Dall&#39;Orto<\/strong>. Si tratta di un murale che occuper\u00e0 tre facciate della cabina Enel collocata in <strong>via Marconi<\/strong>, in prossimit\u00e0 di uno dei 3 principali ingressi in paese, dove inizia (o termina) la pista ciclabile Faber.<\/p>\n<p>Questa prossimit\u00e0 \u00e8 stata anche ispiratrice del nuovo progetto di creativit\u00e0 urbana innovativa, denominata &#8220;Sopra ogni cosa&#8221;. &#8220;<em>Si chiamava Bocca di Rosa&#8230; metteva l&#39;amore sopra ogni cosa<\/em>&#8220;, cantava Fabrizio De Andr\u00e8 e l\u2019opera pittorica ideata ha come protagonista una donna che si staglia su uno sfondo stellato. Il muro rivolto a est la raffigura con un libro chiuso: ci si potrebbe fermare all\u2019apparenza, ma la vera bellezza di lei, come il libro chiuso stretto tra le sue braccia, \u00e8 celata, poich\u00e9 ogni donna \u00e8 un enigma da scoprire seguendo tempi e modi che nessuno pu\u00f2 forzare. Il muro rivolto a ovest ritrae la stessa donna con un libro aperto le cui pagine si fondono con il cosmo, svelandone la complessit\u00e0 e la profondit\u00e0, mentre i lineamenti del volto appaiono frammentati, meno leggibili. La donna \u00e8 svincolata da categorie o da stereotipi: \u201cSopra ogni cosa\u201d ne evidenzia la natura misteriosa, enigmatica, immensa.<\/p>\n<p>Mattia Campo dall&#39;Orto elabora un&#39;opera dal forte impatto scenografico, ma veicolo di un messaggio delicato, positivo, che parla di passione ma anche di rispetto, che va contro i pregiudizi e difende l\u2019uguaglianza dei diritti, che allude a nuovi spazi e nuove opportunit\u00e0: e che, appunto, mette l&#39;amore sopra ogni cosa.<\/p>\n<p>La figura dell&#39;artista monfalconese freelance non \u00e8 una novit\u00e0 a Turriaco. Sotto la sua regia e con il suo coordinamento, qualche anno fa, l&#39;amministrazione comunale ha coinvolto i richiedenti asilo ospiti dell&#39;allora CAS nella realizzazione dei due murales all&#39;ingresso dello Stadio Minin, attualizzando e internazionalizzando il tema della lotta di resistenza.<\/p>\n<p>E non \u00e8 nuova nemmeno la collaborazione di Mattia Campo dall&#39;Orto con e-distribuzione che ormai pi\u00f9 di un anno fa ha permesso il recupero e la valorizzazione della cabina elettrica a Gradisca d&#39;Isonzo, coniugando valori di sostenibilit\u00e0 ambientale, innovazione e promozione della creativit\u00e0.<\/p>\n<p>In via Marconi il cantiere per la realizzazione dell&#39;opera \u00e8 stato ultimato in vista dell&#39;inaugurazione, tempo permettendo, ipotizzata per la <strong>prima domenica di dicembre<\/strong>, in concomitanza con l&#39;accensione dell&#39;Albero di Natale in Piazza Libert\u00e0, con la presenza dei responsabili del GOAP di Trieste, partner dell&#39;iniziativa, nonch\u00e9 collaboratore per le due edizioni della Cena in Rosso.<\/p>\n","protected":false},"excerpt":{"rendered":"<p>In occasione della Giornata Internazionale contro la Violenza sulle Donne<\/p>\n","protected":false},"author":22,"featured_media":35148,"comment_status":"closed","ping_status":"closed","sticky":false,"template":"","format":"standard","meta":{"dwc-title":[],"dwc-content":[],"footnotes":""},"categories":[37],"tags":[],"class_list":["post-35147","post","type-post","status-publish","format-standard","has-post-thumbnail","hentry","category-cultura-e-spettacolo"],"rttpg_featured_image_url":{"full":["https:\/\/imagazine.it\/wp-content\/uploads\/2024\/01\/37151-1.webp",1000,666,false],"landscape":["https:\/\/imagazine.it\/wp-content\/uploads\/2024\/01\/37151-1.webp",1000,666,false],"portraits":["https:\/\/imagazine.it\/wp-content\/uploads\/2024\/01\/37151-1.webp",1000,666,false],"thumbnail":["https:\/\/imagazine.it\/wp-content\/uploads\/2024\/01\/37151-1-150x150.webp",150,150,true],"medium":["https:\/\/imagazine.it\/wp-content\/uploads\/2024\/01\/37151-1-300x200.webp",300,200,true],"large":["https:\/\/imagazine.it\/wp-content\/uploads\/2024\/01\/37151-1.webp",640,426,false],"thumblist":["https:\/\/imagazine.it\/wp-content\/uploads\/2024\/01\/37151-1.webp",300,200,false],"thumbrelated":["https:\/\/imagazine.it\/wp-content\/uploads\/2024\/01\/37151-1.webp",500,333,false],"meccarouselthumb":["https:\/\/imagazine.it\/wp-content\/uploads\/2024\/01\/37151-1.webp",474,316,false],"gridsquare":["https:\/\/imagazine.it\/wp-content\/uploads\/2024\/01\/37151-1.webp",391,260,false],"tileview":["https:\/\/imagazine.it\/wp-content\/uploads\/2024\/01\/37151-1.webp",300,200,false],"1536x1536":["https:\/\/imagazine.it\/wp-content\/uploads\/2024\/01\/37151-1.webp",1000,666,false],"2048x2048":["https:\/\/imagazine.it\/wp-content\/uploads\/2024\/01\/37151-1.webp",1000,666,false],"newsup-slider-full":["https:\/\/imagazine.it\/wp-content\/uploads\/2024\/01\/37151-1.webp",1000,666,false],"newsup-featured":["https:\/\/imagazine.it\/wp-content\/uploads\/2024\/01\/37151-1.webp",1000,666,false],"newsup-medium":["https:\/\/imagazine.it\/wp-content\/uploads\/2024\/01\/37151-1-720x380.webp",720,380,true],"tptn_thumbnail":["https:\/\/imagazine.it\/wp-content\/uploads\/2024\/01\/37151-1.webp",250,167,false],"sow-carousel-default":["https:\/\/imagazine.it\/wp-content\/uploads\/2024\/01\/37151-1-272x182.webp",272,182,true]},"rttpg_author":{"display_name":"Livio Nonis","author_link":"https:\/\/imagazine.it\/home_desk\/author\/nonis\/"},"rttpg_comment":0,"rttpg_category":"<a href=\"https:\/\/imagazine.it\/home_desk\/category\/cultura-e-spettacolo\/\" rel=\"category tag\">CULTURA&amp;SPETTACOLO<\/a>","rttpg_excerpt":"In occasione della Giornata Internazionale contro la Violenza sulle Donne","_links":{"self":[{"href":"https:\/\/imagazine.it\/home_desk\/wp-json\/wp\/v2\/posts\/35147","targetHints":{"allow":["GET"]}}],"collection":[{"href":"https:\/\/imagazine.it\/home_desk\/wp-json\/wp\/v2\/posts"}],"about":[{"href":"https:\/\/imagazine.it\/home_desk\/wp-json\/wp\/v2\/types\/post"}],"author":[{"embeddable":true,"href":"https:\/\/imagazine.it\/home_desk\/wp-json\/wp\/v2\/users\/22"}],"replies":[{"embeddable":true,"href":"https:\/\/imagazine.it\/home_desk\/wp-json\/wp\/v2\/comments?post=35147"}],"version-history":[{"count":0,"href":"https:\/\/imagazine.it\/home_desk\/wp-json\/wp\/v2\/posts\/35147\/revisions"}],"wp:featuredmedia":[{"embeddable":true,"href":"https:\/\/imagazine.it\/home_desk\/wp-json\/wp\/v2\/media\/35148"}],"wp:attachment":[{"href":"https:\/\/imagazine.it\/home_desk\/wp-json\/wp\/v2\/media?parent=35147"}],"wp:term":[{"taxonomy":"category","embeddable":true,"href":"https:\/\/imagazine.it\/home_desk\/wp-json\/wp\/v2\/categories?post=35147"},{"taxonomy":"post_tag","embeddable":true,"href":"https:\/\/imagazine.it\/home_desk\/wp-json\/wp\/v2\/tags?post=35147"}],"curies":[{"name":"wp","href":"https:\/\/api.w.org\/{rel}","templated":true}]}}