{"id":35143,"date":"2020-11-23T00:00:00","date_gmt":"2020-11-22T23:00:00","guid":{"rendered":"https:\/\/imagazine.it\/?p=35143"},"modified":"2020-11-23T00:00:00","modified_gmt":"2020-11-22T23:00:00","slug":"alberto-de-toni-presidente-del-comitato-che-costruira-luniversita-della-difesa","status":"publish","type":"post","link":"https:\/\/imagazine.it\/home_desk\/alberto-de-toni-presidente-del-comitato-che-costruira-luniversita-della-difesa\/","title":{"rendered":"Alberto De Toni presidente del Comitato che costruir\u00e0 l\u2019Universit\u00e0 della Difesa"},"content":{"rendered":"<p>Il professor <strong>Alberto Felice De Toni<\/strong>, gi\u00e0 rettore dell\u2019Universit\u00e0 di Udine, \u00e8 stato eletto all\u2019unanimit\u00e0 presidente del <strong>Comitato ordinatore<\/strong> della <strong>Scuola superiore ad ordinamento speciale della Difesa<\/strong> (Ssosd). La futura \u201cUniversit\u00e0 della Difesa\u201d, dedicata all\u2019alta qualificazione e ricerca nel campo delle scienze della difesa e della sicurezza, nascer\u00e0 dalla riconfigurazione del Centro alti studi per la Difesa (Casd), presieduto dal generale <strong>Fernando Giancotti<\/strong>, eletto segretario del Comitato.<\/p>\n<p>Compito del Comitato sar\u00e0 quello di attivare l\u2019offerta formativa della Scuola sulla base di un piano strategico, di cui ne curer\u00e0 l\u2019attuazione coordinando tutte le conseguenti attivit\u00e0. De Toni \u00e8 stato designato componente del Comitato dal ministro dell\u2019universit\u00e0 e della ricerca, <strong>Gaetano Manfredi<\/strong>, assieme a Giancotti, <strong>Marina Iaderosa<\/strong>, <strong>Giuseppe Recinto<\/strong> e <strong>Angelo Tursi<\/strong>.<\/p>\n<p>In particolare, la Scuola, prima in Europa tra le scuole militari e differenziante rispetto al Casd, organizzer\u00e0 dei corsi di dottorato di ricerca triennali nell\u2019ambito delle scienze della difesa e sicurezza. I corsi saranno accreditati dall\u2019Agenzia nazionale di valutazione del sistema universitario e della ricerca e si svolgeranno in collaborazione con altri atenei. I corsi di dottorato e le attivit\u00e0 di ricerca, di interesse trasversale, promosse dalla Scuola riguarderanno: lo sviluppo e l\u2019innovazione organizzativa; le scienze strategiche; la dimensione digitale, le tecnologie e la cyber security; gli studi giuridici internazionali per l\u2019innovazione. I corsi, inoltre, saranno disponibili anche a personale della Difesa e della pubblica amministrazione, delle istituzioni nonch\u00e9 a professionisti e dirigenti dell\u2019area industriale e manageriale.<\/p>\n<p>\u00abL\u2019obiettivo \u2013 spiega <strong>De Toni<\/strong>, ordinario di ingegneria economico-gestionale \u2013 \u00e8 fare della Scuola un \u201chub\u201d accademico di alto livello in ambito nazionale e internazionale attrattivo di competenze e capacit\u00e0 trasversali nel campo della ricerca e dell\u2019alta formazione nelle scienze della difesa e della sicurezza provenienti da universit\u00e0, imprese, istituzioni e dal sistema Paese in generale\u00bb.<\/p>\n<p><strong>Domani, marted\u00ec 24 novembre, alle 14.45<\/strong>, ci sar\u00e0 l\u2019<strong>inaugurazione<\/strong> in streaming (sul canale web tv del sito <u><a href=\"http:\/\/www.difesa.it\" target=\"_blank\" rel=\"noopener\">www.difesa.it<\/a><\/u>) dell\u2019<strong>anno accademico <\/strong>del <strong>Centro alti studi per la Difesa<\/strong>. Aprir\u00e0 l\u2019anno accademico il presidente del Casd, Fernando Giancotti, e chiuder\u00e0 il Capo di Stato Maggiore della Difesa, generale Enzo Vecciarelli. La lectio magistralis sar\u00e0 svolta dal ministro Manfredi e sar\u00e0 intitolata: \u201cFormazione, Dirigenza e rilancio del Paese\u201d<\/p>\n","protected":false},"excerpt":{"rendered":"<p>Nominato dal ministro Manfredi<\/p>\n","protected":false},"author":28,"featured_media":35144,"comment_status":"closed","ping_status":"closed","sticky":false,"template":"","format":"standard","meta":{"dwc-title":[],"dwc-content":[],"footnotes":""},"categories":[5],"tags":[],"class_list":["post-35143","post","type-post","status-publish","format-standard","has-post-thumbnail","hentry","category-attualita"],"rttpg_featured_image_url":{"full":["https:\/\/imagazine.it\/wp-content\/uploads\/2024\/01\/37064-1.webp",1000,814,false],"landscape":["https:\/\/imagazine.it\/wp-content\/uploads\/2024\/01\/37064-1.webp",1000,814,false],"portraits":["https:\/\/imagazine.it\/wp-content\/uploads\/2024\/01\/37064-1.webp",1000,814,false],"thumbnail":["https:\/\/imagazine.it\/wp-content\/uploads\/2024\/01\/37064-1-150x150.webp",150,150,true],"medium":["https:\/\/imagazine.it\/wp-content\/uploads\/2024\/01\/37064-1-300x244.webp",300,244,true],"large":["https:\/\/imagazine.it\/wp-content\/uploads\/2024\/01\/37064-1.webp",640,521,false],"thumblist":["https:\/\/imagazine.it\/wp-content\/uploads\/2024\/01\/37064-1.webp",300,244,false],"thumbrelated":["https:\/\/imagazine.it\/wp-content\/uploads\/2024\/01\/37064-1.webp",500,407,false],"meccarouselthumb":["https:\/\/imagazine.it\/wp-content\/uploads\/2024\/01\/37064-1.webp",398,324,false],"gridsquare":["https:\/\/imagazine.it\/wp-content\/uploads\/2024\/01\/37064-1.webp",319,260,false],"tileview":["https:\/\/imagazine.it\/wp-content\/uploads\/2024\/01\/37064-1.webp",300,244,false],"1536x1536":["https:\/\/imagazine.it\/wp-content\/uploads\/2024\/01\/37064-1.webp",1000,814,false],"2048x2048":["https:\/\/imagazine.it\/wp-content\/uploads\/2024\/01\/37064-1.webp",1000,814,false],"newsup-slider-full":["https:\/\/imagazine.it\/wp-content\/uploads\/2024\/01\/37064-1-1000x720.webp",1000,720,true],"newsup-featured":["https:\/\/imagazine.it\/wp-content\/uploads\/2024\/01\/37064-1.webp",1000,814,false],"newsup-medium":["https:\/\/imagazine.it\/wp-content\/uploads\/2024\/01\/37064-1-720x380.webp",720,380,true],"tptn_thumbnail":["https:\/\/imagazine.it\/wp-content\/uploads\/2024\/01\/37064-1.webp",250,204,false],"sow-carousel-default":["https:\/\/imagazine.it\/wp-content\/uploads\/2024\/01\/37064-1-272x182.webp",272,182,true]},"rttpg_author":{"display_name":"redazione","author_link":"https:\/\/imagazine.it\/home_desk\/author\/redazione\/"},"rttpg_comment":0,"rttpg_category":"<a href=\"https:\/\/imagazine.it\/home_desk\/category\/attualita\/\" rel=\"category tag\">ATTUALIT\u00c0<\/a>","rttpg_excerpt":"Nominato dal ministro Manfredi","_links":{"self":[{"href":"https:\/\/imagazine.it\/home_desk\/wp-json\/wp\/v2\/posts\/35143","targetHints":{"allow":["GET"]}}],"collection":[{"href":"https:\/\/imagazine.it\/home_desk\/wp-json\/wp\/v2\/posts"}],"about":[{"href":"https:\/\/imagazine.it\/home_desk\/wp-json\/wp\/v2\/types\/post"}],"author":[{"embeddable":true,"href":"https:\/\/imagazine.it\/home_desk\/wp-json\/wp\/v2\/users\/28"}],"replies":[{"embeddable":true,"href":"https:\/\/imagazine.it\/home_desk\/wp-json\/wp\/v2\/comments?post=35143"}],"version-history":[{"count":0,"href":"https:\/\/imagazine.it\/home_desk\/wp-json\/wp\/v2\/posts\/35143\/revisions"}],"wp:featuredmedia":[{"embeddable":true,"href":"https:\/\/imagazine.it\/home_desk\/wp-json\/wp\/v2\/media\/35144"}],"wp:attachment":[{"href":"https:\/\/imagazine.it\/home_desk\/wp-json\/wp\/v2\/media?parent=35143"}],"wp:term":[{"taxonomy":"category","embeddable":true,"href":"https:\/\/imagazine.it\/home_desk\/wp-json\/wp\/v2\/categories?post=35143"},{"taxonomy":"post_tag","embeddable":true,"href":"https:\/\/imagazine.it\/home_desk\/wp-json\/wp\/v2\/tags?post=35143"}],"curies":[{"name":"wp","href":"https:\/\/api.w.org\/{rel}","templated":true}]}}