{"id":35139,"date":"2020-11-23T00:00:00","date_gmt":"2020-11-22T23:00:00","guid":{"rendered":"https:\/\/imagazine.it\/?p=35139"},"modified":"2020-11-23T00:00:00","modified_gmt":"2020-11-22T23:00:00","slug":"grado-si-completa-la-ciclovia-alpe-adria","status":"publish","type":"post","link":"https:\/\/imagazine.it\/home_desk\/grado-si-completa-la-ciclovia-alpe-adria\/","title":{"rendered":"Grado, si completa la Ciclovia Alpe Adria"},"content":{"rendered":"<p>Il\u00a0<strong>Consiglio comunale di Grado<\/strong>, riunitosi in forma telematica lo scorso 19 novembre, ha approvato la\u00a0<strong>V<\/strong><strong>ariante n. 36<\/strong>\u00a0che prevede la realizzazione di un\u00a0<strong>percorso ciclopedonale lungo la SR 352 nel tratto di competenza del Comune di Grado<\/strong>, ovvero a partire dal termine nella ciclabile esistente sino a intercettare la ciclabile interna alla cittadina (precisamente nel tratto compreso tra la Darsena e lo Squero Camuffo, in prossimit\u00e0 della rotonda di ingresso all&#39;Isola).<\/p>\n<p>Si tratta del completamento dell\u2019Iter necessario affinch\u00e9 FVG Strade, che ha gi\u00e0 presentato un Progetto di Fattibilit\u00e0, possa dar seguito l\u2019iter progettuale per la realizzazione di questa opera.<\/p>\n<p>\u201c<em>Come Comune \u2013 <\/em>ha dichiarato\u00a0<strong>l\u2019assessore ai Lavori Pubblici e Urbanistica Fabio Fabris<\/strong>\u00a0presentando la variante in aula<em> \u2013 abbiamo espletato tutte le procedure di nostra competenza. Si tratta di un\u2019opera importante, che aspettavamo da tempo per permettere ai ciclisti finalmente di percorrere quel tratto in tutta sicurezza<\/em>\u201d.<\/p>\n","protected":false},"excerpt":{"rendered":"<p>Approvata la Variante dal Consiglio comunale<\/p>\n","protected":false},"author":28,"featured_media":35140,"comment_status":"closed","ping_status":"closed","sticky":false,"template":"","format":"standard","meta":{"dwc-title":[],"dwc-content":[],"footnotes":""},"categories":[8],"tags":[],"class_list":["post-35139","post","type-post","status-publish","format-standard","has-post-thumbnail","hentry","category-turismo"],"rttpg_featured_image_url":{"full":["https:\/\/imagazine.it\/wp-content\/uploads\/2024\/01\/37060-1.webp",800,452,false],"landscape":["https:\/\/imagazine.it\/wp-content\/uploads\/2024\/01\/37060-1.webp",800,452,false],"portraits":["https:\/\/imagazine.it\/wp-content\/uploads\/2024\/01\/37060-1.webp",800,452,false],"thumbnail":["https:\/\/imagazine.it\/wp-content\/uploads\/2024\/01\/37060-1-150x150.webp",150,150,true],"medium":["https:\/\/imagazine.it\/wp-content\/uploads\/2024\/01\/37060-1-300x170.webp",300,170,true],"large":["https:\/\/imagazine.it\/wp-content\/uploads\/2024\/01\/37060-1.webp",640,362,false],"thumblist":["https:\/\/imagazine.it\/wp-content\/uploads\/2024\/01\/37060-1.webp",300,170,false],"thumbrelated":["https:\/\/imagazine.it\/wp-content\/uploads\/2024\/01\/37060-1.webp",500,283,false],"meccarouselthumb":["https:\/\/imagazine.it\/wp-content\/uploads\/2024\/01\/37060-1.webp",474,268,false],"gridsquare":["https:\/\/imagazine.it\/wp-content\/uploads\/2024\/01\/37060-1.webp",391,221,false],"tileview":["https:\/\/imagazine.it\/wp-content\/uploads\/2024\/01\/37060-1.webp",300,170,false],"1536x1536":["https:\/\/imagazine.it\/wp-content\/uploads\/2024\/01\/37060-1.webp",800,452,false],"2048x2048":["https:\/\/imagazine.it\/wp-content\/uploads\/2024\/01\/37060-1.webp",800,452,false],"newsup-slider-full":["https:\/\/imagazine.it\/wp-content\/uploads\/2024\/01\/37060-1.webp",800,452,false],"newsup-featured":["https:\/\/imagazine.it\/wp-content\/uploads\/2024\/01\/37060-1.webp",800,452,false],"newsup-medium":["https:\/\/imagazine.it\/wp-content\/uploads\/2024\/01\/37060-1-720x380.webp",720,380,true],"tptn_thumbnail":["https:\/\/imagazine.it\/wp-content\/uploads\/2024\/01\/37060-1.webp",250,141,false],"sow-carousel-default":["https:\/\/imagazine.it\/wp-content\/uploads\/2024\/01\/37060-1-272x182.webp",272,182,true]},"rttpg_author":{"display_name":"redazione","author_link":"https:\/\/imagazine.it\/home_desk\/author\/redazione\/"},"rttpg_comment":0,"rttpg_category":"<a href=\"https:\/\/imagazine.it\/home_desk\/category\/turismo\/\" rel=\"category tag\">TURISMO<\/a>","rttpg_excerpt":"Approvata la Variante dal Consiglio comunale","_links":{"self":[{"href":"https:\/\/imagazine.it\/home_desk\/wp-json\/wp\/v2\/posts\/35139","targetHints":{"allow":["GET"]}}],"collection":[{"href":"https:\/\/imagazine.it\/home_desk\/wp-json\/wp\/v2\/posts"}],"about":[{"href":"https:\/\/imagazine.it\/home_desk\/wp-json\/wp\/v2\/types\/post"}],"author":[{"embeddable":true,"href":"https:\/\/imagazine.it\/home_desk\/wp-json\/wp\/v2\/users\/28"}],"replies":[{"embeddable":true,"href":"https:\/\/imagazine.it\/home_desk\/wp-json\/wp\/v2\/comments?post=35139"}],"version-history":[{"count":0,"href":"https:\/\/imagazine.it\/home_desk\/wp-json\/wp\/v2\/posts\/35139\/revisions"}],"wp:featuredmedia":[{"embeddable":true,"href":"https:\/\/imagazine.it\/home_desk\/wp-json\/wp\/v2\/media\/35140"}],"wp:attachment":[{"href":"https:\/\/imagazine.it\/home_desk\/wp-json\/wp\/v2\/media?parent=35139"}],"wp:term":[{"taxonomy":"category","embeddable":true,"href":"https:\/\/imagazine.it\/home_desk\/wp-json\/wp\/v2\/categories?post=35139"},{"taxonomy":"post_tag","embeddable":true,"href":"https:\/\/imagazine.it\/home_desk\/wp-json\/wp\/v2\/tags?post=35139"}],"curies":[{"name":"wp","href":"https:\/\/api.w.org\/{rel}","templated":true}]}}