{"id":35109,"date":"2020-11-19T00:00:00","date_gmt":"2020-11-18T23:00:00","guid":{"rendered":"https:\/\/imagazine.it\/?p=35109"},"modified":"2020-11-19T00:00:00","modified_gmt":"2020-11-18T23:00:00","slug":"celiberti-a-pordenone-esce-il-catalogo-a-fini-benefici","status":"publish","type":"post","link":"https:\/\/imagazine.it\/home_desk\/celiberti-a-pordenone-esce-il-catalogo-a-fini-benefici\/","title":{"rendered":"Celiberti a Pordenone, esce il catalogo a fini benefici"},"content":{"rendered":"<p>\u201c<em>Ecco una mostra senza biglietti di entrata, senza orari e giornata di chiusura, aperta di giorno e di notte, mutevole al mutar della luce, presente e viva anche nel buio, senza paura della pioggia o del vento, pronta a salutare il sole del primo mattino. Il silenzio solenne delle grandi stele si incrocia coi nitriti, i belati, i gridi di bronzo dei tanti animali disseminati per la Citt\u00e0. Versi mentali, che si sentono con l\u2019anima, su un\u2019altra frequenza dello spirito, non con l\u2019udito<\/em>\u201d.<\/p>\n<p>Cos\u00ec <strong>Alessio Alessandrini<\/strong>, autore della prefazione del catalogo, descrive la mostra <strong><em>Celiberti a Pordenone<\/em><\/strong> che ha portato circa 50 opere del maestro in 15 luoghi cittadini. Realizzata da Pordenone Fiere con la collaborazione dell\u2019Amministrazione Comunale e co-organizzata dalla Fondazione Friuli, con il supporto di ITAS Assicurazioni e Schneider Italia, la mostra \u00e8 stata allestita a gennaio come fuori-salone delle manifestazioni Pordenone Antiquaria e Pordenone Arte e rimarr\u00e0 in citt\u00e0 fino alla fine di aprile 2021. L\u2019iniziativa \u00e8 diventata oggi, con le limitazioni legate all\u2019emergenza sanitaria, l\u2019unica occasione per visitare una mostra d\u2019arte in citt\u00e0 proprio perch\u00e9 si tiene fuori dai luoghi canonici, musei e gallerie, ma all\u2019interno di piazze, strade e cortili.<\/p>\n<p>Sculture monumentali, in gruppo o solitarie, accompagnano il pubblico che passa loro accanto, lo fanno rallentare, gli fanno scoprire nuove prospettive del paesaggio e nuove profondit\u00e0 del proprio animo: dal piccolo monolito di pietra posto davanti al <strong>cinema Verdi,<\/strong> al gregge di pecore e capre che riempie di silenziosi belati il prato del <strong>Parco Galvani<\/strong>.\u00a0 Dal branco di cavalli preistorici in <strong>piazzetta Calderari<\/strong> alla grande croce adagiata sul <strong>sagrato del Duomo<\/strong>, a ricordare la caduta di Cristo nella salita al Calvario. Dal corvo che difende il suo nido in <strong>piazza Risorgimento<\/strong> all\u2019altissimo gufo che vigila sul via vai di <strong>piazza Cavour<\/strong>. Dal grande e drammatico cavallo impennato di <strong>Largo San Giorgio <\/strong>alle stele che danno il benvenuto a Pordenone quasi sulla <strong>riva verde del Noncello<\/strong>.<\/p>\n<p>Tutte queste opere sono state fotografate nel dettaglio e nella loro ambientazione urbana e inserite all\u2019interno del catalogo che \u00e8 stato stampato in ricordo di questo storico evento per Pordenone. Il volume \u00e8 stato presentato oggi con un evento virtuale in diretta Facebook. Erano collegati attraverso la piattaforma Zoom: <strong>Renato Pujatti<\/strong>, presidente di Pordenone Fiere, <strong>Eligio Grizzo<\/strong>, vicesindaco di Pordenone, <strong>Giuseppe Morandini<\/strong>, presidente Fondazione Friuli e il maestro <strong>Giorgio Celiberti<\/strong> che proprio in questa giornata festeggia il 91esimo compleanno.<\/p>\n<p>La figura di Celiberti viene presentata con tanta profondit\u00e0 nel catalogo attraverso l\u2019introduzione del giornalista Luigi Mascheroni che descrive una giornata di lavoro nel suo studio. \u201c<em>Sono felice di questa mostra a Pordenone, una citt\u00e0 che ho sempre amato e ringrazio tutti voi che avete ospitato con tanta gentilezza le mie opere<\/em> \u2013 le parole di Giorgio Celiberti durante la presentazione \u2013. <em>Sono al lavoro per preparare un libro dal titolo \u201cIl sacro nell\u2019arte di Celiberti\u201d. Un\u2019idea che sto elaborando da un po\u2019 di tempo e conto di realizzarlo entro i primi mesi del prossimo anno\u201d<\/em>.<\/p>\n<p>\u201c<em>Quando abbiamo pensato a questa mostra nel 2019 \u2013 <\/em>il commento di <strong>Renato Pujatti<\/strong> presidente di Pordenone Fiere<em> \u2013 non avevamo idea di quello che sarebbe successo al mondo con l\u2019arrivo del virus. Mi piace pensare che forse queste opere siano state un aiuto a superare i momenti pi\u00f9 bui per i pordenonesi che ci passavano accanto o che le guardavano dalle loro finestre. Sono convinto che l\u2019arte, veicolo di bellezza attraverso l\u2019opera degli artisti, pu\u00f2 infondere conforto, gioia, speranza nell\u2019animo di tutti. Il catalogo che presentiamo oggi rester\u00e0 a ricordo di questa storica mostra per la nostra citt\u00e0 che amplia e da un nuovo significato alla mission di Pordenone Fiere, \u201cEnergia per il Territorio\u201d. Vogliamo essere un motore di crescita per la nostra comunit\u00e0 non solo offrendo occasioni di business agli imprenditori ma anche diffondendo arte e bellezza\u201d<\/em>. <em>\u201cLa mostra a cielo aperto delle splendide sculture di Celiberti <\/em>\u2013 sottolinea il vicesindaco <strong>Eligio Grizzo<\/strong> \u2013<em> risponde perfettamente a quell&#39;idea di arte e cultura diffuse e aperte che ci piace. Un&#39;arte che esce dal contesto museale per abbellire e valorizzare il contesto urbano, le vie e le piazze. Ringraziamo di cuore l&#39;artista per aver scelto Pordenone\u201d.<\/em><\/p>\n<p><a href=\"http:\/\/imagazinevideotruck.it\/outlet\/relink_euro.html\" target=\"_top\" rel=\"noopener\"><img loading=\"lazy\" decoding=\"async\" align=\"LEFT\" height=\"250\" src=\"http:\/\/imagazinevideotruck.it\/outlet\/euromobili_banner_art.jpg\" width=\"300\" alt=\"\" title=\"\"><\/a><\/p>\n<p>\u00a0<\/p>\n<p>\u00a0<\/p>\n<p>\u00a0<\/p>\n<p>\u00a0<\/p>\n<p>\u00a0<\/p>\n<p>\u00a0<\/p>\n<p>\u00a0<\/p>\n<p>\u00a0<\/p>\n<p>\u00a0<\/p>\n<p><em>\u201cComplimenti per la qualit\u00e0 del vostro lavoro, presidente Pujatti, e per la capacit\u00e0 di integrare l\u2019attivit\u00e0 della fiera con iniziative culturali come questa\u201d, <\/em>afferma il presidente della Fondazione Friuli, <strong>Giuseppe Morandini<\/strong>.<\/p>\n<p>Il catalogo sar\u00e0 distribuito da Pordenone Fiere e i proventi saranno destinati alla Fondazione CRO di Aviano.<\/p>\n","protected":false},"excerpt":{"rendered":"<p>Proventi destinati alla Fondazione CRO di Aviano<\/p>\n","protected":false},"author":28,"featured_media":35110,"comment_status":"closed","ping_status":"closed","sticky":false,"template":"","format":"standard","meta":{"dwc-title":[],"dwc-content":[],"footnotes":""},"categories":[37],"tags":[],"class_list":["post-35109","post","type-post","status-publish","format-standard","has-post-thumbnail","hentry","category-cultura-e-spettacolo"],"rttpg_featured_image_url":{"full":["https:\/\/imagazine.it\/wp-content\/uploads\/2024\/01\/37023-1.webp",1000,667,false],"landscape":["https:\/\/imagazine.it\/wp-content\/uploads\/2024\/01\/37023-1.webp",1000,667,false],"portraits":["https:\/\/imagazine.it\/wp-content\/uploads\/2024\/01\/37023-1.webp",1000,667,false],"thumbnail":["https:\/\/imagazine.it\/wp-content\/uploads\/2024\/01\/37023-1-150x150.webp",150,150,true],"medium":["https:\/\/imagazine.it\/wp-content\/uploads\/2024\/01\/37023-1-300x200.webp",300,200,true],"large":["https:\/\/imagazine.it\/wp-content\/uploads\/2024\/01\/37023-1.webp",640,427,false],"thumblist":["https:\/\/imagazine.it\/wp-content\/uploads\/2024\/01\/37023-1.webp",300,200,false],"thumbrelated":["https:\/\/imagazine.it\/wp-content\/uploads\/2024\/01\/37023-1.webp",500,334,false],"meccarouselthumb":["https:\/\/imagazine.it\/wp-content\/uploads\/2024\/01\/37023-1.webp",474,316,false],"gridsquare":["https:\/\/imagazine.it\/wp-content\/uploads\/2024\/01\/37023-1.webp",391,260,false],"tileview":["https:\/\/imagazine.it\/wp-content\/uploads\/2024\/01\/37023-1.webp",300,200,false],"1536x1536":["https:\/\/imagazine.it\/wp-content\/uploads\/2024\/01\/37023-1.webp",1000,667,false],"2048x2048":["https:\/\/imagazine.it\/wp-content\/uploads\/2024\/01\/37023-1.webp",1000,667,false],"newsup-slider-full":["https:\/\/imagazine.it\/wp-content\/uploads\/2024\/01\/37023-1.webp",1000,667,false],"newsup-featured":["https:\/\/imagazine.it\/wp-content\/uploads\/2024\/01\/37023-1.webp",1000,667,false],"newsup-medium":["https:\/\/imagazine.it\/wp-content\/uploads\/2024\/01\/37023-1-720x380.webp",720,380,true],"tptn_thumbnail":["https:\/\/imagazine.it\/wp-content\/uploads\/2024\/01\/37023-1.webp",250,167,false],"sow-carousel-default":["https:\/\/imagazine.it\/wp-content\/uploads\/2024\/01\/37023-1-272x182.webp",272,182,true]},"rttpg_author":{"display_name":"redazione","author_link":"https:\/\/imagazine.it\/home_desk\/author\/redazione\/"},"rttpg_comment":0,"rttpg_category":"<a href=\"https:\/\/imagazine.it\/home_desk\/category\/cultura-e-spettacolo\/\" rel=\"category tag\">CULTURA&amp;SPETTACOLO<\/a>","rttpg_excerpt":"Proventi destinati alla Fondazione CRO di Aviano","_links":{"self":[{"href":"https:\/\/imagazine.it\/home_desk\/wp-json\/wp\/v2\/posts\/35109","targetHints":{"allow":["GET"]}}],"collection":[{"href":"https:\/\/imagazine.it\/home_desk\/wp-json\/wp\/v2\/posts"}],"about":[{"href":"https:\/\/imagazine.it\/home_desk\/wp-json\/wp\/v2\/types\/post"}],"author":[{"embeddable":true,"href":"https:\/\/imagazine.it\/home_desk\/wp-json\/wp\/v2\/users\/28"}],"replies":[{"embeddable":true,"href":"https:\/\/imagazine.it\/home_desk\/wp-json\/wp\/v2\/comments?post=35109"}],"version-history":[{"count":0,"href":"https:\/\/imagazine.it\/home_desk\/wp-json\/wp\/v2\/posts\/35109\/revisions"}],"wp:featuredmedia":[{"embeddable":true,"href":"https:\/\/imagazine.it\/home_desk\/wp-json\/wp\/v2\/media\/35110"}],"wp:attachment":[{"href":"https:\/\/imagazine.it\/home_desk\/wp-json\/wp\/v2\/media?parent=35109"}],"wp:term":[{"taxonomy":"category","embeddable":true,"href":"https:\/\/imagazine.it\/home_desk\/wp-json\/wp\/v2\/categories?post=35109"},{"taxonomy":"post_tag","embeddable":true,"href":"https:\/\/imagazine.it\/home_desk\/wp-json\/wp\/v2\/tags?post=35109"}],"curies":[{"name":"wp","href":"https:\/\/api.w.org\/{rel}","templated":true}]}}