{"id":35105,"date":"2020-11-19T00:00:00","date_gmt":"2020-11-18T23:00:00","guid":{"rendered":"https:\/\/imagazine.it\/?p=35105"},"modified":"2020-11-19T00:00:00","modified_gmt":"2020-11-18T23:00:00","slug":"a-trieste-la-notte-europea-dei-ricercatori","status":"publish","type":"post","link":"https:\/\/imagazine.it\/home_desk\/a-trieste-la-notte-europea-dei-ricercatori\/","title":{"rendered":"A Trieste la Notte Europea dei Ricercatori"},"content":{"rendered":"<p>Il <strong>26, 27 e 28 novembre <\/strong>Trieste ospita <strong>la Notte dei Ricercatori<\/strong>. Esclusivamente online, torna l&#39;evento internazionale, promosso dalla Commissione Europea, che vede coinvolti migliaia di ricercatori in centinaia di citt\u00e0 europee. Il pubblico potr\u00e0 seguire le diverse attivit\u00e0 da casa (o da scuola): distanziati ma partecipi di un evento collettivo.<\/p>\n<p>La Notte dei Ricercatori di Trieste \u00e8 parte del progetto <strong>SHARPER &#8211; SHAring Researchers\u2019 Passion for Evolving Responsibilities<\/strong> che coinvolge tredici citt\u00e0 italiane (Ancona, Cagliari, Camerino, Catania, L&#39;Aquila, Macerata, Nuoro, Palermo, Pavia, Perugia, Terni, Torino e Trieste).<\/p>\n<p>A <strong>Trieste<\/strong> capofila di SHARPER \u00e8 l&#39;<strong>Immaginario Scientifico<\/strong>, che organizza l&#39;evento assieme al<strong> Comune di Trieste<\/strong> e agli enti scientifici del <strong>Protocollo d&#39;Intesa Trieste Citt\u00e0 della Conoscenza<\/strong>.<\/p>\n<p>L&#39;evento \u00e8 stato presentato oggi in <strong>conferenza stampa<\/strong> su Zoom, da <strong>Angela Brandi<\/strong>, assessore alla Scuola, Educazione, Universit\u00e0 e Ricerca, Decentramento, del Comune di Trieste, e da <strong>Serena Mizzan<\/strong>, direttrice dell&#39;Immaginario Scientifico.<\/p>\n<p>Il <strong>filo conduttore di questa edizione della Notte saranno i Sustainable Development Goals<\/strong>. I 17 Obiettivi di Sviluppo Sostenibile adottati da tutti gli Stati membri delle Nazioni Unite per porre fine alla povert\u00e0, alla disuguaglianza, ai cambiamenti climatici e ad altri problemi di portata globale e per garantire che tutte le persone godano di pace e prosperit\u00e0 entro il 2030.<\/p>\n<p>SHARPER Trieste prender\u00e0 il via gioved\u00ec <strong>26 novembre<\/strong>, alle 18, con l&#39;incontro <strong>A.I. e propriet\u00e0 intellettuale: scenari attuali e futuribili<\/strong>, a cura di Science Park. Brevetti, intelligenza artificiale e scienze sociali: in che modo sono interconnessi? Sar\u00e0 un\u2019occasione di confronto sulla propriet\u00e0 intellettuale e su come mutano i suoi ambiti di utilizzo con il mutare della societ\u00e0 e dall\u2019innovazione tecnologica. Ne parleranno <strong>Alessandro Delfanti<\/strong>, professore associato presso l\u2019University of Toronto e autore del libro di prossima uscita <em>The Warehouse: Humans and Robots at Amazon<\/em>, e <strong>Guido Moradei<\/strong>, Presidente di AIDB &#8211; Associazione Italiana Documentalisti Brevettuali.<\/p>\n<p>L&#39;incontro si svolger\u00e0 nella nuova sede dell&#39;Immaginario Scientifico, al Magazzino 26 del Porto Vecchio, e sar\u00e0 in diretta streaming su <u><a href=\"http:\/\/www.immaginarioscientifico.it\/\" target=\"_blank\" rel=\"noopener\">www.immaginarioscientifico.it<\/a><\/u> \u00a0<\/p>\n<p><a href=\"http:\/\/imagazinevideotruck.it\/outlet\/relink_euro.html\" target=\"_top\" rel=\"noopener\"><img loading=\"lazy\" decoding=\"async\" align=\"LEFT\" height=\"250\" src=\"http:\/\/imagazinevideotruck.it\/outlet\/euromobili_banner_art.jpg\" width=\"300\" alt=\"\" title=\"\"><\/a><\/p>\n<p>\u00a0<\/p>\n<p>\u00a0<\/p>\n<p>\u00a0<\/p>\n<p>\u00a0<\/p>\n<p>\u00a0<\/p>\n<p>\u00a0<\/p>\n<p>\u00a0<\/p>\n<p>\u00a0<\/p>\n<p>\u00a0<\/p>\n<p>A seguire, sempre in live streaming, la cerimonia di consegna dei <strong>Premi Bernardo Nobile 2020<\/strong>, i riconoscimenti che vengono conferiti ogni anno per tesi di laurea o dottorato che danno risalto all\u2019utilizzo dei brevetti come fonte di informazione.<\/p>\n<p>Venerd\u00ec <strong>27 novembre<\/strong> si inizier\u00e0 alle 9 del mattino con i<strong> tour virtuali<\/strong> <strong>\u201cNel cuore della ricerca\u201d<\/strong> di tre enti di eccellenza locali: <strong>Elettra<\/strong>, la macchina di luce di sincrotrone, un centro di ricerca internazionale multidisciplinare di eccellenza specializzato nella generazione di luce di sincrotrone e di laser ad elettroni liberi di alta qualit\u00e0 e nelle sue applicazioni nelle scienze dei materiali e della vita; <strong>ICGEB<\/strong>, il Centro Internazionale di Ingegneria Genetica e Biotecnologie, un centro di eccellenza per la ricerca e la formazione, che consente agli scienziati dei Paesi in via di sviluppo di operare a contatto con i migliori esperti nel mondo nei diversi settori delle scienze della vita; <strong>INAF<\/strong>, la sede storica dell&#39;Osservatorio Astronomico di Trieste al Castello Basevi che ospita, tra l&#39;altro, un&#39;importante biblioteca scientifica e il telescopio Reinfelder, uno strumento storico di grandissimo valore.<\/p>\n<p>I tour, condotti dai ricercatori, saranno in diretta streaming sul sito dell&#39;Immaginario Scientifico, e potranno essere fruiti anche dalle scuole.<\/p>\n<p>Alle 15 ancora un tour virtuale, ma al di fuori dei confini nazionali: <strong>in diretta dal<\/strong> <strong>CERN di Ginevra<\/strong>, si scender\u00e0 100 metri sotto terra per vedere il Compact Muon Solenoid, uno dei quattro grandi esperimenti di fisica delle particelle collocato all\u2019interno dell\u2019acceleratore di protoni LHC. L\u2019esperimento, con il quale \u00e8 stato possibile osservare per la prima volta il bosone di Higgs nel 2012, \u00e8 oggi attivo nella ricerca di nuovi fenomeni della natura come ad esempio le elusive particelle che compongono la Materia Oscura.<\/p>\n<p>Il tour, a cura di INFN &#8211; Sezione di Trieste e Universit\u00e0 di Trieste, si svolger\u00e0 sulla piattaforma Zoom, con iscrizione tramite form online sul sito dell&#39;Immaginario Scientifico.<\/p>\n<p>Alle 15.20 prender\u00e0 il via l&#39;evento principale della manifestazione, la maratona di incontri brevi <strong>A tu per tu con i ricercatori: inseguendo gli Obiettivi.<\/strong> In diretta dalla nuova sede dell&#39;Immaginario Scientifico, ricercatrici e ricercatori si avvicenderanno in 15 incontri di circa 30 minuti ciascuno, per raccontare il loro lavoro e il ruolo della ricerca per un mondo pi\u00f9 sicuro, giusto e sostenibile. Gli incontri saranno presentati da una squadra di giornalisti, comunicatori e divulgatori scientifici. Sar\u00e0 possibile seguire la maratona di incontri in diretta streaming sul sito <u><a href=\"http:\/\/www.immaginarioscientifico.it\/\" target=\"_blank\" rel=\"noopener\">www.immaginarioscientifico.it<\/a><\/u>.<\/p>\n<p>Nel primo appuntamento, <strong>Il mondo tra 10 anni. Gli obiettivi delle Nazioni Unite\u00a0 al 2030<\/strong>, alle ore 15.30, <strong>Max Paoli<\/strong> della TWAS inquadrer\u00e0 il contesto: sovrappopolamento, scarse risorse idriche, eccessiva richiesta di energia, un gap ancora maggiore nell&#39;accesso all&#39;istruzione, fra poveri e ricchi e nell&#39;uguaglianza di genere. Ma se riuscissimo a &#8220;essere bravi&#8221;? Se ci impegnassimo davvero a raggiungere gli Obiettivi dello Sviluppo Sostenibile?<\/p>\n<p>L&#39;attuazione dell&#39;Agenda ONU 2030 richiede anche un solido quadro di indicatori e <strong>dati statistici<\/strong>, che consenta il continuo monitoraggio dei suoi obiettivi e una corretta informazione a tutti gli stakeholders. Alle 22 <strong>Roberto Costa<\/strong> e <strong>Elena Marchesich<\/strong>, della Sede territoriale Istat per il Friuli Venezia Giulia, racconteranno come \u00e8 organizzato il sistema di indicatori in Italia, con un focus sull\u2019obiettivo 5 \u201cParit\u00e0 di genere\u201d.<\/p>\n<p><a href=\"http:\/\/imagazinevideotruck.it\/outlet\/relink.html\" target=\"_top\" rel=\"noopener\"><img loading=\"lazy\" decoding=\"async\" align=\"LEFT\" height=\"250\" src=\"http:\/\/imagazinevideotruck.it\/outlet\/outlet30.gif\" width=\"300\" alt=\"\" title=\"\"><\/a><\/p>\n<p>\u00a0<\/p>\n<p>\u00a0<\/p>\n<p>\u00a0<\/p>\n<p>\u00a0<\/p>\n<p>\u00a0<\/p>\n<p>\u00a0<\/p>\n<p>\u00a0<\/p>\n<p>\u00a0<\/p>\n<p>\u00a0<\/p>\n<p><strong>Ricercatori in fuga per la libert\u00e0<\/strong>: \u00e8 il titolo dell&#39;incontro delle 21.30, con <strong>Roberta Altin<\/strong>, docente di Antropologia culturale all&#39;Universit\u00e0 di Trieste, e <strong>Feras Kharrat<\/strong>, dottorando di Medicina all\u2019Ateneo triestino. L\u2019intervento affronter\u00e0 il tema delle migrazioni forzate e della libert\u00e0 accademica in un momento storico di crisi, per sottolineare l\u2019importanza di una rete scientifica internazionale a sostegno di studenti e studiosi in situazioni di rischio.<\/p>\n<p>Nel corso dell\u2019evento, ampio spazio sar\u00e0 dato alla <strong>ricerca in campo medico<\/strong>. Nell&#39;intervento <em>La battaglia del corpo<\/em>, <strong>Federica Benvenuti<\/strong> (Group Leader Cellular Immunology di ICGEB), alle 16, affronter\u00e0 il comportamento del sistema immunitario nelle malattie autoimmuni, approfondendo i meccanismi che le scatenano.<\/p>\n<p>Alle 16.30 <strong>Nicol\u00f2 de Manzini<\/strong> (Direttore UCO di Clinica Chirurgica dell&#39;Universit\u00e0 di Trieste) parler\u00e0 del ruolo fondamentale della prevenzione e dell&#39;educazione per migliorare e personalizzare le cure contro i tumori.<\/p>\n<p>E ancora, <strong>Natalia Rosso<\/strong> della Fondazione Italiana Fegato, alle 19, approfondir\u00e0 il tema di <em>Mangio ergo sum<\/em>, cio\u00e8 di come le nostre scelte alimentari ci definiscono e influenzano. Mentre alle 20.30 <strong>Anna Morgan<\/strong> (IRCCS Burlo Garofolo) far\u00e0 un intervento sull&#39;importanza dei sensi e su come le informazioni presenti nel nostro DNA possano modificare le nostre capacit\u00e0 sensoriali, influendo sulle nostre preferenze alimentari, sulla capacit\u00e0 di percepire gli odori o di sentire i suoni, condizionando in ultima analisi il nostro stato di salute.<\/p>\n<p>Dalla salute all&#39;<strong>inquinamento<\/strong>, in particolare quello marino, di cui discuteranno alle 17.30 le ricercatrici <strong>Chiara Altobelli<\/strong> e <strong>Alessandra Giorgetti<\/strong> di OGS, evidenziando come la condivisione a livello internazionale delle metodologie di raccolta, analisi, archiviazione ed elaborazione dei dati di monitoraggio sia l&#39;imprescindibile punto di partenza per produrre le corrette informazioni a supporto delle politiche in difesa del mare.<\/p>\n<p>Dal mare allo spazio, anzi <strong>Spazio 4.0<\/strong>, alle 19.30, con <strong>Fabrizio Fiore<\/strong>, dell\u2019INAF-Osservatorio Astronomico di Trieste: quando l\u2019uomo arriv\u00f2 sulla Luna, nel 1969, opinione comune era che i decenni successivi avrebbero visto astronavi sfrecciare per tutto il Sistema Solare. Non \u00e8 andata cos\u00ec, lo spazio \u00e8 stato per anni riserva di pochi governi e di poche grandi industrie. Solo molto tempo dopo \u00e8 diventato un\u2019arena che ospita migliaia di attori, industrie grandi, medie e piccole, universit\u00e0 e centri di ricerca, e nuovi Paesi che si affacciano all\u2019esplorazione e all&#39;utilizzo dello spazio per la prima volta. Lo spazio sta davvero diventando l\u2019ultima frontiera.<\/p>\n<p>Dei nuovi orizzonti nel campo dell&#39;astrofisica dei raggi gamma parler\u00e0 alle 22.30 <strong>Francesco Longo<\/strong>, docente di Fisica all&#39;Universit\u00e0 di Trieste e ricercatore presso INFN nell&#39;intervento <strong>Pi\u00f9 veloci della luce<\/strong>: Le sorgenti gamma di altissima energia si osservano da terra grazie a particolari telescopi che sfruttano il cosiddetto \u201ceffetto Cherenkov&#8221; dal nome dello studioso che lo ha studiato. Le particelle generate in atmosfera dal raggio gamma di origine celeste viaggiano in aria a velocit\u00e0 maggiori di quella della stessa luce. I telescopi gamma usano questo effetto per guardare il cielo. Un viaggio verso un universo ancora per gran parte sconosciuto.<\/p>\n<p>Alla maratona di SHARPER Trieste non potranno mancare le <strong>nuove tecnologie<\/strong>: alle 18.30 <strong>Fabrizio Manzino<\/strong> e <strong>Dunia Giomo<\/strong> (rispettivamente di Cynexo e del Time Perception Lab di SISSA) racconteranno di come sensori, software e sistemi di intelligenza artificiale una volta personalizzati consentano ai ricercatori di realizzare gli esperimenti che desiderano.<\/p>\n<p>L&#39;<em>Internet of Things, <\/em>l\u2019insieme di dispositivi interconnessi che comunicano con Internet, sar\u00e0 al centro dell&#39;incontro delle 20 con <strong>Ermanno Pietrosemoli<\/strong> e <strong>Marco Zennaro<\/strong>, del Laboratorio di telecomunicazioni e tecnologie della comunicazione per lo sviluppo del Centro Internazionale di Fisica Teorica: un settore che ha avuto una rapida crescita negli ultimi anni e rappresenta anche un&#39;incredibile opportunit\u00e0 per contribuire a realizzare il programma dell&#39;Agenda 2030 nell\u2019ambito delle applicazioni commerciali e industriali e della sostenibilit\u00e0.<\/p>\n<p>Alle 21 <strong>Ilaria Carlomagno<\/strong>, di Elettra Sincrotrone Trieste racconter\u00e0 di come, sebbene conosciamo i <strong>raggi X<\/strong> dalla fine del XIX secolo, non abbiamo neanche lontanamente raggiunto il limite del loro potenziale applicativo. Grazie alla vasta gamma di applicazioni e alla forte complementarit\u00e0 delle tecniche disponibili presso i sincrotroni, la ricerca scientifica \u00e8 in grado di rispondere a diverse sfide attuali che riguardano la salute, l\u2019ambiente, l\u2019inquinamento e la produzione di energia, solo per citarne alcune.<\/p>\n<p>Sullo sviluppo tecnologico sono incentrate anche le <strong>Tech Stories 2<\/strong>, la seconda \u201cstagione\u201d della mini serie web realizzata da Area Science Park. In anteprima a SHARPER Trieste si potranno scoprire i nuovi \u201cepisodi\u201d, le nuove storie, le sfide e le aspirazioni dalla voce di ricercatori e imprenditori alla costante ricerca di soluzioni che migliorino la qualit\u00e0 della nostra vita. Alle 17 ci saranno <strong>Martino Jerian<\/strong>, di Amped Srl, leader mondiale nella tecnologia video forense; <strong>Davide Russo<\/strong>, di Idrostudi Srl, che sviluppa progetti e soluzioni ecosostenibili e affidabili per l&#39;utilizzo condiviso e razionale della risorsa acqua; <strong>Pablo Apiolazza<\/strong>, di APZmedia, autore e regista di Tech Stories. Alle 18.00 sar\u00e0 invece il turno delle \u201cstories\u201d di Carlos Coda Zabetta, di Bilimetrix Srl, specializzata in kit diagnostici a basso costo; <strong>Federico Urban<\/strong>, di PLUS Srl, attivo nella sperimentazione e sviluppo di tecnologie informatiche attraverso il machine learning e l\u2019intelligenza artificiale con applicazioni nei settori automobilistico e biotech; <strong>Marco Francese<\/strong>, di Shoreline Scarl, che opera nel settore dei servizi e delle tecnologie per la gestione, la tutela e lo sfruttamento dell\u2019ambiente marino.<\/p>\n<p>SHARPER Trieste si chiuder\u00e0 <strong>sabato 28 novembre<\/strong>, con i <strong>giochi di scienza&#8230; a distanza<\/strong>: sessioni di gioco su zoom, in cui i partecipanti potranno divertirsi e mettersi alla prova, assieme ai ricercatori. I giochi, guidati dai ricercatori, si svolgeranno su Zoom, con prenotazioni da effettuare online su <u><a href=\"http:\/\/www.immaginarioscientifico.it\" target=\"_blank\" rel=\"noopener\">www.immaginarioscientifico.it<\/a><\/u>.<\/p>\n<p>Alle 10 il gioco <em>Fish N&#39;Ships<\/em>, a cura di OGS e adatto ad adulti e ragazzi da 14 anni in su, permette di conoscere molte specie marine e diverse attivit\u00e0 di pesca, per capire come funziona l\u2019ecosistema e quali impatti antropici e naturali lo influenzano. Il gioco sar\u00e0 guidato da <strong>Simone Libralato<\/strong>, ricercatore Sezione di Oceanografia di OGS e da <strong>Diego Manna<\/strong>, titolare di White Cocal Press.<\/p>\n<p><em>Un cruciverba per il clima<\/em>, alle 11.45, sar\u00e0 l&#39;occasione per chi ha pi\u00f9 di 14 anni per mettersi alla prova su argomenti come oceani, clima e riscaldamento globale, attraverso le parole crociate.<\/p>\n<p>Il gioco sar\u00e0 condotto da <strong>Elisa Banchi<\/strong> e <strong>Annalisa Franzo<\/strong>, entrambe di OGS di Trieste (sezione di Oceanografia).<\/p>\n<p>E per concludere, alle 15, punteremo sugli <em>Oroscopi energetici<\/em>: <strong>Francesco Longo<\/strong> e <strong>Giacomo Principe<\/strong> (INFN Sezione di Trieste) forniranno degli oroscopi speciali, grazie alle nuove costellazioni immaginate a partire dalle sorgenti gamma dell\u2019Universo.<\/p>\n","protected":false},"excerpt":{"rendered":"<p>Dal 26 al 28 novembre<\/p>\n","protected":false},"author":28,"featured_media":35106,"comment_status":"closed","ping_status":"closed","sticky":false,"template":"","format":"standard","meta":{"dwc-title":[],"dwc-content":[],"footnotes":""},"categories":[37],"tags":[],"class_list":["post-35105","post","type-post","status-publish","format-standard","has-post-thumbnail","hentry","category-cultura-e-spettacolo"],"rttpg_featured_image_url":{"full":["https:\/\/imagazine.it\/wp-content\/uploads\/2024\/01\/37015-1.webp",1920,1177,false],"landscape":["https:\/\/imagazine.it\/wp-content\/uploads\/2024\/01\/37015-1.webp",1920,1177,false],"portraits":["https:\/\/imagazine.it\/wp-content\/uploads\/2024\/01\/37015-1.webp",1920,1177,false],"thumbnail":["https:\/\/imagazine.it\/wp-content\/uploads\/2024\/01\/37015-1-150x150.webp",150,150,true],"medium":["https:\/\/imagazine.it\/wp-content\/uploads\/2024\/01\/37015-1-300x184.webp",300,184,true],"large":["https:\/\/imagazine.it\/wp-content\/uploads\/2024\/01\/37015-1-1024x628.webp",640,393,true],"thumblist":["https:\/\/imagazine.it\/wp-content\/uploads\/2024\/01\/37015-1.webp",300,184,false],"thumbrelated":["https:\/\/imagazine.it\/wp-content\/uploads\/2024\/01\/37015-1.webp",500,307,false],"meccarouselthumb":["https:\/\/imagazine.it\/wp-content\/uploads\/2024\/01\/37015-1.webp",474,291,false],"gridsquare":["https:\/\/imagazine.it\/wp-content\/uploads\/2024\/01\/37015-1.webp",391,240,false],"tileview":["https:\/\/imagazine.it\/wp-content\/uploads\/2024\/01\/37015-1.webp",300,184,false],"1536x1536":["https:\/\/imagazine.it\/wp-content\/uploads\/2024\/01\/37015-1-1536x942.webp",1536,942,true],"2048x2048":["https:\/\/imagazine.it\/wp-content\/uploads\/2024\/01\/37015-1.webp",1920,1177,false],"newsup-slider-full":["https:\/\/imagazine.it\/wp-content\/uploads\/2024\/01\/37015-1-1280x720.webp",1280,720,true],"newsup-featured":["https:\/\/imagazine.it\/wp-content\/uploads\/2024\/01\/37015-1-1024x628.webp",1024,628,true],"newsup-medium":["https:\/\/imagazine.it\/wp-content\/uploads\/2024\/01\/37015-1-720x380.webp",720,380,true],"tptn_thumbnail":["https:\/\/imagazine.it\/wp-content\/uploads\/2024\/01\/37015-1.webp",250,153,false],"sow-carousel-default":["https:\/\/imagazine.it\/wp-content\/uploads\/2024\/01\/37015-1-272x182.webp",272,182,true]},"rttpg_author":{"display_name":"redazione","author_link":"https:\/\/imagazine.it\/home_desk\/author\/redazione\/"},"rttpg_comment":0,"rttpg_category":"<a href=\"https:\/\/imagazine.it\/home_desk\/category\/cultura-e-spettacolo\/\" rel=\"category tag\">CULTURA&amp;SPETTACOLO<\/a>","rttpg_excerpt":"Dal 26 al 28 novembre","_links":{"self":[{"href":"https:\/\/imagazine.it\/home_desk\/wp-json\/wp\/v2\/posts\/35105","targetHints":{"allow":["GET"]}}],"collection":[{"href":"https:\/\/imagazine.it\/home_desk\/wp-json\/wp\/v2\/posts"}],"about":[{"href":"https:\/\/imagazine.it\/home_desk\/wp-json\/wp\/v2\/types\/post"}],"author":[{"embeddable":true,"href":"https:\/\/imagazine.it\/home_desk\/wp-json\/wp\/v2\/users\/28"}],"replies":[{"embeddable":true,"href":"https:\/\/imagazine.it\/home_desk\/wp-json\/wp\/v2\/comments?post=35105"}],"version-history":[{"count":0,"href":"https:\/\/imagazine.it\/home_desk\/wp-json\/wp\/v2\/posts\/35105\/revisions"}],"wp:featuredmedia":[{"embeddable":true,"href":"https:\/\/imagazine.it\/home_desk\/wp-json\/wp\/v2\/media\/35106"}],"wp:attachment":[{"href":"https:\/\/imagazine.it\/home_desk\/wp-json\/wp\/v2\/media?parent=35105"}],"wp:term":[{"taxonomy":"category","embeddable":true,"href":"https:\/\/imagazine.it\/home_desk\/wp-json\/wp\/v2\/categories?post=35105"},{"taxonomy":"post_tag","embeddable":true,"href":"https:\/\/imagazine.it\/home_desk\/wp-json\/wp\/v2\/tags?post=35105"}],"curies":[{"name":"wp","href":"https:\/\/api.w.org\/{rel}","templated":true}]}}