{"id":35097,"date":"2020-11-18T00:00:00","date_gmt":"2020-11-17T23:00:00","guid":{"rendered":"https:\/\/imagazine.it\/?p=35097"},"modified":"2020-11-18T00:00:00","modified_gmt":"2020-11-17T23:00:00","slug":"don-pontel-e-bearzot-aiello-celebra-i-cittadini-illustri","status":"publish","type":"post","link":"https:\/\/imagazine.it\/home_desk\/don-pontel-e-bearzot-aiello-celebra-i-cittadini-illustri\/","title":{"rendered":"Don Pontel e Bearzot, Aiello celebra i cittadini illustri"},"content":{"rendered":"<p>Ricorrono in questi ultimi mesi del 2020 due anniversari particolarmente importanti per la comunit\u00e0 di <strong>Aiello del Friuli<\/strong>.<\/p>\n<p>Nel mese di ottobre sono stati ricordati i dieci anni dalla scomparsa di <strong>don Luigi Pontel<\/strong>, nativo e residente ad Aiello del Friuli, personaggio tra i pi\u00f9 importanti della storia post Concilio Vaticano II della Scuola italiana e della Chiesa arcidiocesana di Gorizia. Il 21 dicembre ricorreranno invece i dieci anni dalla morte di <strong>Enzo Bearzot<\/strong>, l&#39;indimenticabile commissario tecnico della Nazionale azzurra di calcio che nel 1982 vinse i Mondiali in Spagna.<\/p>\n<p>Entrambi saranno ricordati, ciascuno con una conferenza online della quale si dar\u00e0 quanto prima riscontro. Inoltre per questi due illustri personaggi ci sar\u00e0 l&#39;intitolazione di qualche luogo significativo del paese, come proposto recentemente e in passato da numerose persone e associazioni locali.<\/p>\n<p>A Enzo Bearzot, visto che \u00e8 stato un grande sportivo, si sta valutando di intitolare la zona sportiva tra Joannis e Aiello, dove si trovano i campi di tennis e di basket. Lo scoprimento della targa (covid-19 permettendo) dovrebbe avvenire proprio il 21 dicembre.<\/p>\n<p>Per don Luigi Pontel si sta invece pensando a un privo abitazioni, per evitare di costringere i residenti a cambiare i documenti: l&#39;ubicazione, pur mancando l\u2019ufficialit\u00e0, pare comunque sia gi\u00e0 stata trovata.<\/p>\n<p>Sul versante sanitario, invece, da luned\u00ec 23 novembre sar\u00e0 nuovamente attivo a pieno regime l&#39;ambulatorio dell&#39;Infermiere di comunit\u00e0. Per garantire la salute di tutti, avr\u00e0 una nuova sede presso l&#39;ambulatorio di via Marconi 2, difronte alle Poste (ex ambulatorio del dottor Lanzafame).<\/p>\n<p><a href=\"http:\/\/imagazinevideotruck.it\/outlet\/relink.html\" target=\"_top\" rel=\"noopener\"><img loading=\"lazy\" decoding=\"async\" align=\"LEFT\" height=\"250\" src=\"http:\/\/imagazinevideotruck.it\/outlet\/outlet30.gif\" width=\"300\" alt=\"\" title=\"\"><\/a><\/p>\n<p>\u00a0<\/p>\n<p>\u00a0<\/p>\n<p>\u00a0<\/p>\n<p>\u00a0<\/p>\n<p>\u00a0<\/p>\n<p>\u00a0<\/p>\n<p>\u00a0<\/p>\n<p>\u00a0<\/p>\n<p>\u00a0<\/p>\n<p>Sar\u00e0 aperto con i seguenti orari: luned\u00ec 12.30-13 ricevimento; marted\u00ec 7.30-8.30 prelievi ematici, 12.30-13 ricevimento; gioved\u00ec 7.30-8.30 prelievi ematici.<\/p>\n<p>Tutte le prestazioni vengono effettuate solo previo appuntamento.<\/p>\n","protected":false},"excerpt":{"rendered":"<p>Prevista l&#8217;intitolazione di aree comunali<\/p>\n","protected":false},"author":22,"featured_media":35098,"comment_status":"closed","ping_status":"closed","sticky":false,"template":"","format":"standard","meta":{"dwc-title":[],"dwc-content":[],"footnotes":""},"categories":[5],"tags":[],"class_list":["post-35097","post","type-post","status-publish","format-standard","has-post-thumbnail","hentry","category-attualita"],"rttpg_featured_image_url":{"full":["https:\/\/imagazine.it\/wp-content\/uploads\/2024\/01\/37008-1.webp",1000,664,false],"landscape":["https:\/\/imagazine.it\/wp-content\/uploads\/2024\/01\/37008-1.webp",1000,664,false],"portraits":["https:\/\/imagazine.it\/wp-content\/uploads\/2024\/01\/37008-1.webp",1000,664,false],"thumbnail":["https:\/\/imagazine.it\/wp-content\/uploads\/2024\/01\/37008-1-150x150.webp",150,150,true],"medium":["https:\/\/imagazine.it\/wp-content\/uploads\/2024\/01\/37008-1-300x199.webp",300,199,true],"large":["https:\/\/imagazine.it\/wp-content\/uploads\/2024\/01\/37008-1.webp",640,425,false],"thumblist":["https:\/\/imagazine.it\/wp-content\/uploads\/2024\/01\/37008-1.webp",300,199,false],"thumbrelated":["https:\/\/imagazine.it\/wp-content\/uploads\/2024\/01\/37008-1.webp",500,332,false],"meccarouselthumb":["https:\/\/imagazine.it\/wp-content\/uploads\/2024\/01\/37008-1.webp",474,315,false],"gridsquare":["https:\/\/imagazine.it\/wp-content\/uploads\/2024\/01\/37008-1.webp",391,260,false],"tileview":["https:\/\/imagazine.it\/wp-content\/uploads\/2024\/01\/37008-1.webp",300,199,false],"1536x1536":["https:\/\/imagazine.it\/wp-content\/uploads\/2024\/01\/37008-1.webp",1000,664,false],"2048x2048":["https:\/\/imagazine.it\/wp-content\/uploads\/2024\/01\/37008-1.webp",1000,664,false],"newsup-slider-full":["https:\/\/imagazine.it\/wp-content\/uploads\/2024\/01\/37008-1.webp",1000,664,false],"newsup-featured":["https:\/\/imagazine.it\/wp-content\/uploads\/2024\/01\/37008-1.webp",1000,664,false],"newsup-medium":["https:\/\/imagazine.it\/wp-content\/uploads\/2024\/01\/37008-1-720x380.webp",720,380,true],"tptn_thumbnail":["https:\/\/imagazine.it\/wp-content\/uploads\/2024\/01\/37008-1.webp",250,166,false],"sow-carousel-default":["https:\/\/imagazine.it\/wp-content\/uploads\/2024\/01\/37008-1-272x182.webp",272,182,true]},"rttpg_author":{"display_name":"Livio Nonis","author_link":"https:\/\/imagazine.it\/home_desk\/author\/nonis\/"},"rttpg_comment":0,"rttpg_category":"<a href=\"https:\/\/imagazine.it\/home_desk\/category\/attualita\/\" rel=\"category tag\">ATTUALIT\u00c0<\/a>","rttpg_excerpt":"Prevista l'intitolazione di aree comunali","_links":{"self":[{"href":"https:\/\/imagazine.it\/home_desk\/wp-json\/wp\/v2\/posts\/35097","targetHints":{"allow":["GET"]}}],"collection":[{"href":"https:\/\/imagazine.it\/home_desk\/wp-json\/wp\/v2\/posts"}],"about":[{"href":"https:\/\/imagazine.it\/home_desk\/wp-json\/wp\/v2\/types\/post"}],"author":[{"embeddable":true,"href":"https:\/\/imagazine.it\/home_desk\/wp-json\/wp\/v2\/users\/22"}],"replies":[{"embeddable":true,"href":"https:\/\/imagazine.it\/home_desk\/wp-json\/wp\/v2\/comments?post=35097"}],"version-history":[{"count":0,"href":"https:\/\/imagazine.it\/home_desk\/wp-json\/wp\/v2\/posts\/35097\/revisions"}],"wp:featuredmedia":[{"embeddable":true,"href":"https:\/\/imagazine.it\/home_desk\/wp-json\/wp\/v2\/media\/35098"}],"wp:attachment":[{"href":"https:\/\/imagazine.it\/home_desk\/wp-json\/wp\/v2\/media?parent=35097"}],"wp:term":[{"taxonomy":"category","embeddable":true,"href":"https:\/\/imagazine.it\/home_desk\/wp-json\/wp\/v2\/categories?post=35097"},{"taxonomy":"post_tag","embeddable":true,"href":"https:\/\/imagazine.it\/home_desk\/wp-json\/wp\/v2\/tags?post=35097"}],"curies":[{"name":"wp","href":"https:\/\/api.w.org\/{rel}","templated":true}]}}